{"id":38237,"date":"2022-01-10T13:45:05","date_gmt":"2022-01-10T13:45:05","guid":{"rendered":"https:\/\/www.ole.com.ar\/futbol-ascenso\/b-nacional\/motoneta-penco-hincha-suba-ilusion_0_pH08r671I.html"},"modified":"2022-01-10T13:45:05","modified_gmt":"2022-01-10T13:45:05","slug":"motoneta-penco-que-el-hincha-se-suba-a-la-ilusion-je","status":"publish","type":"post","link":"http:\/\/cordobadirecto.com\/index.php\/2022\/01\/10\/motoneta-penco-que-el-hincha-se-suba-a-la-ilusion-je\/","title":{"rendered":"Motoneta Penco: &#8220;Que el hincha se suba a la ilusi\u00f3n, je&#8221;"},"content":{"rendered":"<p>No cualquiera tiene potestad suficiente como para entrar a la cancha de<a alt=\"san-martin-de-san-juan\" class=\"slug\" href=\"https:\/\/www.ole.com.ar\/tema\/san-martin-de-san-juan.html\" target=\"_blank\" title=\"san-martin-de-san-juan\" rel=\"noopener\"> San Mart\u00edn de San Juan <\/a>en moto, estacionarse debajo del arco y pedir que le saquen un par de foto. Claro, no cualquiera ostenta la chapa de \u00eddolo, de segundo m\u00e1ximo goleador de la historia del club, de haber convertido<mark> el gol del ascenso en la Promoci\u00f3n 2011 ante Gimnasia y hasta de haber anotado en el hist\u00f3rico 6-1 al Boca de Carlos Bianchi all\u00ed mismo donde posa para la producci\u00f3n de <strong>Ol\u00e9<\/strong><\/mark>.<\/p>\n<div class=\"sp__Normal\">\n<div class=\"image-embeb image-trigger\" readability=\"6\">\n<picture><source media=\"(min-width: 720px)\" srcset=\"http:\/\/cordobadirecto.com\/wp-content\/uploads\/2022\/01\/motoneta-penco-que-el-hincha-se-suba-a-la-ilusion-je.jpg\"><img itemprop=\"image\" src=\"http:\/\/cordobadirecto.com\/wp-content\/uploads\/2022\/01\/motoneta-penco-que-el-hincha-se-suba-a-la-ilusion-je.jpg\" loading=\"lazy\" alt=\"Penco de regreso en San Mart\u00edn de San Juan. Foto: Diario Ol\u00e9.\">\n<\/picture><figcaption readability=\"2\">\n<p>Penco de regreso en San Mart\u00edn de San Juan. Foto: Diario Ol\u00e9.\n<\/p>\n<\/figcaption><\/div>\n<\/div>\n<p><mark>\u201cEstoy muy contento de haber vuelto. Me la paso hablando con la gente del club, recordado los momentos lindos que viv\u00ed ac\u00e1 y de todos los que pidieron mi regreso. Lo vivo con una felicidad enorme\u201d<\/mark>, cuenta <a alt=\"sebastian-penco\" class=\"slug\" href=\"https:\/\/www.ole.com.ar\/tema\/sebastian-penco.html\" target=\"_blank\" title=\"sebastian-penco\" rel=\"noopener\">Sebasti\u00e1n Penco<\/a>, quien con semejante CV ya es todo un emblema en el Verdinegro, equipo que en este 2022 ir\u00e1 por el ansiado ascenso a Primera.<\/p>\n<p>Y la realidad es que este delantero, un 9 de la vieja guardia, algo sabe de alegr\u00edas: subi\u00f3 con <a alt=\"san-martin-de-san-juan\" class=\"slug\" href=\"https:\/\/www.ole.com.ar\/tema\/san-martin-de-san-juan.html\" target=\"_blank\" title=\"san-martin-de-san-juan\" rel=\"noopener\">San Mart\u00edn<\/a> al igual que lo hizo con Almirante (tambi\u00e9n con el gol decisivo) y con Independiente. \u201cVoy a buscar el cuarto ascenso, ojal\u00e1 se d\u00e9. Todos los otros fueron muy dif\u00edciles, y sabemos que \u00e9ste ser\u00e1 un torneo complicado, en el que habr\u00e1 muchos equipos. <strong>Por eso hay que ir de a poco, aunque al hincha le digo que se suba a la ilusi\u00f3n, je<\/strong>\u201d, agrega Motoneta, que con 38 a\u00f1os todav\u00eda tiene la VTV al d\u00eda.<mark>Porque llega de hacer un campa\u00f1\u00f3n con Sport Boys en Per\u00fa, club en el que anot\u00f3 26 goles y consigui\u00f3 la hist\u00f3rica clasificaci\u00f3n a la pr\u00f3xima Sudamericana.<\/mark> <strong>Sub\u00ed y agarrate, San Mart\u00edn&#8230;<\/strong><\/p>\n<p><strong>-Se te nota contento por este retorno, \u00bfpero vos hubieses preferido volver mucho antes?<\/strong><\/p>\n<p>-Y bueno, lo quiso as\u00ed el destino. Quiz\u00e1 quise volver en otras oportunidades y no se dio, pero nunca me lo reproch\u00e9. <mark>La vida quiso que hoy tenga la chance de volver, de tener mi segundo paso por el club y eso me deja muy contento. <\/mark>Para m\u00ed es algo lindo ir temprano a entrenar con esa felicidad, me genera mucho entusiasmo.<\/p>\n<div class=\"sp__Normal\">\n<div class=\"image-embeb image-trigger\" readability=\"6.5\">\n<picture><source media=\"(min-width: 720px)\" srcset=\"http:\/\/cordobadirecto.com\/wp-content\/uploads\/2022\/01\/motoneta-penco-que-el-hincha-se-suba-a-la-ilusion-je-1.jpg\"><img itemprop=\"image\" src=\"http:\/\/cordobadirecto.com\/wp-content\/uploads\/2022\/01\/motoneta-penco-que-el-hincha-se-suba-a-la-ilusion-je-1.jpg\" loading=\"lazy\" alt=\"Penco, en uno de sus 26 goles en Sport Boys. Foto: Prensa FPF.\">\n<\/picture><figcaption readability=\"3\">\n<p>Penco, en uno de sus 26 goles en Sport Boys. Foto: Prensa FPF.\n<\/p>\n<\/figcaption><\/div>\n<\/div>\n<p><strong>-M\u00e1s all\u00e1 de tu edad, en tu \u00faltimo paso por el f\u00fatbol peruano demostraste que est\u00e1s vigente y fuiste importante en Sport Boys. \u00bfPor qu\u00e9 te fuiste?<\/strong><\/p>\n<p>-Fueron dos a\u00f1os y medio en los que logramos salvar al club del descenso dos veces y el a\u00f1o pasado conseguimos la clasificaci\u00f3n hist\u00f3rica a la Sudamericana, con los \u00faltimos dos goles m\u00edos que fueron important\u00edsimos. <mark>Y la verdad es que me doli\u00f3 mucho mi salida. S\u00e9 que fue por un cambio en la administraci\u00f3n del club y un poco por el entrenador de arqueros que dejaron como t\u00e9cnico&#8230; <\/mark>Son cosas que pasan en el f\u00fatbol. Pero bueno, yo siempre miro hacia adelante y el destino me regal\u00f3 esta posibilidad de volver a<a alt=\"san-martin-de-san-juan\" class=\"slug\" href=\"https:\/\/www.ole.com.ar\/tema\/san-martin-de-san-juan.html\" target=\"_blank\" title=\"san-martin-de-san-juan\" rel=\"noopener\"> San Mart\u00edn <\/a>y a San Juan, que es una provincia que quiero mucho y donde siempre quiero estar. <strong>De hecho, ac\u00e1 me voy a radicar con mi familia.<\/strong><\/p>\n<p><strong>-\u00bfCon qu\u00e9 jugador se va a reencontrar el hincha?<\/strong><\/p>\n<p>-Con un delantero experimentado. Todos saben que yo soy un 9 de \u00e1rea, que tengo que ser asistido por mis compa\u00f1eros pero que a su vez me comprometo para ayudar al equipo cuando me necesite.<mark> He visto que muchos 9 de \u00e1rea est\u00e1n vigentes, como Mariano Pavone en Quilmes, que hizo las cosas muy bien en el \u00faltimo torneo.<\/mark> Creo que somos jugadores muy parecidos as\u00ed que tengo mucha confianza para lo que viene&#8230;<\/p>\n<div class=\"sp__Normal\">\n<div class=\"image-embeb image-trigger\" readability=\"6.5\">\n<picture><source media=\"(min-width: 720px)\" srcset=\"http:\/\/cordobadirecto.com\/wp-content\/uploads\/2022\/01\/motoneta-penco-que-el-hincha-se-suba-a-la-ilusion-je-2.jpg\"><img itemprop=\"image\" src=\"http:\/\/cordobadirecto.com\/wp-content\/uploads\/2022\/01\/motoneta-penco-que-el-hincha-se-suba-a-la-ilusion-je-2.jpg\" loading=\"lazy\" alt=\"Penco elogi\u00f3 a Pavone, tras su \u00faltimo torneo en Quilmes. PRENSA QUILMES\">\n<\/picture><figcaption readability=\"3\">\n<p>Penco elogi\u00f3 a Pavone, tras su \u00faltimo torneo en Quilmes. PRENSA QUILMES\n<\/p>\n<\/figcaption><\/div>\n<\/div>\n<p><strong>-El puesto de delantero fue mutando y ahora los t\u00e9cnicos se inclinan por otro biotipo de atacante, m\u00e1s polifuncional. \u00bfLo ves as\u00ed?<\/strong><\/p>\n<p>-Claro, a ver&#8230; <mark>La Selecci\u00f3n Argentina jug\u00f3 sin un 9 de \u00e1rea y se tuvo que volver de un Mundial, eh&#8230; <\/mark>En alg\u00fan momento tambi\u00e9n hubo quienes quisieron sacar a los enganches, pero creo que todos los equipos necesitan a un jugador desequilibrante y a un delantero como los de antes: que termine las jugadas y que en el \u00e1rea meta presi\u00f3n. Pero bueno, cada uno tiene su librito&#8230;<\/p>\n<p><strong>-Tambi\u00e9n es verdad que el f\u00fatbol cambi\u00f3 y no es igual que hace 10 a\u00f1os. \u00bfQu\u00e9 delantero te gusta de la nueva camada?<\/strong><\/p>\n<p>&#8211;<mark>Bueno, Juli\u00e1n \u00c1lvarez hoy en d\u00eda es el delantero m\u00e1s completo del f\u00fatbol argentino.<\/mark> Adem\u00e1s de ser un tremendo goleador, tambi\u00e9n est\u00e1 en todas las jugadas y participa. Un fen\u00f3meno.<\/p>\n<div class=\"sp__Normal\">\n<div class=\"image-embeb image-trigger\" readability=\"6.5\">\n<picture><source media=\"(min-width: 720px)\" srcset=\"http:\/\/cordobadirecto.com\/wp-content\/uploads\/2022\/01\/motoneta-penco-que-el-hincha-se-suba-a-la-ilusion-je-3.jpg\"><img itemprop=\"image\" src=\"http:\/\/cordobadirecto.com\/wp-content\/uploads\/2022\/01\/motoneta-penco-que-el-hincha-se-suba-a-la-ilusion-je-3.jpg\" loading=\"lazy\" alt=\"Juli\u00e1n \u00c1lvarez, el mejor punta para Penco (@LigaAFA).\">\n<\/picture><figcaption readability=\"3\">\n<p>Juli\u00e1n \u00c1lvarez, el mejor punta para Penco (@LigaAFA).\n<\/p>\n<\/figcaption><\/div>\n<\/div>\n<p><strong>-\u00bfEstuviste siguiendo a la Primera Nacional? \u00bfCon qu\u00e9 torneo te vas a encontrar?<\/strong><\/p>\n<p>-S\u00ed, claro. Y vi que todo es pum para arriba&#8230; Tirar la pelota y fajarse con los defensores. Hay poco juego, poca elaboraci\u00f3n. <mark>Por eso yo creo que el que intente jugar va a ser protagonista este a\u00f1o. Esperemos que sea m\u00e1s vistoso para los hinchas&#8230;<\/mark><\/p>\n<div class=\"sp__Normal\">\n<div class=\"image-embeb image-trigger\" readability=\"6.5\">\n<picture><source media=\"(min-width: 720px)\" srcset=\"http:\/\/cordobadirecto.com\/wp-content\/uploads\/2022\/01\/motoneta-penco-que-el-hincha-se-suba-a-la-ilusion-je-4.jpg\"><img itemprop=\"image\" src=\"http:\/\/cordobadirecto.com\/wp-content\/uploads\/2022\/01\/motoneta-penco-que-el-hincha-se-suba-a-la-ilusion-je-4.jpg\" loading=\"lazy\" alt=\"Penco, con la Motoneta en su h\u00e1bitat: el arco.\">\n<\/picture><figcaption readability=\"3\">\n<p>Penco, con la Motoneta en su h\u00e1bitat: el arco.\n<\/p>\n<\/figcaption><\/div>\n<\/div>\n<p><strong>-\u00bfSan Mart\u00edn va a intentar ser protagonista en este 2022?<\/strong><\/p>\n<p>-\u00a1Obvio! Eso es lo que me ilusiona y voy a disfrutar de poder jugar otra vez ante los hinchas que me quieren ac\u00e1 en San Juan. Ojal\u00e1 que yo pueda acompa\u00f1ar con mis goles para hacernos fuertes de local. Porque para ser protagonista ten\u00e9s que ganar todos los partidos en tu casa, y despu\u00e9s sumar de visitante. Eso es as\u00ed.<\/p>\n<p><strong>-Ten\u00e9s 46 goles y est\u00e1s a 20 de Pablo Marini, el m\u00e1ximo artillero contempor\u00e1neo. \u00bfLlegar\u00e1s?<\/strong><\/p>\n<p>-El sue\u00f1o siempre est\u00e1. Haciendo un buen torneo y con la ayuda de mis compa\u00f1eros tal vez se pueda lograr. Pero de todas maneras no es \u00e9sa mi meta: lo que m\u00e1s quiero es que nos vaya bien en lo grupal. Lograr el ascenso ser\u00eda coronar mi carrera con una alegr\u00eda gigante. Pero como dijo Mostaza Merlo, vamos paso a paso&#8230;<\/p>\n<h2>Su charla con Ricardo Gareca en Per\u00fa<\/h2>\n<p>&#8220;<mark>Nos juntamos a trav\u00e9s de un conocido en com\u00fan y charlamos de todo. La verdad que el Tigres es un fen\u00f3meno, sabe un mont\u00f3n de f\u00fatbol y tiene una humildad b\u00e1rbara.<\/mark> Se sorprendi\u00f3 que Sport Boys no me retuviera, pero a su vez me dese\u00f3 lo mejor en este nuevo ciclo en San Mart\u00edn de San Juan&#8221;, cont\u00f3 <a alt=\"sebastian-penco\" class=\"slug\" href=\"https:\/\/www.ole.com.ar\/tema\/sebastian-penco.html\" target=\"_blank\" title=\"sebastian-penco\" rel=\"noopener\">Penco <\/a>sobre el meeting con el DT de la selecci\u00f3n de Per\u00fa.<\/p>\n<div class=\"sp__Normal\">\n<div class=\"image-embeb image-trigger\" readability=\"6.5\">\n<picture><source media=\"(min-width: 720px)\" srcset=\"http:\/\/cordobadirecto.com\/wp-content\/uploads\/2022\/01\/motoneta-penco-que-el-hincha-se-suba-a-la-ilusion-je-5.jpg\"><img itemprop=\"image\" src=\"http:\/\/cordobadirecto.com\/wp-content\/uploads\/2022\/01\/motoneta-penco-que-el-hincha-se-suba-a-la-ilusion-je-5.jpg\" loading=\"lazy\" alt=\"Penco y el encuentro con Ricardo Gareca, DT de la selecci\u00f3n de Per\u00fa.\">\n<\/picture><figcaption readability=\"3\">\n<p>Penco y el encuentro con Ricardo Gareca, DT de la selecci\u00f3n de Per\u00fa.\n<\/p>\n<\/figcaption><\/div>\n<\/div>\n<div class=\"entry-tags\">\n<h2>TEMAS QUE APARECEN EN ESTA NOTA<\/h2>\n<\/p><\/div>\n","protected":false},"excerpt":{"rendered":"<p>No cualquiera tiene potestad suficiente como para entrar a la cancha de San Mart\u00edn de San Juan en moto, estacionarse debajo del arco y pedir que le saquen un par de foto. Claro, no cualquiera ostenta la chapa de \u00eddolo, de segundo m\u00e1ximo goleador de la historia del club, de haber convertido el gol del [&hellip;]<\/p>\n","protected":false},"author":1,"featured_media":38238,"comment_status":"closed","ping_status":"closed","sticky":false,"template":"","format":"standard","meta":[],"categories":[21],"tags":[],"_links":{"self":[{"href":"http:\/\/cordobadirecto.com\/index.php\/wp-json\/wp\/v2\/posts\/38237"}],"collection":[{"href":"http:\/\/cordobadirecto.com\/index.php\/wp-json\/wp\/v2\/posts"}],"about":[{"href":"http:\/\/cordobadirecto.com\/index.php\/wp-json\/wp\/v2\/types\/post"}],"author":[{"embeddable":true,"href":"http:\/\/cordobadirecto.com\/index.php\/wp-json\/wp\/v2\/users\/1"}],"replies":[{"embeddable":true,"href":"http:\/\/cordobadirecto.com\/index.php\/wp-json\/wp\/v2\/comments?post=38237"}],"version-history":[{"count":0,"href":"http:\/\/cordobadirecto.com\/index.php\/wp-json\/wp\/v2\/posts\/38237\/revisions"}],"wp:featuredmedia":[{"embeddable":true,"href":"http:\/\/cordobadirecto.com\/index.php\/wp-json\/wp\/v2\/media\/38238"}],"wp:attachment":[{"href":"http:\/\/cordobadirecto.com\/index.php\/wp-json\/wp\/v2\/media?parent=38237"}],"wp:term":[{"taxonomy":"category","embeddable":true,"href":"http:\/\/cordobadirecto.com\/index.php\/wp-json\/wp\/v2\/categories?post=38237"},{"taxonomy":"post_tag","embeddable":true,"href":"http:\/\/cordobadirecto.com\/index.php\/wp-json\/wp\/v2\/tags?post=38237"}],"curies":[{"name":"wp","href":"https:\/\/api.w.org\/{rel}","templated":true}]}}