{"id":38255,"date":"2022-01-10T14:56:00","date_gmt":"2022-01-10T14:56:00","guid":{"rendered":"http:\/\/cordobadirecto.com\/index.php\/2022\/01\/10\/papa-francisco-las-vacunas-son-la-solucion-mas-razonable-contra-el-coronavirus\/"},"modified":"2022-01-10T14:56:00","modified_gmt":"2022-01-10T14:56:00","slug":"papa-francisco-las-vacunas-son-la-solucion-mas-razonable-contra-el-coronavirus","status":"publish","type":"post","link":"http:\/\/cordobadirecto.com\/index.php\/2022\/01\/10\/papa-francisco-las-vacunas-son-la-solucion-mas-razonable-contra-el-coronavirus\/","title":{"rendered":"Papa Francisco: las vacunas son &#8220;la soluci\u00f3n m\u00e1s razonable&#8221; contra el coronavirus"},"content":{"rendered":"<figure class=\"mb-3\"><img loading=\"lazy\" src=\"http:\/\/cordobadirecto.com\/wp-content\/uploads\/2022\/01\/papa-francisco-las-vacunas-son-la-solucion-mas-razonable-contra-el-coronavirus.jpg\" width=\"100%\" height=\"100%\" alt=\"El papa Francisco plante que las vacunas son la solucin ms razonable contra el coronavirus Foto AFP\"><figcaption> El papa Francisco plante\u00f3 que las vacunas son &#8220;la soluci\u00f3n m\u00e1s razonable&#8221; contra el coronavirus. Foto: AFP <\/figcaption><\/figure>\n<p>El papa Francisco plante\u00f3 este lunes que las vacunas son &#8220;la soluci\u00f3n m\u00e1s razonable&#8221; contra el coronavirus y dijo que recibirlas es &#8220;una obligaci\u00f3n moral&#8221;, al dar su tradicional mensaje a los diplom\u00e1ticos acreditados en el Vaticano, frente a quienes tambi\u00e9n lament\u00f3 las &#8220;desigualdades profundas, las injusticias y la corrupci\u00f3n end\u00e9mica&#8221; que hay en Am\u00e9rica.<\/p>\n<p>En un discurso en el que repas\u00f3 varios de los conflictos abiertos a nivel mundial, el Papa pidi\u00f3 adem\u00e1s <strong>por los migrantes y el cuidado de la Tierra<\/strong>, al tiempo que advirti\u00f3 por los riesgos de la denominada &#8220;cultura de la cancelaci\u00f3n&#8221; que podr\u00eda derivar en &#8220;un pensamiento \u00fanico&#8221;.<\/p>\n<p>&#8220;Hemos podido constatar que en los lugares donde se ha llevado adelante una campa\u00f1a de vacunaci\u00f3n eficaz, ha disminuido el riesgo de un avance grave de la enfermedad&#8221;, asever\u00f3 el pont\u00edfice <strong>en el tradicional encuentro con el que abre el a\u00f1o pol\u00edtico de la Santa Sede<\/strong> frente a representantes de los 183 estados con relaciones con el Vaticano.<\/p>\n<blockquote class><p>&#8220;Todos tenemos la responsabilidad de cuidar de nosotros mismos y de nuestra salud, lo que se traduce tambi\u00e9n en el respeto por la salud de quien est\u00e1 cerca de nosotros&#8221;<cite class=\"author\">Papa Francisco<\/cite><\/p><\/blockquote>\n<p>As\u00ed, para el Papa, &#8220;es importante que se contin\u00faen los esfuerzos para inmunizar a la poblaci\u00f3n lo m\u00e1s que se pueda&#8221;, en un marco en el que la tarea &#8220;requiere un m\u00faltiple compromiso a nivel personal, pol\u00edtico y de la comunidad internacional en su conjunto&#8221;.<\/p>\n<p><strong>En el plano personal,<\/strong> seg\u00fan Jorge Bergoglio, &#8220;todos tenemos la responsabilidad de cuidar de nosotros mismos y de nuestra salud, lo que se traduce tambi\u00e9n en el respeto por la salud de quien est\u00e1 cerca de nosotros&#8221;.<\/p>\n<blockquote class=\"twitter-tweet\" readability=\"9.4840989399293\">\n<p lang=\"es\" dir=\"ltr\">La cuesti\u00f3n migratoria, como tambi\u00e9n la pandemia y el cambio clim\u00e1tico, muestran claramente que nadie se puede salvar por s\u00ed mismo, es decir, que los grandes desaf\u00edos de nuestro tiempo son todos globales. <a href=\"https:\/\/t.co\/O3vGAJDRW3\">https:\/\/t.co\/O3vGAJDRW3<\/a><\/p>\n<p>\u2014 Papa Francisco (@Pontifex_es) <a href=\"https:\/\/twitter.com\/Pontifex_es\/status\/1480518535633899520?ref_src=twsrc%5Etfw\">January 10, 2022<\/a><\/p><\/blockquote>\n<p>En el inicio de un mensaje con fuerte \u00e9nfasis <strong>en las ventajas de la inmunizaci\u00f3n contra la Covid-19<\/strong>, el Papa asever\u00f3 que <strong>&#8220;el cuidado de la salud constituye una obligaci\u00f3n moral&#8221;.<\/strong><\/p>\n<p>&#8220;Muchas veces nos dejamos influenciar por la ideolog\u00eda del momento, a menudo basada en noticias sin fundamento o en hechos poco documentados&#8221;, agreg\u00f3 luego, en lo que se ley\u00f3 como una cr\u00edtica a los movimientos antivacunas.<\/p>\n<blockquote class><p>&#8220;Hemos podido constatar que en los lugares donde se ha llevado adelante una campa\u00f1a de vacunaci\u00f3n eficaz, ha disminuido el riesgo de un avance grave de la enfermedad&#8221;<cite class=\"author\">Papa Francisco<\/cite><\/p><\/blockquote>\n<p>Para el Papa, entonces, &#8220;toda afirmaci\u00f3n ideol\u00f3gica cercena los v\u00ednculos que la raz\u00f3n humana tiene con la realidad objetiva de las cosas&#8221;.<\/p>\n<p>&#8220;Las vacunas no son instrumentos m\u00e1gicos de curaci\u00f3n, sino que representan ciertamente, junto con los tratamientos que se est\u00e1n desarrollando, la soluci\u00f3n m\u00e1s razonable para la prevenci\u00f3n de la enfermedad&#8221;, sentenci\u00f3 en esa direcci\u00f3n.<\/p>\n<p>En su discurso, Francisco plante\u00f3 que adem\u00e1s del plano personal, &#8220;la pol\u00edtica debe comprometerse a buscar el bien de la poblaci\u00f3n por medio de decisiones de prevenci\u00f3n e inmunizaci\u00f3n, que interpelen tambi\u00e9n a los ciudadanos para que puedan sentirse part\u00edcipes y responsables&#8221;.<\/p>\n<p>El Papa, de 85 a\u00f1os y que ya recibi\u00f3 tres dosis de vacuna, reclam\u00f3 en esa l\u00ednea &#8220;una comunicaci\u00f3n transparente de las problem\u00e1ticas y de las medidas id\u00f3neas para afrontarlas&#8221;, al tiempo que lament\u00f3 que &#8220;la falta de firmeza en las decisiones y de claridad comunicativa genera confusi\u00f3n, crea desconfianza y amenaza la cohesi\u00f3n social, alimentando nuevas tensiones&#8221;.<\/p>\n<p>Por esa v\u00eda, dijo, &#8220;se instaura un relativismo social que hiere la armon\u00eda y la unidad&#8221;.<\/p>\n<h2 class>Lamento por las desigualdades<\/h2>\n<p>Como tercer eje, el pont\u00edfice renov\u00f3 sus llamados a la comunidad internacional &#8220;para que toda la poblaci\u00f3n mundial pueda acceder de la misma manera a los tratamientos m\u00e9dicos esenciales y a las vacunas&#8221;.<\/p>\n<p>Adem\u00e1s, desde la denominada Aula de las Bendiciones del Palacio Apost\u00f3lico vaticano, reclam\u00f3 &#8220;que las reglas monop\u00f3licas no constituyan ulteriores obst\u00e1culos a la producci\u00f3n&#8221; de f\u00e1rmacos.<\/p>\n<p>Frente a representantes de todo el mundo, el primer Papa latinoamericano de la historia se refiri\u00f3 a su continente natal y lament\u00f3 que &#8220;las desigualdades profundas, las injusticias y la corrupci\u00f3n end\u00e9mica, as\u00ed como las diversas formas de pobreza que ofenden la dignidad de las personas, tambi\u00e9n siguen alimentando los conflictos sociales en el continente americano&#8221;.<\/p>\n<p>En Am\u00e9rica, continu\u00f3 el Papa, <strong>&#8220;la polarizaci\u00f3n cada vez m\u00e1s fuerte no ayuda a resolver los problemas reales y urgentes de los ciudadanos, especialmente de los m\u00e1s pobres y vulnerables&#8221;<\/strong>.<\/p>\n<p>Tras recordar los tres viajes que hizo en 2021 y antes de referirse a varios conflictos abiertos en el mundo, el Papa plante\u00f3 que la problem\u00e1tica de la inmigraci\u00f3n tambi\u00e9n est\u00e1 presente en Am\u00e9rica.<\/p>\n<p>&#8220;Tampoco debemos olvidar los \u00e9xodos masivos que afectan al continente americano y que crean presi\u00f3n en la frontera entre M\u00e9xico y Estados Unidos de Am\u00e9rica&#8221;, sostuvo.<\/p>\n","protected":false},"excerpt":{"rendered":"<p>El papa Francisco plante\u00f3 que las vacunas son &#8220;la soluci\u00f3n m\u00e1s razonable&#8221; contra el coronavirus. Foto: AFP El papa Francisco plante\u00f3 este lunes que las vacunas son &#8220;la soluci\u00f3n m\u00e1s razonable&#8221; contra el coronavirus y dijo que recibirlas es &#8220;una obligaci\u00f3n moral&#8221;, al dar su tradicional mensaje a los diplom\u00e1ticos acreditados en el Vaticano, frente [&hellip;]<\/p>\n","protected":false},"author":1,"featured_media":38256,"comment_status":"closed","ping_status":"closed","sticky":false,"template":"","format":"standard","meta":[],"categories":[24],"tags":[],"_links":{"self":[{"href":"http:\/\/cordobadirecto.com\/index.php\/wp-json\/wp\/v2\/posts\/38255"}],"collection":[{"href":"http:\/\/cordobadirecto.com\/index.php\/wp-json\/wp\/v2\/posts"}],"about":[{"href":"http:\/\/cordobadirecto.com\/index.php\/wp-json\/wp\/v2\/types\/post"}],"author":[{"embeddable":true,"href":"http:\/\/cordobadirecto.com\/index.php\/wp-json\/wp\/v2\/users\/1"}],"replies":[{"embeddable":true,"href":"http:\/\/cordobadirecto.com\/index.php\/wp-json\/wp\/v2\/comments?post=38255"}],"version-history":[{"count":0,"href":"http:\/\/cordobadirecto.com\/index.php\/wp-json\/wp\/v2\/posts\/38255\/revisions"}],"wp:featuredmedia":[{"embeddable":true,"href":"http:\/\/cordobadirecto.com\/index.php\/wp-json\/wp\/v2\/media\/38256"}],"wp:attachment":[{"href":"http:\/\/cordobadirecto.com\/index.php\/wp-json\/wp\/v2\/media?parent=38255"}],"wp:term":[{"taxonomy":"category","embeddable":true,"href":"http:\/\/cordobadirecto.com\/index.php\/wp-json\/wp\/v2\/categories?post=38255"},{"taxonomy":"post_tag","embeddable":true,"href":"http:\/\/cordobadirecto.com\/index.php\/wp-json\/wp\/v2\/tags?post=38255"}],"curies":[{"name":"wp","href":"https:\/\/api.w.org\/{rel}","templated":true}]}}