{"id":38259,"date":"2022-01-10T02:31:55","date_gmt":"2022-01-10T02:31:55","guid":{"rendered":"http:\/\/cordobadirecto.com\/index.php\/2022\/01\/10\/se-pone-en-marcha-nueva-etapa-de-precios-cuidados-la-capital\/"},"modified":"2022-01-10T02:31:55","modified_gmt":"2022-01-10T02:31:55","slug":"se-pone-en-marcha-nueva-etapa-de-precios-cuidados-la-capital","status":"publish","type":"post","link":"http:\/\/cordobadirecto.com\/index.php\/2022\/01\/10\/se-pone-en-marcha-nueva-etapa-de-precios-cuidados-la-capital\/","title":{"rendered":"Se pone en marcha <b>nueva<\/b> etapa de Precios Cuidados &#8211; La Capital"},"content":{"rendered":"<p>Di\u00e1logo. El ministro de <b>Econom\u00eda<\/b>, Mart\u00edn Guzm\u00e1n, encabez\u00f3 una reuni\u00f3n con empresarios y. El gobierno acelera las gestiones para renovar el acuerdo de&nbsp;&#8230; <\/p>\n","protected":false},"excerpt":{"rendered":"<p>Di\u00e1logo. El ministro de Econom\u00eda, Mart\u00edn Guzm\u00e1n, encabez\u00f3 una reuni\u00f3n con empresarios y. El gobierno acelera las gestiones para renovar el acuerdo de&nbsp;&#8230;<\/p>\n","protected":false},"author":1,"featured_media":0,"comment_status":"closed","ping_status":"closed","sticky":false,"template":"","format":"standard","meta":[],"categories":[40],"tags":[],"_links":{"self":[{"href":"http:\/\/cordobadirecto.com\/index.php\/wp-json\/wp\/v2\/posts\/38259"}],"collection":[{"href":"http:\/\/cordobadirecto.com\/index.php\/wp-json\/wp\/v2\/posts"}],"about":[{"href":"http:\/\/cordobadirecto.com\/index.php\/wp-json\/wp\/v2\/types\/post"}],"author":[{"embeddable":true,"href":"http:\/\/cordobadirecto.com\/index.php\/wp-json\/wp\/v2\/users\/1"}],"replies":[{"embeddable":true,"href":"http:\/\/cordobadirecto.com\/index.php\/wp-json\/wp\/v2\/comments?post=38259"}],"version-history":[{"count":0,"href":"http:\/\/cordobadirecto.com\/index.php\/wp-json\/wp\/v2\/posts\/38259\/revisions"}],"wp:attachment":[{"href":"http:\/\/cordobadirecto.com\/index.php\/wp-json\/wp\/v2\/media?parent=38259"}],"wp:term":[{"taxonomy":"category","embeddable":true,"href":"http:\/\/cordobadirecto.com\/index.php\/wp-json\/wp\/v2\/categories?post=38259"},{"taxonomy":"post_tag","embeddable":true,"href":"http:\/\/cordobadirecto.com\/index.php\/wp-json\/wp\/v2\/tags?post=38259"}],"curies":[{"name":"wp","href":"https:\/\/api.w.org\/{rel}","templated":true}]}}