{"id":38266,"date":"2022-01-11T01:38:45","date_gmt":"2022-01-11T01:38:45","guid":{"rendered":"https:\/\/puntoapunto.com.ar\/?p=320590"},"modified":"2022-01-11T01:38:45","modified_gmt":"2022-01-11T01:38:45","slug":"temporada-de-verano-como-estan-los-niveles-de-ocupacion-hotelera-en-cordoba","status":"publish","type":"post","link":"http:\/\/cordobadirecto.com\/index.php\/2022\/01\/11\/temporada-de-verano-como-estan-los-niveles-de-ocupacion-hotelera-en-cordoba\/","title":{"rendered":"Temporada de verano: c\u00f3mo est\u00e1n los niveles de ocupaci\u00f3n hotelera en C\u00f3rdoba"},"content":{"rendered":"<div><img src=\"http:\/\/cordobadirecto.com\/wp-content\/uploads\/2022\/01\/temporada-de-verano-como-estan-los-niveles-de-ocupacion-hotelera-en-cordoba.jpg\" class=\"ff-og-image-inserted\"><\/div>\n<p>En plena temporada de verano, la provincia de C\u00f3rdoba se posiciona como uno de los destinos tur\u00edsticos elegidos para vacacionar. Hasta el momento registr\u00f3 una ocupaci\u00f3n hotelera del 80%,&nbsp; <strong>el gasto promedio por d\u00eda por persona es del $5250 y el promedio de pernoctes es de 5 d\u00edas.<\/strong><\/p>\n<p>En este sentido el Presidente de la Agencia C\u00f3rdoba Turismo,&nbsp;<strong>Esteban Avil\u00e9s<\/strong>&nbsp;destac\u00f3:&nbsp;\u201cHemos trabajado mucho para tener esta temporada, y en este primer relevamiento notamos un gran flujo tur\u00edstico y un importante nivel de ocupaci\u00f3n,&nbsp;<strong>superando el 80% promedio, con picos del 97% en algunos destinos.<\/strong>&nbsp;De acuerdo a lo informado por las Secretar\u00edas de Turismo&nbsp;<strong>el gasto promedio por d\u00eda por persona es del $5250<\/strong>, y el&nbsp;<strong>promedio de pernoctes es de 5 d\u00edas.<\/strong>&nbsp;Respecto del origen, los turistas vienen de todo el pa\u00eds pero mayoritariamente de&nbsp;<strong>Buenos Aires, CABA y Santa Fe, y por supuesto los propios cordobeses<\/strong>\u201d.<\/p>\n<p>\u201cLa ocupaci\u00f3n es muy buena este fin de semana, con algunas reprogramaciones en las estad\u00edas y bastantes turistas que llegan a la provincia sin reservas. Esto es fruto de un esfuerzo colectivo, no s\u00f3lo hemos fortalecido el sistema sanitario, con testeos, vacunatorios y hospitales modulares sino que tambi\u00e9n seguimos invirtiendo en jerarquizar nuestras propuestas y recursos\u201d,&nbsp;agreg\u00f3 Avil\u00e9s.<\/p>\n<h4><b>La ocupaci\u00f3n por localidad<\/b><\/h4>\n<p>En el <strong>Valle de Calamuchita, Villa General Belgrano tiene un 95% de sus plazas ocupadas<\/strong>, con los alojamientos m\u00e1s categorizados a pleno, <strong>en Santa Rosa de Calamuchita el promedio es del 97 %<\/strong>,&nbsp;mientras que en Villa Rumipal, Embalse y Los Reartes llegan al 92%.<\/p>\n<p>En la zona de Punilla<strong>, Villa Carlos Paz supera el 72% de ocupaci\u00f3n, Valle Hermoso el 86% y Villa Giardino el 91%<\/strong>.&nbsp;En el Valle de Traslasierra, la ciudad de Mina Clavero tiene en el 95% de camas ocupadas, mientras que Nono el 97% y San Javier y Yacanto registra el 87% de sus plazas<\/p>\n<p>En las<strong> Sierras Chicas y el Norte Cordob\u00e9s Jes\u00fas Mar\u00eda, con el festival en marcha, tiene ocupadas el 79%<\/strong> de las plazas&nbsp; y R\u00edo Ceballos el 74%. En Ansenuza, Miramar se acerca a un 92% de sus alojamientos disponibles.<\/p>\n","protected":false},"excerpt":{"rendered":"<p>En plena temporada de verano, la provincia de C\u00f3rdoba se posiciona como uno de los destinos tur\u00edsticos elegidos para vacacionar. Hasta el momento registr\u00f3 una ocupaci\u00f3n hotelera del 80%,&nbsp; el gasto promedio por d\u00eda por persona es del $5250 y el promedio de pernoctes es de 5 d\u00edas. En este sentido el Presidente de la [&hellip;]<\/p>\n","protected":false},"author":1,"featured_media":38267,"comment_status":"closed","ping_status":"closed","sticky":false,"template":"","format":"standard","meta":[],"categories":[25,22],"tags":[],"_links":{"self":[{"href":"http:\/\/cordobadirecto.com\/index.php\/wp-json\/wp\/v2\/posts\/38266"}],"collection":[{"href":"http:\/\/cordobadirecto.com\/index.php\/wp-json\/wp\/v2\/posts"}],"about":[{"href":"http:\/\/cordobadirecto.com\/index.php\/wp-json\/wp\/v2\/types\/post"}],"author":[{"embeddable":true,"href":"http:\/\/cordobadirecto.com\/index.php\/wp-json\/wp\/v2\/users\/1"}],"replies":[{"embeddable":true,"href":"http:\/\/cordobadirecto.com\/index.php\/wp-json\/wp\/v2\/comments?post=38266"}],"version-history":[{"count":0,"href":"http:\/\/cordobadirecto.com\/index.php\/wp-json\/wp\/v2\/posts\/38266\/revisions"}],"wp:featuredmedia":[{"embeddable":true,"href":"http:\/\/cordobadirecto.com\/index.php\/wp-json\/wp\/v2\/media\/38267"}],"wp:attachment":[{"href":"http:\/\/cordobadirecto.com\/index.php\/wp-json\/wp\/v2\/media?parent=38266"}],"wp:term":[{"taxonomy":"category","embeddable":true,"href":"http:\/\/cordobadirecto.com\/index.php\/wp-json\/wp\/v2\/categories?post=38266"},{"taxonomy":"post_tag","embeddable":true,"href":"http:\/\/cordobadirecto.com\/index.php\/wp-json\/wp\/v2\/tags?post=38266"}],"curies":[{"name":"wp","href":"https:\/\/api.w.org\/{rel}","templated":true}]}}