{"id":38277,"date":"2022-01-11T10:36:00","date_gmt":"2022-01-11T10:36:00","guid":{"rendered":"http:\/\/cordobadirecto.com\/index.php\/2022\/01\/11\/a-los-65-anos-murio-en-italia-el-presidente-del-parlamento-europeo\/"},"modified":"2022-01-11T10:36:00","modified_gmt":"2022-01-11T10:36:00","slug":"a-los-65-anos-murio-en-italia-el-presidente-del-parlamento-europeo","status":"publish","type":"post","link":"http:\/\/cordobadirecto.com\/index.php\/2022\/01\/11\/a-los-65-anos-murio-en-italia-el-presidente-del-parlamento-europeo\/","title":{"rendered":"A los 65 a\u00f1os, muri\u00f3 en Italia el presidente del Parlamento Europeo"},"content":{"rendered":"<figure class=\"mb-3\"><img loading=\"lazy\" src=\"http:\/\/cordobadirecto.com\/wp-content\/uploads\/2022\/01\/a-los-65-anos-murio-en-italia-el-presidente-del-parlamento-europeo.jpg\" width=\"100%\" height=\"100%\" alt=\"DavidMaria Sassoli falleci este martes\"><figcaption> David-Maria Sassoli falleci\u00f3 este martes. <\/figcaption><\/figure>\n<p>El socialdem\u00f3crata italiano David-Maria Sassoli, presidente del Parlamento Europeo desde julio de 2019, <strong>falleci\u00f3 esta madrugada en Italia, a los 65 a\u00f1os, tras m\u00e1s de dos semanas internado por complicaciones asociadas a una disfunci\u00f3n en el sistema inmunitario.<\/strong><\/p>\n<p>&#8220;El presidente del Parlamento Europeo, David Sassoli, ha fallecido a las 1.15 horas del 11 de enero en el hospital de Aviano, Italia, donde estaba hospitalizado&#8221;, anunci\u00f3 a trav\u00e9s de Twitter su hist\u00f3rico vocero, Roberto Cuillo.<\/p>\n<p>Cuillo agreg\u00f3 que &#8220;la fecha y el lugar del funeral se comunicar\u00e1n en las pr\u00f3ximas horas&#8221;.<\/p>\n<blockquote class=\"twitter-tweet\" readability=\"7.9883720930233\">\n<p lang=\"en\" dir=\"ltr\">The <a href=\"https:\/\/twitter.com\/EP_President?ref_src=twsrc%5Etfw\">@EP_President<\/a> David Sassoli passed away at 1.15 am on 11 January at the CRO in Aviano( PN), Italy, where he was hospitalized. The date and place of the funeral will be communicated in the next few hours.<\/p>\n<p>\u2014 RobertoCuillo (@robertocuillo) <a href=\"https:\/\/twitter.com\/robertocuillo\/status\/1480724154567598082?ref_src=twsrc%5Etfw\">January 11, 2022<\/a><\/p><\/blockquote>\n<p>Sassoli, periodista de larga trayectoria televisiva italiana y afiliado al Partido Democr\u00e1tico de Italia, hab\u00eda sido internado el 26 de diciembre por &#8220;una complicaci\u00f3n grave debido a una disfunci\u00f3n del sistema inmunol\u00f3gico&#8221;, hab\u00eda anunciado Cuillo este lunes.<\/p>\n<p>&#8220;Vivi\u00f3 su tarea como presidente del Parlamento europeo exactamente con el mismo esp\u00edritu con el que fue un gran periodista: como una misi\u00f3n al servicio de los ciudadanos&#8221;, lo describi\u00f3 su vocero este martes en di\u00e1logo con la cadena p\u00fablica Rai.<\/p>\n<p>Sassoli estaba en la semana final de su mandato y hab\u00eda anunciado que no buscar\u00eda la reelecci\u00f3n al cargo para el que hab\u00eda sido elegido en julio de 2019 para suceder al tambi\u00e9n italiano Antonio Tajani del centroderechista Partido Pupolar Europeo (PPE).<\/p>\n<p>De hecho, el Parlamento Europeo iba a elegir el pr\u00f3ximo martes a su sucesor hasta 2024, cuando se vuelvan a hacer elecciones para renovar la Legislatura continental.<\/p>\n<p><strong>Sassoli ya hab\u00eda sido internado cerca de dos meses a entre septiembre y noviembre de 2021 a cusa de una neumon\u00eda<\/strong> que lo oblig\u00f3 a cancelar sus actividades en el tramo final del a\u00f1o pasado.<\/p>\n<p>Seg\u00fan el reglamento del legislativo regional, ser\u00e1 la maltesa Roberta Metsola, del Partido Popular Europeo, la encargada de asumir el tramo del mandato que le quedaba por cumplir a Sassoli. <\/p>\n","protected":false},"excerpt":{"rendered":"<p>David-Maria Sassoli falleci\u00f3 este martes. El socialdem\u00f3crata italiano David-Maria Sassoli, presidente del Parlamento Europeo desde julio de 2019, falleci\u00f3 esta madrugada en Italia, a los 65 a\u00f1os, tras m\u00e1s de dos semanas internado por complicaciones asociadas a una disfunci\u00f3n en el sistema inmunitario. &#8220;El presidente del Parlamento Europeo, David Sassoli, ha fallecido a las 1.15 [&hellip;]<\/p>\n","protected":false},"author":1,"featured_media":38278,"comment_status":"closed","ping_status":"closed","sticky":false,"template":"","format":"standard","meta":[],"categories":[24],"tags":[],"_links":{"self":[{"href":"http:\/\/cordobadirecto.com\/index.php\/wp-json\/wp\/v2\/posts\/38277"}],"collection":[{"href":"http:\/\/cordobadirecto.com\/index.php\/wp-json\/wp\/v2\/posts"}],"about":[{"href":"http:\/\/cordobadirecto.com\/index.php\/wp-json\/wp\/v2\/types\/post"}],"author":[{"embeddable":true,"href":"http:\/\/cordobadirecto.com\/index.php\/wp-json\/wp\/v2\/users\/1"}],"replies":[{"embeddable":true,"href":"http:\/\/cordobadirecto.com\/index.php\/wp-json\/wp\/v2\/comments?post=38277"}],"version-history":[{"count":0,"href":"http:\/\/cordobadirecto.com\/index.php\/wp-json\/wp\/v2\/posts\/38277\/revisions"}],"wp:featuredmedia":[{"embeddable":true,"href":"http:\/\/cordobadirecto.com\/index.php\/wp-json\/wp\/v2\/media\/38278"}],"wp:attachment":[{"href":"http:\/\/cordobadirecto.com\/index.php\/wp-json\/wp\/v2\/media?parent=38277"}],"wp:term":[{"taxonomy":"category","embeddable":true,"href":"http:\/\/cordobadirecto.com\/index.php\/wp-json\/wp\/v2\/categories?post=38277"},{"taxonomy":"post_tag","embeddable":true,"href":"http:\/\/cordobadirecto.com\/index.php\/wp-json\/wp\/v2\/tags?post=38277"}],"curies":[{"name":"wp","href":"https:\/\/api.w.org\/{rel}","templated":true}]}}