{"id":38279,"date":"2022-01-10T21:27:36","date_gmt":"2022-01-10T21:27:36","guid":{"rendered":"https:\/\/www.cordoba.gob.ar\/?p=19350"},"modified":"2022-01-10T21:27:36","modified_gmt":"2022-01-10T21:27:36","slug":"transito-habilitan-costanera-norte-a-la-altura-del-parque-las-heras","status":"publish","type":"post","link":"http:\/\/cordobadirecto.com\/index.php\/2022\/01\/10\/transito-habilitan-costanera-norte-a-la-altura-del-parque-las-heras\/","title":{"rendered":"Tr\u00e1nsito: habilitan Costanera Norte a la altura del Parque Las Heras"},"content":{"rendered":"<div><img src=\"http:\/\/cordobadirecto.com\/wp-content\/uploads\/2022\/01\/transito-habilitan-costanera-norte-a-la-altura-del-parque-las-heras.jpg\" class=\"ff-og-image-inserted\"><\/div>\n<p><strong>* El corte estaba vigente a ra\u00edz de la realizaci\u00f3n de obras viales, como parte del plan de recuperaci\u00f3n del mencionado espacio verde que lleva adelante la Municipalidad de C\u00f3rdoba.<\/strong><\/p>\n<p><strong>* En los pr\u00f3ximos d\u00edas quedar\u00e1 habilitada la nueva calle que une Av. Costanera con el Bv. Las Heras.<\/strong><\/p>\n<hr>\n<p>Este lunes qued\u00f3 habilitado el tr\u00e1nsito vehicular sobre avenida Costanera Norte a la altura del Parque Las Heras. El corte, que se produc\u00eda a la altura de la intersecci\u00f3n con calle Fragueiro, se levant\u00f3 tras la finalizaci\u00f3n de la obra vial que la Secretar\u00eda de Desarrollo Urbano ejecut\u00f3 como parte del plan integral de recuperaci\u00f3n del mencionado parque.<\/p>\n<p>Adem\u00e1s, se complet\u00f3 el empalme de la nueva calle que une Costanera con el Bv. Las Heras, la que ser\u00e1 habilitada en los pr\u00f3ximos d\u00edas luego de la finalizaci\u00f3n de tareas complementarias.<\/p>\n<p>Finalizada la etapa vial dar\u00e1 inicio la obra de revalorizaci\u00f3n del parque, con la recuperaci\u00f3n de elementos hist\u00f3ricos, nueva infraestructura, mobiliario urbano, juegos infantiles, equipamiento deportivo y una rambla con acceso al r\u00edo.<\/p>\n","protected":false},"excerpt":{"rendered":"<p>* El corte estaba vigente a ra\u00edz de la realizaci\u00f3n de obras viales, como parte del plan de recuperaci\u00f3n del mencionado espacio verde que lleva adelante la Municipalidad de C\u00f3rdoba. * En los pr\u00f3ximos d\u00edas quedar\u00e1 habilitada la nueva calle que une Av. Costanera con el Bv. Las Heras. Este lunes qued\u00f3 habilitado el tr\u00e1nsito [&hellip;]<\/p>\n","protected":false},"author":1,"featured_media":38280,"comment_status":"closed","ping_status":"closed","sticky":false,"template":"","format":"standard","meta":[],"categories":[44],"tags":[],"_links":{"self":[{"href":"http:\/\/cordobadirecto.com\/index.php\/wp-json\/wp\/v2\/posts\/38279"}],"collection":[{"href":"http:\/\/cordobadirecto.com\/index.php\/wp-json\/wp\/v2\/posts"}],"about":[{"href":"http:\/\/cordobadirecto.com\/index.php\/wp-json\/wp\/v2\/types\/post"}],"author":[{"embeddable":true,"href":"http:\/\/cordobadirecto.com\/index.php\/wp-json\/wp\/v2\/users\/1"}],"replies":[{"embeddable":true,"href":"http:\/\/cordobadirecto.com\/index.php\/wp-json\/wp\/v2\/comments?post=38279"}],"version-history":[{"count":0,"href":"http:\/\/cordobadirecto.com\/index.php\/wp-json\/wp\/v2\/posts\/38279\/revisions"}],"wp:featuredmedia":[{"embeddable":true,"href":"http:\/\/cordobadirecto.com\/index.php\/wp-json\/wp\/v2\/media\/38280"}],"wp:attachment":[{"href":"http:\/\/cordobadirecto.com\/index.php\/wp-json\/wp\/v2\/media?parent=38279"}],"wp:term":[{"taxonomy":"category","embeddable":true,"href":"http:\/\/cordobadirecto.com\/index.php\/wp-json\/wp\/v2\/categories?post=38279"},{"taxonomy":"post_tag","embeddable":true,"href":"http:\/\/cordobadirecto.com\/index.php\/wp-json\/wp\/v2\/tags?post=38279"}],"curies":[{"name":"wp","href":"https:\/\/api.w.org\/{rel}","templated":true}]}}