{"id":38409,"date":"2022-01-11T13:10:16","date_gmt":"2022-01-11T13:10:16","guid":{"rendered":"https:\/\/www.ole.com.ar\/autos\/copetti-cuatriciclos-dakar-gano_0_GG7OSckEn.html"},"modified":"2022-01-11T13:10:16","modified_gmt":"2022-01-11T13:10:16","slug":"copetti-gano-y-no-se-baja-de-la-pelea","status":"publish","type":"post","link":"http:\/\/cordobadirecto.com\/index.php\/2022\/01\/11\/copetti-gano-y-no-se-baja-de-la-pelea\/","title":{"rendered":"Copetti gan\u00f3 y no se baja de la pelea"},"content":{"rendered":"<p>Los Cuatriciclos disputaron la novena etapa del<strong><a alt=\"qatar-2022\" class=\"slug\" href=\"https:\/\/www.ole.com.ar\/tema\/qatar-2022.html\" target=\"_blank\" title=\"qatar-2022\" rel=\"noopener\"> Dakar 2022<\/a><\/strong> que se realiz\u00f3 \u00edntegramente en Wadi Ad Dawasir, donde<strong> Pablo Copetti logr\u00f3 la victoria y descont\u00f3 algunos minutos en la general con respecto al puntero Alexandre Giroud.<\/strong><\/p>\n<div class=\"sp__SM\">\n<div class=\"content-new \">\n<span class=\"tit-mobile\">Mir\u00e1 tambi\u00e9n<\/span><\/p>\n<div class=\"mg\">\n<div class=\"wrap-figure\">\n<picture>\n<a href=\"https:\/\/www.ole.com.ar\/autos\/kevin-benavides-dakar-motos-segundo_0_Ugn8hzE3W.html\" target=\"_self\" rel=\"noopener\"><br \/>\n<img class=\"img-responsive\" alt=\"Kevin Benavides lleg\u00f3 2\u00b0 en la etapa y recorta en la general\" src=\"http:\/\/cordobadirecto.com\/wp-content\/uploads\/2022\/01\/copetti-gano-y-no-se-baja-de-la-pelea.jpg\" loading=\"lazy\"><br \/>\n<\/a>\n<\/picture>\n<\/div>\n<\/div><\/div>\n<\/div>\n<p><strong>Copetti cronometr\u00f3 3h18m58s y venci\u00f3 en la etapa<\/strong>. Segundo finaliz\u00f3 Giroud a una diferencia de<strong> 6m16s y tercero arrib\u00f3 Francisco Moreno a 9m5s.<\/strong> Mientras que cerraron el top five<strong> Vincent Padrona y Marcelo Medeiros.<\/strong><\/p>\n<div class=\"sp__SM\">\n<div class=\"content-new \">\n<span class=\"tit-mobile\">Mir\u00e1 tambi\u00e9n<\/span><\/p>\n<div class=\"mg\">\n<div class=\"wrap-figure\">\n<picture>\n<a href=\"https:\/\/www.ole.com.ar\/autos\/orly-terranova-llego-sexto-etapa_0_NqUNm0-g9.html\" target=\"_self\" rel=\"noopener\"><br \/>\n<img class=\"img-responsive\" alt=\"Terranova, el mejor de los argentinos entre los Autos\" src=\"http:\/\/cordobadirecto.com\/wp-content\/uploads\/2022\/01\/copetti-gano-y-no-se-baja-de-la-pelea-1.jpg\" loading=\"lazy\"><br \/>\n<\/a>\n<\/picture>\n<\/div>\n<\/div><\/div>\n<\/div>\n<p>En la general, <strong>Giroud mira a todos desde lo m\u00e1s alto con 38h6m16s.<\/strong> Como escolta est\u00e1 <strong>Copetti a 24m31s<\/strong> y tercero se ubica<strong> Kamil Wisniewski a una diferencia de 2h38m2s.<\/strong> Mientras que en la cuarta colocaci\u00f3n se posiciona Moreno a 2h38m42s.<\/p>\n<div class=\"sp__SM\">\n<div class=\"content-new \">\n<span class=\"tit-mobile\">Mir\u00e1 tambi\u00e9n<\/span><\/p>\n<div class=\"mg\">\n<div class=\"wrap-figure\">\n<picture>\n<a href=\"https:\/\/www.ole.com.ar\/autos\/resultados-motos-cuatriciclos_0_TZx9bWm7k.html\" target=\"_self\" rel=\"noopener\"><br \/>\n<img class=\"img-responsive\" alt=\"\u00bfC\u00f3mo le fue a los argentinos en Motos y Quads?\" src=\"http:\/\/cordobadirecto.com\/wp-content\/uploads\/2022\/01\/copetti-gano-y-no-se-baja-de-la-pelea-2.jpg\" loading=\"lazy\"><br \/>\n<\/a>\n<\/picture>\n<\/div>\n<\/div><\/div>\n<\/div>\n<h2><strong>\u00bfC\u00f3mo sigue el Dakar para los Quads?<\/strong><\/h2>\n<p>La d\u00e9cima etapa para los Cuatriciclos en el Dakar 2022 se llevar\u00e1 a cabo el mi\u00e9rcoles entre Wadi Ad Dawasir y Bisha, con 384 kil\u00f3metros de enlace y 375 de especial.<\/p>\n<div class=\"entry-tags\">\n<h2>TEMAS QUE APARECEN EN ESTA NOTA<\/h2>\n<\/p><\/div>\n","protected":false},"excerpt":{"rendered":"<p>Los Cuatriciclos disputaron la novena etapa del Dakar 2022 que se realiz\u00f3 \u00edntegramente en Wadi Ad Dawasir, donde Pablo Copetti logr\u00f3 la victoria y descont\u00f3 algunos minutos en la general con respecto al puntero Alexandre Giroud. Mir\u00e1 tambi\u00e9n Copetti cronometr\u00f3 3h18m58s y venci\u00f3 en la etapa. Segundo finaliz\u00f3 Giroud a una diferencia de 6m16s y [&hellip;]<\/p>\n","protected":false},"author":1,"featured_media":38410,"comment_status":"closed","ping_status":"closed","sticky":false,"template":"","format":"standard","meta":[],"categories":[21],"tags":[],"_links":{"self":[{"href":"http:\/\/cordobadirecto.com\/index.php\/wp-json\/wp\/v2\/posts\/38409"}],"collection":[{"href":"http:\/\/cordobadirecto.com\/index.php\/wp-json\/wp\/v2\/posts"}],"about":[{"href":"http:\/\/cordobadirecto.com\/index.php\/wp-json\/wp\/v2\/types\/post"}],"author":[{"embeddable":true,"href":"http:\/\/cordobadirecto.com\/index.php\/wp-json\/wp\/v2\/users\/1"}],"replies":[{"embeddable":true,"href":"http:\/\/cordobadirecto.com\/index.php\/wp-json\/wp\/v2\/comments?post=38409"}],"version-history":[{"count":0,"href":"http:\/\/cordobadirecto.com\/index.php\/wp-json\/wp\/v2\/posts\/38409\/revisions"}],"wp:featuredmedia":[{"embeddable":true,"href":"http:\/\/cordobadirecto.com\/index.php\/wp-json\/wp\/v2\/media\/38410"}],"wp:attachment":[{"href":"http:\/\/cordobadirecto.com\/index.php\/wp-json\/wp\/v2\/media?parent=38409"}],"wp:term":[{"taxonomy":"category","embeddable":true,"href":"http:\/\/cordobadirecto.com\/index.php\/wp-json\/wp\/v2\/categories?post=38409"},{"taxonomy":"post_tag","embeddable":true,"href":"http:\/\/cordobadirecto.com\/index.php\/wp-json\/wp\/v2\/tags?post=38409"}],"curies":[{"name":"wp","href":"https:\/\/api.w.org\/{rel}","templated":true}]}}