{"id":38411,"date":"2022-01-11T12:39:49","date_gmt":"2022-01-11T12:39:49","guid":{"rendered":"https:\/\/www.ole.com.ar\/autos\/kevin-benavides-dakar-motos-segundo_0_Ugn8hzE3W.html"},"modified":"2022-01-11T12:39:49","modified_gmt":"2022-01-11T12:39:49","slug":"kevin-benavides-llego-2-en-la-etapa-y-recorta-en-la-general","status":"publish","type":"post","link":"http:\/\/cordobadirecto.com\/index.php\/2022\/01\/11\/kevin-benavides-llego-2-en-la-etapa-y-recorta-en-la-general\/","title":{"rendered":"Kevin Benavides lleg\u00f3 2\u00b0 en la etapa y recorta en la general"},"content":{"rendered":"<p>La Etapa 9 del <strong><a alt=\"dakar\" class=\"slug\" href=\"https:\/\/www.ole.com.ar\/tema\/dakar.html\" target=\"_blank\" title=\"dakar\" rel=\"noopener\">Dakar <\/a><\/strong>2022 se llev\u00f3 a cabo en Wadi Ad Dawasir con 204 kil\u00f3metros de enlace y 287 de especial. Entre las Motos, el campe\u00f3n<strong> <a alt=\"kevin-benavides\" class=\"slug\" href=\"https:\/\/www.ole.com.ar\/tema\/kevin-benavides.html\" target=\"_blank\" title=\"kevin-benavides\" rel=\"noopener\">Kevin Benavides<\/a> tuvo una gran actuaci\u00f3n al culminar segundo y as\u00ed poder descontar en la general. A su vez, el ganador fue Jos\u00e9 Ignacio Cornejo Florimo.<\/strong><\/p>\n<p><strong>Cornejo Florimo cronometr\u00f3 2h29m30s y logr\u00f3 la victoria en la etapa.<\/strong> Segundo se ubic\u00f3 Kevin Benavides <strong>a 1m26s y tercero lleg\u00f3 Ricky Brabec a 1m47s. <\/strong>Mientras que cerraron el top five <strong>Matthias Walkner y Joan Barreda Bort.<\/strong><\/p>\n<div class=\"sp__SM\">\n<div class=\"content-new \">\n<span class=\"tit-mobile\">Mir\u00e1 tambi\u00e9n<\/span><\/p>\n<div class=\"mg\">\n<div class=\"wrap-figure\">\n<picture>\n<a href=\"https:\/\/www.ole.com.ar\/autos\/orly-terranova-llego-sexto-etapa_0_NqUNm0-g9.html\" target=\"_self\" rel=\"noopener\"><br \/>\n<img class=\"img-responsive\" alt=\"Terranova, el mejor de los argentinos entre los Autos\" src=\"http:\/\/cordobadirecto.com\/wp-content\/uploads\/2022\/01\/kevin-benavides-llego-2-en-la-etapa-y-recorta-en-la-general.jpg\" loading=\"lazy\"><br \/>\n<\/a>\n<\/picture>\n<\/div>\n<\/div><\/div>\n<\/div>\n<p>Por su parte, <strong>Luciano Benavides<\/strong> fue el segundo mejor de los representantes argentinos al<strong> culminar 7\u00b0 a 4m21 de Cornejo Florimo.<\/strong> Mientras que <strong>Diego Gamaliel Llanos<\/strong> fue 20\u00b0, Diego Noras 61\u00b0 y Ma<strong>t\u00edas Notti 87\u00b0.<\/strong><\/p>\n<p>En la general, <strong>Walkner est\u00e1 en lo m\u00e1s alto con 30h14m3s.<\/strong> Como escolta aparece <strong>Sam Sunderland<\/strong> a una diferencia de 2m12s y tercero<strong> Adrien Van Beveren<\/strong> a 3m56s. Mientras que <strong>Kevin Benavides se posiciona quinto a 10m22s. Luciano Benavides est\u00e1 14\u00b0, Gamaliel Llanos 29\u00b0 y Noras 58\u00b0.<\/strong><\/p>\n<div class=\"sp__SM\">\n<div class=\"content-new \">\n<span class=\"tit-mobile\">Mir\u00e1 tambi\u00e9n<\/span><\/p>\n<div class=\"mg\">\n<div class=\"wrap-figure\">\n<picture>\n<a href=\"https:\/\/www.ole.com.ar\/autos\/resultados-motos-cuatriciclos_0_TZx9bWm7k.html\" target=\"_self\" rel=\"noopener\"><br \/>\n<img class=\"img-responsive\" alt=\"\u00bfC\u00f3mo le fue a los argentinos en Motos y Quads?\" src=\"http:\/\/cordobadirecto.com\/wp-content\/uploads\/2022\/01\/kevin-benavides-llego-2-en-la-etapa-y-recorta-en-la-general-1.jpg\" loading=\"lazy\"><br \/>\n<\/a>\n<\/picture>\n<\/div>\n<\/div><\/div>\n<\/div>\n<h2><strong>C\u00f3mo sigue el Dakar en Motos<\/strong><\/h2>\n<p>La d\u00e9cima etapa para las Motos en el Dakar 2022 <strong>se llevar\u00e1 a cabo el mi\u00e9rcoles entre Wadi Ad Dawasir y Bisha, con 384 kil\u00f3metros de enlace y 375 de especial.<\/strong><\/p>\n<div class=\"sp__SM\">\n<div class=\"content-new \">\n<span class=\"tit-mobile\">Mir\u00e1 tambi\u00e9n<\/span><\/p>\n<div class=\"mg\">\n<div class=\"wrap-figure\">\n<picture>\n<a href=\"https:\/\/www.ole.com.ar\/autos\/silva-problemas-etapa_0_e6IN539CK.html\" target=\"_self\" rel=\"noopener\"><br \/>\n<img class=\"img-responsive\" alt=\"El Pato con problemas\" src=\"http:\/\/cordobadirecto.com\/wp-content\/uploads\/2022\/01\/kevin-benavides-llego-2-en-la-etapa-y-recorta-en-la-general-2.jpg\" loading=\"lazy\"><br \/>\n<\/a>\n<\/picture>\n<\/div>\n<\/div><\/div>\n<\/div>\n<div class=\"entry-tags\">\n<h2>TEMAS QUE APARECEN EN ESTA NOTA<\/h2>\n<\/p><\/div>\n","protected":false},"excerpt":{"rendered":"<p>La Etapa 9 del Dakar 2022 se llev\u00f3 a cabo en Wadi Ad Dawasir con 204 kil\u00f3metros de enlace y 287 de especial. Entre las Motos, el campe\u00f3n Kevin Benavides tuvo una gran actuaci\u00f3n al culminar segundo y as\u00ed poder descontar en la general. A su vez, el ganador fue Jos\u00e9 Ignacio Cornejo Florimo. Cornejo [&hellip;]<\/p>\n","protected":false},"author":1,"featured_media":38412,"comment_status":"closed","ping_status":"closed","sticky":false,"template":"","format":"standard","meta":[],"categories":[21],"tags":[],"_links":{"self":[{"href":"http:\/\/cordobadirecto.com\/index.php\/wp-json\/wp\/v2\/posts\/38411"}],"collection":[{"href":"http:\/\/cordobadirecto.com\/index.php\/wp-json\/wp\/v2\/posts"}],"about":[{"href":"http:\/\/cordobadirecto.com\/index.php\/wp-json\/wp\/v2\/types\/post"}],"author":[{"embeddable":true,"href":"http:\/\/cordobadirecto.com\/index.php\/wp-json\/wp\/v2\/users\/1"}],"replies":[{"embeddable":true,"href":"http:\/\/cordobadirecto.com\/index.php\/wp-json\/wp\/v2\/comments?post=38411"}],"version-history":[{"count":0,"href":"http:\/\/cordobadirecto.com\/index.php\/wp-json\/wp\/v2\/posts\/38411\/revisions"}],"wp:featuredmedia":[{"embeddable":true,"href":"http:\/\/cordobadirecto.com\/index.php\/wp-json\/wp\/v2\/media\/38412"}],"wp:attachment":[{"href":"http:\/\/cordobadirecto.com\/index.php\/wp-json\/wp\/v2\/media?parent=38411"}],"wp:term":[{"taxonomy":"category","embeddable":true,"href":"http:\/\/cordobadirecto.com\/index.php\/wp-json\/wp\/v2\/categories?post=38411"},{"taxonomy":"post_tag","embeddable":true,"href":"http:\/\/cordobadirecto.com\/index.php\/wp-json\/wp\/v2\/tags?post=38411"}],"curies":[{"name":"wp","href":"https:\/\/api.w.org\/{rel}","templated":true}]}}