{"id":38413,"date":"2022-01-11T13:45:59","date_gmt":"2022-01-11T13:45:59","guid":{"rendered":"https:\/\/www.ole.com.ar\/futbol-ascenso\/p-nacional-all-boys-coronavirus_0_py2wS2T5T.html"},"modified":"2022-01-11T13:45:59","modified_gmt":"2022-01-11T13:45:59","slug":"alerta-en-floresta-por-casos-de-covid","status":"publish","type":"post","link":"http:\/\/cordobadirecto.com\/index.php\/2022\/01\/11\/alerta-en-floresta-por-casos-de-covid\/","title":{"rendered":"Alerta en Floresta por casos de Covid"},"content":{"rendered":"<p>Debido a las nuevas cepas de coronavirus, Argentina atraviesa un incremento de casos como hac\u00eda mucho no pasaba. Y&nbsp;eso no es esquivo para los futbolistas del Albo, que tras los testeos realizados en las \u00faltimas horas, se dieron a conocer los seis casos positivos. \u00bfQui\u00e9nes? Santiago Rodr\u00edguez, Alessandro L\u00f3pez, Mirko Ladr\u00f3n de Guevara, Apolo Rapp, Leandro Mart\u00ednez Montagnoli y Mateo Gonz\u00e1lez.<\/p>\n<div class=\"sp__SM\">\n<div class=\"content-new \">\n<span class=\"tit-mobile\">Mir\u00e1 tambi\u00e9n<\/span><\/p>\n<div class=\"mg\">\n<div class=\"wrap-figure\">\n<picture>\n<a href=\"https:\/\/www.ole.com.ar\/futbol-ascenso\/primera-c-atlas-rivero-vuelve_0_Y4b4rOXyL.html\" target=\"_self\" rel=\"noopener\"><br \/>\n<img class=\"img-responsive\" alt=\"El ex Boca que vuelve del retiro para jugar en la C\" src=\"http:\/\/cordobadirecto.com\/wp-content\/uploads\/2022\/01\/alerta-en-floresta-por-casos-de-covid.jpg\" loading=\"lazy\"><br \/>\n<\/a>\n<\/picture>\n<\/div>\n<\/div><\/div>\n<\/div>\n<p> Por tal motivo, se suspendieron de forma moment\u00e1nea por una semana los entrenamientos del Albo.<\/p>\n<div class=\"sp__SM\">\n<div class=\"content-new \">\n<span class=\"tit-mobile\">Mir\u00e1 tambi\u00e9n<\/span><\/p>\n<div class=\"mg\">\n<div class=\"wrap-figure\">\n<picture>\n<a href=\"https:\/\/www.ole.com.ar\/futbol-ascenso\/p-nacional-quilmes-perafan_0_kluGo4elE.html\" target=\"_self\" rel=\"noopener\"><br \/>\n<img class=\"img-responsive\" alt=\"Necesitaba arquero: consigui\u00f3 uno de mucha experiencia\" src=\"http:\/\/cordobadirecto.com\/wp-content\/uploads\/2022\/01\/alerta-en-floresta-por-casos-de-covid-1.jpg\" loading=\"lazy\"><br \/>\n<\/a>\n<\/picture>\n<\/div>\n<\/div><\/div>\n<\/div>\n<p><strong>Comunicado oficial de All Boys:<\/strong><\/p>\n<p> <em>\u201cLos testeos de Covid-19 realizados al plantel profesional arrojaron resultados positivos para los futbolistas Santiago Rodr\u00edguez, Alessandro L\u00f3pez, Apolo Rapp, Mirko Ladr\u00f3n de Guevara, Mateo Gonz\u00e1lez y Leandro Mart\u00ednez Montagnoli.&nbsp;<br \/>Todos ellos cumplir\u00e1n con su correspondiente per\u00edodo de aislamiento y retomar\u00e1n el trabajo una vez que reciban el alta m\u00e9dica.<br \/>\u200b\u200bAtento a esta gran cantidad de casos en el Plantel profesional de f\u00fatbol masculino el comienzo de la parte fuerte de la pretemporada se posterga por una semana\u201d.<\/em><\/p>\n<div class=\"sp__SM\">\n<div class=\"content-new \">\n<span class=\"tit-mobile\">Mir\u00e1 tambi\u00e9n<\/span><\/p>\n<div class=\"mg\">\n<div class=\"wrap-figure\">\n<picture>\n<a href=\"https:\/\/www.ole.com.ar\/futbol-ascenso\/p-nacional-alte-brown-dattola_0_kFVo31rMZ.html\" target=\"_self\" rel=\"noopener\"><br \/>\n<img class=\"img-responsive\" alt=\"Prepara el cumplea\u00f1os y tiene la zaga cubierta\" src=\"http:\/\/cordobadirecto.com\/wp-content\/uploads\/2022\/01\/alerta-en-floresta-por-casos-de-covid-2.jpg\" loading=\"lazy\"><br \/>\n<\/a>\n<\/picture>\n<\/div>\n<\/div><\/div>\n<\/div>\n<div class=\"sp__SM\">\n<div class=\"content-new \">\n<span class=\"tit-mobile\">Mir\u00e1 tambi\u00e9n<\/span><\/p>\n<div class=\"mg\">\n<div class=\"wrap-figure\">\n<picture>\n<a href=\"https:\/\/www.ole.com.ar\/futbol-ascenso\/p-nacional-achile_0_CEvbFM1U9.html\" target=\"_self\" rel=\"noopener\"><br \/>\n<img class=\"img-responsive\" alt=\"C\u00f3mo se jugar\u00e1 el torneo de la Primera Nacional\" src=\"http:\/\/cordobadirecto.com\/wp-content\/uploads\/2022\/01\/alerta-en-floresta-por-casos-de-covid-3.jpg\" loading=\"lazy\"><br \/>\n<\/a>\n<\/picture>\n<\/div>\n<\/div><\/div>\n<\/div>\n<div class=\"sp__SM\">\n<div class=\"content-new \">\n<span class=\"tit-mobile\">Mir\u00e1 tambi\u00e9n<\/span><\/p>\n<div class=\"mg\">\n<div class=\"wrap-figure\">\n<picture>\n<a href=\"https:\/\/www.ole.com.ar\/futbol-ascenso\/final-pinas-mandiyu-ferroviario_0_Nlpe8ERXW.html\" target=\"_self\" rel=\"noopener\"><br \/>\n<img class=\"img-responsive\" alt=\"Trompadas y batalla campal en la final entre Mandiy\u00fa y Ferroviario\" src=\"http:\/\/cordobadirecto.com\/wp-content\/uploads\/2022\/01\/alerta-en-floresta-por-casos-de-covid-4.jpg\" loading=\"lazy\"><br \/>\n<\/a>\n<\/picture>\n<\/div>\n<\/div><\/div>\n<\/div>\n<div class=\"sp__SM\">\n<div class=\"content-new \">\n<span class=\"tit-mobile\">Mir\u00e1 tambi\u00e9n<\/span><\/p>\n<div class=\"mg\">\n<div class=\"wrap-figure\">\n<picture>\n<a href=\"https:\/\/www.ole.com.ar\/futbol-ascenso\/fenix-ogro-fabbiani_0_-Kbi8nesB.html\" target=\"_self\" rel=\"noopener\"><br \/>\n<img class=\"img-responsive\" alt=\"Triunfo del equipo del Ogro Fabbiani\" src=\"http:\/\/cordobadirecto.com\/wp-content\/uploads\/2022\/01\/alerta-en-floresta-por-casos-de-covid-5.jpg\" loading=\"lazy\"><br \/>\n<\/a>\n<\/picture>\n<\/div>\n<\/div><\/div>\n<\/div>\n<div class=\"entry-tags\">\n<h2>TEMAS QUE APARECEN EN ESTA NOTA<\/h2>\n<\/p><\/div>\n","protected":false},"excerpt":{"rendered":"<p>Debido a las nuevas cepas de coronavirus, Argentina atraviesa un incremento de casos como hac\u00eda mucho no pasaba. Y&nbsp;eso no es esquivo para los futbolistas del Albo, que tras los testeos realizados en las \u00faltimas horas, se dieron a conocer los seis casos positivos. \u00bfQui\u00e9nes? Santiago Rodr\u00edguez, Alessandro L\u00f3pez, Mirko Ladr\u00f3n de Guevara, Apolo Rapp, [&hellip;]<\/p>\n","protected":false},"author":1,"featured_media":38414,"comment_status":"closed","ping_status":"closed","sticky":false,"template":"","format":"standard","meta":[],"categories":[21],"tags":[],"_links":{"self":[{"href":"http:\/\/cordobadirecto.com\/index.php\/wp-json\/wp\/v2\/posts\/38413"}],"collection":[{"href":"http:\/\/cordobadirecto.com\/index.php\/wp-json\/wp\/v2\/posts"}],"about":[{"href":"http:\/\/cordobadirecto.com\/index.php\/wp-json\/wp\/v2\/types\/post"}],"author":[{"embeddable":true,"href":"http:\/\/cordobadirecto.com\/index.php\/wp-json\/wp\/v2\/users\/1"}],"replies":[{"embeddable":true,"href":"http:\/\/cordobadirecto.com\/index.php\/wp-json\/wp\/v2\/comments?post=38413"}],"version-history":[{"count":0,"href":"http:\/\/cordobadirecto.com\/index.php\/wp-json\/wp\/v2\/posts\/38413\/revisions"}],"wp:featuredmedia":[{"embeddable":true,"href":"http:\/\/cordobadirecto.com\/index.php\/wp-json\/wp\/v2\/media\/38414"}],"wp:attachment":[{"href":"http:\/\/cordobadirecto.com\/index.php\/wp-json\/wp\/v2\/media?parent=38413"}],"wp:term":[{"taxonomy":"category","embeddable":true,"href":"http:\/\/cordobadirecto.com\/index.php\/wp-json\/wp\/v2\/categories?post=38413"},{"taxonomy":"post_tag","embeddable":true,"href":"http:\/\/cordobadirecto.com\/index.php\/wp-json\/wp\/v2\/tags?post=38413"}],"curies":[{"name":"wp","href":"https:\/\/api.w.org\/{rel}","templated":true}]}}