{"id":38446,"date":"2022-01-11T20:05:48","date_gmt":"2022-01-11T20:05:48","guid":{"rendered":"https:\/\/puntoapunto.com.ar\/?p=320629"},"modified":"2022-01-11T20:05:48","modified_gmt":"2022-01-11T20:05:48","slug":"el-gobierno-dispuso-eliminar-el-aislamiento-laboral-para-contactos-estrechos","status":"publish","type":"post","link":"http:\/\/cordobadirecto.com\/index.php\/2022\/01\/11\/el-gobierno-dispuso-eliminar-el-aislamiento-laboral-para-contactos-estrechos\/","title":{"rendered":"El Gobierno dispuso eliminar el aislamiento laboral para contactos estrechos"},"content":{"rendered":"<div class=\"g g-146\">\n<div class=\"g-single a-410\"><a class=\"gofollow\" data-track=\"NDEwLDE0NiwxLDYw\" href=\"https:\/\/www.grupocanter.com.ar\/notas\/2022-de-proyeccion\/?utm_source=Punto%20a%20Punto&amp;utm_medium=Banner&amp;utm_campaign=Departamentos&amp;utm_term=Banner%20Pie%20de%20Nota\" target=\"_blank\" rel=\"noopener\"><img src=\"http:\/\/cordobadirecto.com\/wp-content\/uploads\/2022\/01\/el-gobierno-dispuso-eliminar-el-aislamiento-laboral-para-contactos-estrechos.gif\"><\/a><\/div>\n<\/div>\n<p>Con el objetivo de no perjudicar la actividad productiva,&nbsp;<strong>a partir del lunes 17 de enero<\/strong>, aquellas personas que sean contacto estrecho de un caso positivo de Covid-19 podr\u00e1n ser<strong> exceptuados del aislamiento laboral.<\/strong><\/p>\n<p>La medida llega cuando la provincia de C\u00f3rdoba registra un <strong>promedio diario cercano a los 10 mil casos<\/strong> y mientras que el<strong> Hospital Rawson tiene una ocupaci\u00f3n del 90% de las camas covid.<\/strong><\/p>\n<p>Este nuevo criterio establece que trabajadores de <strong>actividades industriales, comerciales y de servicio <\/strong>que cuente con <strong>esquema completo de vacunaci\u00f3n<\/strong>&nbsp;Covid-19 y haya tenido contacto con un caso confirmado y<strong>&nbsp;no presente s\u00edntomas<\/strong>, podr\u00e1 continuar su actividad laboral&nbsp;<strong>con un test de ant\u00edgeno negativo<\/strong>.<\/p>\n<p>En cuanto al&nbsp;<strong>personal no vacunado<\/strong>&nbsp;deber\u00e1 realizar aislamiento laboral durante 7 d\u00edas luego de la fecha de \u00faltimo contacto con el&nbsp;<strong>caso positivo<\/strong>&nbsp;y 10 d\u00edas de aislamiento social.<\/p>\n<p>El nuevo protocolo indica <strong>dos test; uno&nbsp;<\/strong><strong>al momento de<\/strong>&nbsp;<strong>identificaci\u00f3n del contacto<\/strong>&nbsp;y&nbsp;<strong>otro<\/strong>&nbsp;<strong>al 4to d\u00eda del contacto con el caso positivo<\/strong>. Si el test resulta positivo en alguna de estas instancias, la persona debe inmediatamente aislarse siguiendo el protocolo vigente.<\/p>\n<p>Mientras que, si el resultado es negativo, podr\u00e1 continuar su jornada laboral con las siguientes indicaciones:<\/p>\n<ul>\n<li>Deber\u00e1 monitorear sus s\u00edntomas diarios, y comunicar de inmediato alg\u00fan cambio.<\/li>\n<li>No compartir lugares de descanso ni comidas en la instituci\u00f3n por 10 d\u00edas (desde la fecha de \u00faltimo contacto con el caso positivo).<\/li>\n<li>Cuidados estrictos (uso del barbijo N95 durante la jornada laboral y espacios ventilados)<\/li>\n<li>Deber\u00e1 completar declaraci\u00f3n jurada de s\u00edntomas diariamente al ingreso a la instituci\u00f3n.<\/li>\n<li>El pase sanitario estar\u00e1 inhabilitado por un per\u00edodo de 10 d\u00edas.<\/li>\n<\/ul>\n<p>La nueva medida <strong>es v\u00e1lida para el desempe\u00f1o de la actividad laboral y no para actividades sociales,&nbsp;<\/strong>las cuales deben seguir el protocolo vigente de<strong> aislamiento por 10 d\u00edas desde el contacto con el caso confirmado.<\/strong><\/p>\n<p>No tags for this post.<\/p>\n","protected":false},"excerpt":{"rendered":"<p>Con el objetivo de no perjudicar la actividad productiva,&nbsp;a partir del lunes 17 de enero, aquellas personas que sean contacto estrecho de un caso positivo de Covid-19 podr\u00e1n ser exceptuados del aislamiento laboral. La medida llega cuando la provincia de C\u00f3rdoba registra un promedio diario cercano a los 10 mil casos y mientras que el [&hellip;]<\/p>\n","protected":false},"author":1,"featured_media":38447,"comment_status":"closed","ping_status":"closed","sticky":false,"template":"","format":"standard","meta":[],"categories":[25],"tags":[],"_links":{"self":[{"href":"http:\/\/cordobadirecto.com\/index.php\/wp-json\/wp\/v2\/posts\/38446"}],"collection":[{"href":"http:\/\/cordobadirecto.com\/index.php\/wp-json\/wp\/v2\/posts"}],"about":[{"href":"http:\/\/cordobadirecto.com\/index.php\/wp-json\/wp\/v2\/types\/post"}],"author":[{"embeddable":true,"href":"http:\/\/cordobadirecto.com\/index.php\/wp-json\/wp\/v2\/users\/1"}],"replies":[{"embeddable":true,"href":"http:\/\/cordobadirecto.com\/index.php\/wp-json\/wp\/v2\/comments?post=38446"}],"version-history":[{"count":0,"href":"http:\/\/cordobadirecto.com\/index.php\/wp-json\/wp\/v2\/posts\/38446\/revisions"}],"wp:featuredmedia":[{"embeddable":true,"href":"http:\/\/cordobadirecto.com\/index.php\/wp-json\/wp\/v2\/media\/38447"}],"wp:attachment":[{"href":"http:\/\/cordobadirecto.com\/index.php\/wp-json\/wp\/v2\/media?parent=38446"}],"wp:term":[{"taxonomy":"category","embeddable":true,"href":"http:\/\/cordobadirecto.com\/index.php\/wp-json\/wp\/v2\/categories?post=38446"},{"taxonomy":"post_tag","embeddable":true,"href":"http:\/\/cordobadirecto.com\/index.php\/wp-json\/wp\/v2\/tags?post=38446"}],"curies":[{"name":"wp","href":"https:\/\/api.w.org\/{rel}","templated":true}]}}