{"id":38459,"date":"2022-01-11T20:19:00","date_gmt":"2022-01-11T20:19:00","guid":{"rendered":"http:\/\/cordobadirecto.com\/index.php\/2022\/01\/11\/omicron-hospitalizaciones-record-en-eeuu-cierres-en-china-y-preven-una-suba-de-casos\/"},"modified":"2022-01-11T20:19:00","modified_gmt":"2022-01-11T20:19:00","slug":"omicron-hospitalizaciones-record-en-eeuu-cierres-en-china-y-preven-una-suba-de-casos","status":"publish","type":"post","link":"http:\/\/cordobadirecto.com\/index.php\/2022\/01\/11\/omicron-hospitalizaciones-record-en-eeuu-cierres-en-china-y-preven-una-suba-de-casos\/","title":{"rendered":"\u00d3micron: hospitalizaciones r\u00e9cord en EEUU, cierres en China y prev\u00e9n una suba de casos"},"content":{"rendered":"<div class=\"video_repositive\"> <a class=\"video_sticky\" href=\"javascript:void();\" onclick=\"removeStuckVideo(true);\"><i class=\"far fa-window-close\"><\/i><\/a> <\/p>\n<div id=\"yqNpkpmNZXE\" class=\"video_telam\" readability=\"6\">\n<div class=\"feature_article_inner\" readability=\"32\">\n<p><h2 class=\"text-center\">La OMS espera cientos de millones de contagiados por \u00d3micron en su regi\u00f3n europea<\/h2>\n<\/p><\/div>\n<p>VER VIDEO <i class=\"fas fa-play\"><\/i><\/p>\n<\/p><\/div><\/div>\n<p>La pesadilla del coronavirus segu\u00eda desvelando este martes al mundo<strong> a dos a\u00f1os de la primera muerte por la enfermedad, que deriv\u00f3 en pandemia,<\/strong> con una tercera ciudad confinada en China por un brote de la variante \u00d3micron, un r\u00e9cord alarmante de hospitalizaciones por esta cepa en Estados Unidos y c\u00e1lculos de la ONU de cientos de millones de casos m\u00e1s en las pr\u00f3ximas semanas por el avance de esa mutaci\u00f3n ultracontagiosa del virus.<\/p>\n<p>En <strong>Estados Unidos<\/strong><a href=\"https:\/\/www.telam.com.ar\/notas\/202201\/580549-eeuu-record-hospitalizaciones-coronavirus-omicron.html\" target=\"_blank\" rel=\"noopener\"> el n\u00famero de personas hospitalizadas por Covid-19 lleg\u00f3 este martes a casi 146.000,<\/a> un nuevo r\u00e9cord que supera el pico anterior de enero de 2021, seg\u00fan datos del Departamento de Salud y Servicios Humanos de Estados Unidos (HHS, por sus siglas en ingl\u00e9s).<\/p>\n<p>Estas cifras son alarmantes si se tiene en cuenta que desde el inicio de la pandemia, Estados Unidos registr\u00f3 solo 23 d\u00edas con m\u00e1s de 125.000 personas hospitalizadas con Covid-19 al mismo tiempo, seg\u00fan inform\u00f3 la cadena CNN en base a los datos del HHS.<\/p>\n<p>Actualmente hay 145.982 personas hospitalizadas con Covid-19, aproximadamente el doble que hace dos semanas.<\/p>\n<p>Sin embargo, los Centros para el Control y la Prevenci\u00f3n de Enfermedades (CDC) indicaron que las tasas de hospitalizaci\u00f3n fueron cerca de 17 veces m\u00e1s altas para las personas no vacunadas que para las personas completamente vacunadas.<\/p>\n<p>&#8220;Hay 17 veces m\u00e1s peligro de ser hospitalizado, y 20 veces m\u00e1s riesgo de morir, si no est\u00e1s vacunado que si lo est\u00e1s&#8221;, dijo hoy el doctor Antony Fauci, asesor de la Casa Blanca sobre la crisis sanitaria, durante una comparecencia ante el Senado.<\/p>\n<p>Por su parte,<strong> China <\/strong>confin\u00f3 este martes a los m\u00e1s de 5 millones de habitantes de una tercera ciudad para contener un brote de la variante \u00d3micron del coronavirus.<\/p>\n<p>Las autoridades de la ciudad de Anyang, en la provincia central de Henan, anunciaron la medida anoche, cuando ordenaron a los residentes permanecer en casa y no circular en veh\u00edculos particulares, inform\u00f3 la agencia estatal Xinhua.<\/p>\n<p>Anyang se suma as\u00ed al mill\u00f3n de personas confinadas desde la semana pasada en Yuzhou, en la misma provincia, y a los 13 millones de habitantes de la ciudad hist\u00f3rica de Xi&#8217;an, tambi\u00e9n en el centro de China, que entr\u00f3 en su tercera semana de encierro.<\/p>\n<figure class=\"mb-3\"><img loading=\"lazy\" src=\"http:\/\/cordobadirecto.com\/wp-content\/uploads\/2022\/01\/omicron-hospitalizaciones-record-en-eeuu-cierres-en-china-y-preven-una-suba-de-casos.jpg\" width=\"100%\" height=\"100%\" alt=\"La nueva ola de contagios es un desafo para los sistemas sanitarios Foto AFP\"><figcaption> La nueva ola de contagios &#8220;es un desaf\u00edo para los sistemas sanitarios&#8221;. Foto: AFP. <\/figcaption><\/figure>\n<p>Las medidas llegan en el segundo aniversario de la primera muerte por Covid-19 en el pa\u00eds y el mundo.<\/p>\n<p>Quien tambi\u00e9n tom\u00f3 nuevas medidas para intentar controlar un brote de coronavirus impulsado por la variante \u00d3micron es Jap\u00f3n.<\/p>\n<p>El Gobierno japon\u00e9s prolongar\u00e1 hasta fines de febrero las medidas que impiden casi todas las llegadas del exterior y reabrir\u00e1 los grandes centros de vacunaci\u00f3n,<\/p>\n<p>&#8220;Aunque se dice que la variante \u00d3micron tiene un bajo nivel de casos serios, si aumenta el n\u00famero de infecciones, el n\u00famero de casos graves subir\u00e1 y presionar\u00e1 al sistema de salud&#8221;, dijo a periodistas el primer ministro Fumio Kishida, inform\u00f3 la agencia de noticias AFP.<\/p>\n<p><strong>Sudam\u00e9rica<\/strong> contin\u00faa enfrentando las consecuencias de la propagaci\u00f3n del virus en varios pa\u00edses.<\/p>\n<p>En <strong>Brasil<\/strong>, m\u00e1s de 500 vuelos fueron cancelados hasta hoy desde fines del mes pasado por falta de tripulaci\u00f3n debido a las licencias m\u00e9dicas otorgadas a ra\u00edz de los contagios de la variante \u00d3micron del coronavirus.<\/p>\n<p>El impacto m\u00e1s importante se dio en las aerol\u00edneas Latam y Azul, seg\u00fan han informado en comunicados oficiales.<\/p>\n<p>La chileno-brasile\u00f1a Latam report\u00f3 162 cancelaciones de vuelos hasta febrero, incluidos vuelos internacionales a Miami, Ciudad de M\u00e9xico, Madrid y Barcelona, aunque no a Buenos Aires u otros destinos argentinos, seg\u00fan un comunicado enviado a T\u00e9lam.<\/p>\n<p>En <strong>Bolivia<\/strong>, el Gobierno inform\u00f3 hoy que el vicepresidente, David Choquehuanca, contrajo Covid-19 por tercera vez y que seis ministros tambi\u00e9n est\u00e1n contagiados de la enfermedad.<\/p>\n<p>La Presidencia detall\u00f3 a trav\u00e9s de un comunicado que todas estas autoridades &#8220;se encuentran estables y cumpliendo el protocolo de aislamiento, desempe\u00f1ando sus funciones mediante teletrabajo o trabajo a distancia&#8221;.<\/p>\n<p>En cuanto a Europa, Polonia sum\u00f3 493 muertos por coronavirus en la \u00faltima jornada y super\u00f3 los 100.000 fallecidos desde el inicio de la pandemia, justo cuando espera la llegada de la variante \u00d3micron tras haber sido seriamente golpeada por la Delta.<\/p>\n<p>El ministro de Salud, Adam Niedzielski, inform\u00f3 que actualmente hay 18.000 hospitalizaciones, por lo que \u201cla situaci\u00f3n es m\u00e1s dif\u00edcil&#8221; en comparaci\u00f3n con las olas anteriores.<\/p>\n<p>En este escenario, la Organizaci\u00f3n Mundial de la Salud (OMS) anunci\u00f3 hoy que m\u00e1s del 50% de la poblaci\u00f3n de la regi\u00f3n europea se contagiar\u00e1 de la variante \u00d3micron en los pr\u00f3ximos dos meses.<\/p>\n<p>&#8220;A este ritmo, el Instituto de M\u00e9tricas y Evaluaci\u00f3n de la Salud (IHME) de la Universidad de Washington prev\u00e9 que m\u00e1s del 50% de la poblaci\u00f3n de la regi\u00f3n se habr\u00e1 contagiado con la variante \u00d3micron en las seis u ocho semanas venideras&#8221;, dijo en rueda de prensa el director de OMS Europa, Hans Kluge.<\/p>\n<p><strong>La regi\u00f3n Europa de la OMS est\u00e1 compuesta por 53 pa\u00edses y llega hasta Asia central.<\/strong><\/p>\n<p>En esta zona se registraron 7 millones de nuevos casos de Covid-19 en la primera semana de 2022.<\/p>\n<p>Adem\u00e1s, expertos de la OMS afirmaron hoy que la aplicaci\u00f3n de vacunas de refuerzo no impedir\u00e1 la aparici\u00f3n de nuevas variantes de coronavirus y pidieron mejorar los inmunizantes para frenar la transmisi\u00f3n de la enfermedad.<\/p>\n<p>&#8220;Una estrategia de vacunaci\u00f3n basada en dosis de refuerzo reiteradas&#8221; de las primeras vacunas &#8220;tiene pocas posibilidades de ser apropiada o viable&#8221;, indic\u00f3 en un comunicado el Grupo T\u00e9cnico Asesor (GTA) de la OMS.<\/p>\n<p>&#8220;Se necesitan y deben desarrollarse vacunas contra la Covid-19 con fuerte impacto en la prevenci\u00f3n y la transmisi\u00f3n, adem\u00e1s de la prevenci\u00f3n de casos severos y de muertes&#8221;, expres\u00f3 el grupo. <\/p>\n","protected":false},"excerpt":{"rendered":"<p>La OMS espera cientos de millones de contagiados por \u00d3micron en su regi\u00f3n europea VER VIDEO La pesadilla del coronavirus segu\u00eda desvelando este martes al mundo a dos a\u00f1os de la primera muerte por la enfermedad, que deriv\u00f3 en pandemia, con una tercera ciudad confinada en China por un brote de la variante \u00d3micron, un [&hellip;]<\/p>\n","protected":false},"author":1,"featured_media":38460,"comment_status":"closed","ping_status":"closed","sticky":false,"template":"","format":"standard","meta":[],"categories":[24],"tags":[],"_links":{"self":[{"href":"http:\/\/cordobadirecto.com\/index.php\/wp-json\/wp\/v2\/posts\/38459"}],"collection":[{"href":"http:\/\/cordobadirecto.com\/index.php\/wp-json\/wp\/v2\/posts"}],"about":[{"href":"http:\/\/cordobadirecto.com\/index.php\/wp-json\/wp\/v2\/types\/post"}],"author":[{"embeddable":true,"href":"http:\/\/cordobadirecto.com\/index.php\/wp-json\/wp\/v2\/users\/1"}],"replies":[{"embeddable":true,"href":"http:\/\/cordobadirecto.com\/index.php\/wp-json\/wp\/v2\/comments?post=38459"}],"version-history":[{"count":0,"href":"http:\/\/cordobadirecto.com\/index.php\/wp-json\/wp\/v2\/posts\/38459\/revisions"}],"wp:featuredmedia":[{"embeddable":true,"href":"http:\/\/cordobadirecto.com\/index.php\/wp-json\/wp\/v2\/media\/38460"}],"wp:attachment":[{"href":"http:\/\/cordobadirecto.com\/index.php\/wp-json\/wp\/v2\/media?parent=38459"}],"wp:term":[{"taxonomy":"category","embeddable":true,"href":"http:\/\/cordobadirecto.com\/index.php\/wp-json\/wp\/v2\/categories?post=38459"},{"taxonomy":"post_tag","embeddable":true,"href":"http:\/\/cordobadirecto.com\/index.php\/wp-json\/wp\/v2\/tags?post=38459"}],"curies":[{"name":"wp","href":"https:\/\/api.w.org\/{rel}","templated":true}]}}