{"id":38585,"date":"2022-01-12T13:37:05","date_gmt":"2022-01-12T13:37:05","guid":{"rendered":"http:\/\/cordobadirecto.com\/index.php\/2022\/01\/12\/brandoni-se-descompenso-y-tuvieron-que-suspender-la-funcion-de-la-obra-que-protagoniza\/"},"modified":"2022-01-12T13:37:05","modified_gmt":"2022-01-12T13:37:05","slug":"brandoni-se-descompenso-y-tuvieron-que-suspender-la-funcion-de-la-obra-que-protagoniza","status":"publish","type":"post","link":"http:\/\/cordobadirecto.com\/index.php\/2022\/01\/12\/brandoni-se-descompenso-y-tuvieron-que-suspender-la-funcion-de-la-obra-que-protagoniza\/","title":{"rendered":"Brandoni se descompens\u00f3 y tuvieron que suspender la funci\u00f3n de la obra que protagoniza"},"content":{"rendered":"<figure class=\"mb-3\"><img loading=\"lazy\" src=\"http:\/\/cordobadirecto.com\/wp-content\/uploads\/2022\/01\/brandoni-se-descompenso-y-tuvieron-que-suspender-la-funcion-de-la-obra-que-protagoniza.jpg\" width=\"100%\" height=\"100%\" alt=\"En febrero pasado Luis Brandoni estuvo internado por coronavirus \"><figcaption> En febrero pasado, Luis Brandoni estuvo internado por coronavirus. <\/figcaption><\/figure>\n<p>El actor <strong>Luis Brandoni<\/strong> complet\u00f3 este mi\u00e9rcoles a la ma\u00f1ana los estudios indicados por profesionales del Hospital Privado de la Comunidad de Mar del Plata a ra\u00edz de la \u201cindisposici\u00f3n f\u00edsica\u201d que lo aquej\u00f3 el martes y <strong>recibi\u00f3 el alta m\u00e9dica para \u201ccontinuar realizando su rutina diaria social y laboral sin inconvenientes<\/strong>\u201d, inform\u00f3 <a href=\"https:\/\/www.telam.com.ar\/notas\/202201\/579850-rottemberg-sobre-algunas-suspensiones-por-covid-cerramos-porque-queremos-seguir-abiertos.html\" target=\"_blank\" rel=\"noopener\">Carlos Rottemberg<\/a> a T\u00e9lam.<\/p>\n<p>El empresario y productor de la obra \u201cEl acompa\u00f1amiento\u201d, que Brandoni dirige y encabeza en el Teatro Bristol de Mar del Plata, confirm\u00f3 que el artista retomar\u00e1 desde este mismo mi\u00e9rcoles noche las funciones de la pieza teatral escrita por Carlos Gorostiza y donde tambi\u00e9n toma parte David Di N\u00e1poli.<\/p>\n<p>Rottemberg apunt\u00f3 que \u201cen los pr\u00f3ximos d\u00edas a Brandoni se le efectuar\u00e1 un control pre-indicado\u201d y resalt\u00f3 \u201cun especial agradecimiento a todo el equipo m\u00e9dico que lo atendi\u00f3 con profesionalismo y gran contenci\u00f3n\u201d.<\/p>\n<p>El artista y dirigente pol\u00edtico \u201cse descompens\u00f3, se sinti\u00f3 mal, y tuvo fiebre y algunas confusiones&#8221;, un cuadro que Rottemberg atribuy\u00f3 a la tercera dosis de la vacuna contra el coronavirus \u201cya que lo mismo le pas\u00f3 cuando se dio la segunda dosis\u201d,<\/p>\n<p>Pese a ese cuadro, Brandoni, de 81 a\u00f1os, \u201cfirm\u00f3 un consentimiento para no pasar la noche en el hospital\u201d y atraves\u00f3 una buena noche en el hotel donde se aloja durante la temporada de verano. <\/p>\n","protected":false},"excerpt":{"rendered":"<p>En febrero pasado, Luis Brandoni estuvo internado por coronavirus. El actor Luis Brandoni complet\u00f3 este mi\u00e9rcoles a la ma\u00f1ana los estudios indicados por profesionales del Hospital Privado de la Comunidad de Mar del Plata a ra\u00edz de la \u201cindisposici\u00f3n f\u00edsica\u201d que lo aquej\u00f3 el martes y recibi\u00f3 el alta m\u00e9dica para \u201ccontinuar realizando su rutina [&hellip;]<\/p>\n","protected":false},"author":1,"featured_media":38586,"comment_status":"closed","ping_status":"closed","sticky":false,"template":"","format":"standard","meta":[],"categories":[20],"tags":[],"_links":{"self":[{"href":"http:\/\/cordobadirecto.com\/index.php\/wp-json\/wp\/v2\/posts\/38585"}],"collection":[{"href":"http:\/\/cordobadirecto.com\/index.php\/wp-json\/wp\/v2\/posts"}],"about":[{"href":"http:\/\/cordobadirecto.com\/index.php\/wp-json\/wp\/v2\/types\/post"}],"author":[{"embeddable":true,"href":"http:\/\/cordobadirecto.com\/index.php\/wp-json\/wp\/v2\/users\/1"}],"replies":[{"embeddable":true,"href":"http:\/\/cordobadirecto.com\/index.php\/wp-json\/wp\/v2\/comments?post=38585"}],"version-history":[{"count":0,"href":"http:\/\/cordobadirecto.com\/index.php\/wp-json\/wp\/v2\/posts\/38585\/revisions"}],"wp:featuredmedia":[{"embeddable":true,"href":"http:\/\/cordobadirecto.com\/index.php\/wp-json\/wp\/v2\/media\/38586"}],"wp:attachment":[{"href":"http:\/\/cordobadirecto.com\/index.php\/wp-json\/wp\/v2\/media?parent=38585"}],"wp:term":[{"taxonomy":"category","embeddable":true,"href":"http:\/\/cordobadirecto.com\/index.php\/wp-json\/wp\/v2\/categories?post=38585"},{"taxonomy":"post_tag","embeddable":true,"href":"http:\/\/cordobadirecto.com\/index.php\/wp-json\/wp\/v2\/tags?post=38585"}],"curies":[{"name":"wp","href":"https:\/\/api.w.org\/{rel}","templated":true}]}}