{"id":38589,"date":"2022-01-12T12:48:19","date_gmt":"2022-01-12T12:48:19","guid":{"rendered":"https:\/\/www.ole.com.ar\/autos\/abandono-benavides-campeon-dakar-llanto_0_wQfxOtmlq.html"},"modified":"2022-01-12T12:48:19","modified_gmt":"2022-01-12T12:48:19","slug":"el-abandono-y-llanto-del-campeon-argentino-en-el-dakar","status":"publish","type":"post","link":"http:\/\/cordobadirecto.com\/index.php\/2022\/01\/12\/el-abandono-y-llanto-del-campeon-argentino-en-el-dakar\/","title":{"rendered":"El abandono y llanto del campe\u00f3n argentino en el Dakar"},"content":{"rendered":"<p><strong>No va m\u00e1s<\/strong>. El argentino y \u00faltimo campe\u00f3n del <a alt=\"dakar\" class=\"slug\" href=\"https:\/\/www.ole.com.ar\/tema\/dakar.html\" target=\"_blank\" title=\"dakar\" rel=\"noopener\">Dakar<\/a> en la categor\u00eda de las dos ruedas, <a alt=\"kevin-benavides\" class=\"slug\" href=\"https:\/\/www.ole.com.ar\/tema\/kevin-benavides.html\" target=\"_blank\" title=\"kevin-benavides\" rel=\"noopener\">Kevin Benavides<\/a>, <strong><a href=\"https:\/\/www.ole.com.ar\/autos\/abandono-benavides-copetti_0_pshcBTPzi.html\" target=\"_blank\" rel=\"noopener\">qued\u00f3 fuera de la competencia este mi\u00e9rcoles<\/a> a causa de una aver\u00eda en el motor<\/strong> de su <a alt=\"ktm\" class=\"slug\" href=\"https:\/\/www.ole.com.ar\/tema\/ktm.html\" target=\"_blank\" title=\"ktm\" rel=\"noopener\">KTM<\/a>, con la que <strong>buscaba su segunda corona<\/strong> en la carrera m\u00e1s exigente del mundo.<\/p>\n<div class=\"sp__Normal\">\n<div class=\"image-embeb image-trigger\" readability=\"6\">\n<picture><source media=\"(min-width: 720px)\" srcset=\"http:\/\/cordobadirecto.com\/wp-content\/uploads\/2022\/01\/el-abandono-y-llanto-del-campeon-argentino-en-el-dakar.jpg\"><img itemprop=\"image\" src=\"http:\/\/cordobadirecto.com\/wp-content\/uploads\/2022\/01\/el-abandono-y-llanto-del-campeon-argentino-en-el-dakar.jpg\" loading=\"lazy\" alt=\"Esta ma\u00f1ana larg\u00f3 desde Wadi Ad Dawasir. (EFE)\">\n<\/picture><figcaption readability=\"2\">\n<p>Esta ma\u00f1ana larg\u00f3 desde Wadi Ad Dawasir. (EFE)\n<\/p>\n<\/figcaption><\/div>\n<\/div>\n<div class=\"sp__SM\">\n<div class=\"content-new \">\n<span class=\"tit-mobile\">Mir\u00e1 tambi\u00e9n<\/span><\/p>\n<div class=\"mg\">\n<div class=\"wrap-figure\">\n<picture>\n<a href=\"https:\/\/www.ole.com.ar\/autos\/abandono-benavides-copetti_0_pshcBTPzi.html\" target=\"_self\" rel=\"noopener\"><br \/>\n<img class=\"img-responsive\" alt=\"El fin de la ilusi\u00f3n\" src=\"http:\/\/cordobadirecto.com\/wp-content\/uploads\/2022\/01\/el-abandono-y-llanto-del-campeon-argentino-en-el-dakar-1.jpg\" loading=\"lazy\"><br \/>\n<\/a>\n<\/picture>\n<\/div>\n<\/div><\/div>\n<\/div>\n<p>A 133 kil\u00f3metros de la largada de la d\u00e9cima etapa de la cuadrag\u00e9sima cuarta edici\u00f3n de la carrera que tiene como escenario los desiertos de Arabia Saudita, el salte\u00f1o <strong>sufri\u00f3 un problema mec\u00e1nico que lo lo dej\u00f3 sin chances de&nbsp;revalidar el t\u00edtulo obtenido en 2021.<\/strong><\/p>\n<p><strong>Benavides marchaba en el quinto puesto en la clasificaci\u00f3n general<\/strong> y larg\u00f3 este mi\u00e9rcoles la antepen\u00faltima etapa de la competencia, que va desde Wadi Ad Dawasir a Bisha, con el <strong>objetivo de recuperar minutos <\/strong>que lo posicionaran&nbsp;en los primeros puestos. A poco m\u00e1s de diez&nbsp;minutos del l\u00edder&nbsp;Toby Price Kevin,&nbsp;larg\u00f3 a todo ritmo. P<strong>oco antes del abandono, ya se encontraba a 47 segundos del espa\u00f1ol Joan Barreda.<\/strong> <\/p>\n<div class=\"sp__SM\">\n<div class=\"content-new \">\n<span class=\"tit-mobile\">Mir\u00e1 tambi\u00e9n<\/span><\/p>\n<div class=\"mg\">\n<div class=\"wrap-figure\">\n<picture>\n<a href=\"https:\/\/www.ole.com.ar\/tenis\/djokovic-covid-positivo-australia_0_NyHYNY_9m.html\" target=\"_self\" rel=\"noopener\"><br \/>\n<img class=\"img-responsive\" alt=\"Djokovic, contra las cuerdas\" src=\"http:\/\/cordobadirecto.com\/wp-content\/uploads\/2022\/01\/el-abandono-y-llanto-del-campeon-argentino-en-el-dakar-2.jpg\" loading=\"lazy\"><br \/>\n<\/a>\n<\/picture>\n<\/div>\n<\/div><\/div>\n<\/div>\n<h2><strong>As\u00ed lo comunic\u00f3<\/strong><\/h2>\n<p>Kevin comparti\u00f3 un video al lado de&nbsp;su KTM&nbsp;en sus redes comunicando la triste noticia:&nbsp;&#8220;Con mucha impotencia<strong> tengo que contarles que estoy fuera de carrera, se me rompi\u00f3 el motor a 130 kil\u00f3metros de largar hoy<\/strong>. Realmente <strong>no s\u00e9 que es lo que pas\u00f3<\/strong>, ven\u00eda muy bien pero bueno, se acab\u00f3 para mi esta carrera. <strong>Quer\u00eda defender ese n\u00famero uno como sea<\/strong> y las posibilidades estaban dadas para poder pelear hasta el final pero bueno, gracias a todos por haber apoyado durante todos estos d\u00edas. <strong>Volveremos m\u00e1s fuertes<\/strong>&#8220;, relat\u00f3 entre l\u00e1grimas en el medio del desierto.&nbsp;<\/p>\n<div class=\"sp__Normal htmlLibre\">\n<div class=\"embed-responsive-c\" readability=\"6.4672131147541\">\n<blockquote class=\"twitter-tweet\" readability=\"6.8983606557377\">\n<p lang=\"es\" dir=\"ltr\">Sin palabras para explicar la decepci\u00f3n de ver escaparse las posibilidades de pelear por defender el #1. A falta de 3 etapas estaba a 10 min entre 6 pilotos, el juego estaba abierto \ud83d\ude2d.<br \/>Para mi hoy se acabaron esas ilusiones. <a href=\"https:\/\/t.co\/T4ckrJGBO5\">pic.twitter.com\/T4ckrJGBO5<\/a><\/p>\n<p>\u2014 Kevin Benavides (@kmbenavides) <a href=\"https:\/\/twitter.com\/kmbenavides\/status\/1481226103029125120?ref_src=twsrc%5Etfw\">January 12, 2022<\/a><\/p><\/blockquote><\/div>\n<\/div>\n<div class=\"sp__SM\">\n<div class=\"content-new \">\n<span class=\"tit-mobile\">Mir\u00e1 tambi\u00e9n<\/span><\/p>\n<div class=\"mg\">\n<div class=\"wrap-figure\">\n<picture>\n<a href=\"https:\/\/www.ole.com.ar\/poli\/aguerre-surf-olimpico-paris-2024_0_wIJXUTj5R.html\" target=\"_self\" rel=\"noopener\"><br \/>\n<img class=\"img-responsive\" alt=\"Fernando Aguerre, el padre del surf ol\u00edmpico: por qu\u00e9 ha crecido tanto su deporte y los planes para Par\u00eds 2024\" src=\"http:\/\/cordobadirecto.com\/wp-content\/uploads\/2022\/01\/el-abandono-y-llanto-del-campeon-argentino-en-el-dakar-3.jpg\" loading=\"lazy\"><br \/>\n<\/a>\n<\/picture>\n<\/div>\n<\/div><\/div>\n<\/div>\n<div class=\"sp__SM\">\n<div class=\"content-new \">\n<span class=\"tit-mobile\">Mir\u00e1 tambi\u00e9n<\/span><\/p>\n<div class=\"mg\">\n<div class=\"wrap-figure\">\n<picture>\n<a href=\"https:\/\/www.ole.com.ar\/fuera-de-juego\/koob-hurtado-liga-quito-albanil_0_1faxj_U8P.html\" target=\"_self\" rel=\"noopener\"><br \/>\n<img class=\"img-responsive\" alt=\"La historia de Koob Hurtado, de jugar en Liga de Quito a ser alba\u00f1il en Estados Unidos\" src=\"http:\/\/cordobadirecto.com\/wp-content\/uploads\/2022\/01\/el-abandono-y-llanto-del-campeon-argentino-en-el-dakar-4.jpg\" loading=\"lazy\"><br \/>\n<\/a>\n<\/picture>\n<\/div>\n<\/div><\/div>\n<\/div>\n<div class=\"entry-tags\">\n<h2>TEMAS QUE APARECEN EN ESTA NOTA<\/h2>\n<\/p><\/div>\n","protected":false},"excerpt":{"rendered":"<p>No va m\u00e1s. El argentino y \u00faltimo campe\u00f3n del Dakar en la categor\u00eda de las dos ruedas, Kevin Benavides, qued\u00f3 fuera de la competencia este mi\u00e9rcoles a causa de una aver\u00eda en el motor de su KTM, con la que buscaba su segunda corona en la carrera m\u00e1s exigente del mundo. Esta ma\u00f1ana larg\u00f3 desde [&hellip;]<\/p>\n","protected":false},"author":1,"featured_media":38590,"comment_status":"closed","ping_status":"closed","sticky":false,"template":"","format":"standard","meta":[],"categories":[21],"tags":[],"_links":{"self":[{"href":"http:\/\/cordobadirecto.com\/index.php\/wp-json\/wp\/v2\/posts\/38589"}],"collection":[{"href":"http:\/\/cordobadirecto.com\/index.php\/wp-json\/wp\/v2\/posts"}],"about":[{"href":"http:\/\/cordobadirecto.com\/index.php\/wp-json\/wp\/v2\/types\/post"}],"author":[{"embeddable":true,"href":"http:\/\/cordobadirecto.com\/index.php\/wp-json\/wp\/v2\/users\/1"}],"replies":[{"embeddable":true,"href":"http:\/\/cordobadirecto.com\/index.php\/wp-json\/wp\/v2\/comments?post=38589"}],"version-history":[{"count":0,"href":"http:\/\/cordobadirecto.com\/index.php\/wp-json\/wp\/v2\/posts\/38589\/revisions"}],"wp:featuredmedia":[{"embeddable":true,"href":"http:\/\/cordobadirecto.com\/index.php\/wp-json\/wp\/v2\/media\/38590"}],"wp:attachment":[{"href":"http:\/\/cordobadirecto.com\/index.php\/wp-json\/wp\/v2\/media?parent=38589"}],"wp:term":[{"taxonomy":"category","embeddable":true,"href":"http:\/\/cordobadirecto.com\/index.php\/wp-json\/wp\/v2\/categories?post=38589"},{"taxonomy":"post_tag","embeddable":true,"href":"http:\/\/cordobadirecto.com\/index.php\/wp-json\/wp\/v2\/tags?post=38589"}],"curies":[{"name":"wp","href":"https:\/\/api.w.org\/{rel}","templated":true}]}}