{"id":38603,"date":"2022-01-12T14:26:00","date_gmt":"2022-01-12T14:26:00","guid":{"rendered":"https:\/\/puntoapunto.com.ar\/?p=320633"},"modified":"2022-01-12T14:26:00","modified_gmt":"2022-01-12T14:26:00","slug":"lee-la-edicion-semanal-verdeflor-planta-us3-millones-para-un-salto-historico","status":"publish","type":"post","link":"http:\/\/cordobadirecto.com\/index.php\/2022\/01\/12\/lee-la-edicion-semanal-verdeflor-planta-us3-millones-para-un-salto-historico\/","title":{"rendered":"Le\u00e9 la edici\u00f3n semanal: Verdeflor planta US$3 millones para un salto hist\u00f3rico"},"content":{"rendered":"<div class=\"g g-146\">\n<div class=\"g-single a-410\"><a class=\"gofollow\" data-track=\"NDEwLDE0NiwxLDYw\" href=\"https:\/\/www.grupocanter.com.ar\/notas\/2022-de-proyeccion\/?utm_source=Punto%20a%20Punto&amp;utm_medium=Banner&amp;utm_campaign=Departamentos&amp;utm_term=Banner%20Pie%20de%20Nota\" target=\"_blank\" rel=\"noopener\"><img src=\"http:\/\/cordobadirecto.com\/wp-content\/uploads\/2022\/01\/lee-la-edicion-semanal-verdeflor-planta-us3-millones-para-un-salto-historico.gif\"><\/a><\/div>\n<\/div>\n<p>La edici\u00f3n interactiva y digital de Punto a Punto de esta semana se centra en los proyectos de la firma Verdeflor.<\/p>\n<p>La cordobesa, l\u00edder en yerba saborizada, construye <strong>nueva planta para elevar su capacidad productiva<\/strong>. C\u00f3mo crece en el exterior y la <strong>nueva identidad que se viene para el grupo.<\/strong><\/p>\n<p><a href=\"https:\/\/indd.adobe.com\/view\/7ad4c36c-0959-412a-9665-63b636b4023c\" target=\"_blank\" rel=\"noopener\"><img loading=\"lazy\" class=\"alignnone size-medium wp-image-317670\" src=\"http:\/\/cordobadirecto.com\/wp-content\/uploads\/2022\/01\/lee-la-edicion-semanal-verdeflor-planta-us3-millones-para-un-salto-historico.png\" alt width=\"300\" height=\"75\" srcset=\"http:\/\/cordobadirecto.com\/wp-content\/uploads\/2022\/01\/lee-la-edicion-semanal-verdeflor-planta-us3-millones-para-un-salto-historico.png 300w, http:\/\/cordobadirecto.com\/wp-content\/uploads\/2022\/01\/lee-la-edicion-semanal-verdeflor-planta-us3-millones-para-un-salto-historico-1.png 768w, http:\/\/cordobadirecto.com\/wp-content\/uploads\/2022\/01\/lee-la-edicion-semanal-verdeflor-planta-us3-millones-para-un-salto-historico-2.png 150w, http:\/\/cordobadirecto.com\/wp-content\/uploads\/2022\/01\/lee-la-edicion-semanal-verdeflor-planta-us3-millones-para-un-salto-historico-3.png 696w, http:\/\/cordobadirecto.com\/wp-content\/uploads\/2022\/01\/lee-la-edicion-semanal-verdeflor-planta-us3-millones-para-un-salto-historico-4.png 800w\" sizes=\"(max-width: 300px) 100vw, 300px\"><\/a><\/p>\n","protected":false},"excerpt":{"rendered":"<p>La edici\u00f3n interactiva y digital de Punto a Punto de esta semana se centra en los proyectos de la firma Verdeflor. La cordobesa, l\u00edder en yerba saborizada, construye nueva planta para elevar su capacidad productiva. C\u00f3mo crece en el exterior y la nueva identidad que se viene para el grupo.<\/p>\n","protected":false},"author":1,"featured_media":38604,"comment_status":"closed","ping_status":"closed","sticky":false,"template":"","format":"standard","meta":[],"categories":[25],"tags":[],"_links":{"self":[{"href":"http:\/\/cordobadirecto.com\/index.php\/wp-json\/wp\/v2\/posts\/38603"}],"collection":[{"href":"http:\/\/cordobadirecto.com\/index.php\/wp-json\/wp\/v2\/posts"}],"about":[{"href":"http:\/\/cordobadirecto.com\/index.php\/wp-json\/wp\/v2\/types\/post"}],"author":[{"embeddable":true,"href":"http:\/\/cordobadirecto.com\/index.php\/wp-json\/wp\/v2\/users\/1"}],"replies":[{"embeddable":true,"href":"http:\/\/cordobadirecto.com\/index.php\/wp-json\/wp\/v2\/comments?post=38603"}],"version-history":[{"count":0,"href":"http:\/\/cordobadirecto.com\/index.php\/wp-json\/wp\/v2\/posts\/38603\/revisions"}],"wp:featuredmedia":[{"embeddable":true,"href":"http:\/\/cordobadirecto.com\/index.php\/wp-json\/wp\/v2\/media\/38604"}],"wp:attachment":[{"href":"http:\/\/cordobadirecto.com\/index.php\/wp-json\/wp\/v2\/media?parent=38603"}],"wp:term":[{"taxonomy":"category","embeddable":true,"href":"http:\/\/cordobadirecto.com\/index.php\/wp-json\/wp\/v2\/categories?post=38603"},{"taxonomy":"post_tag","embeddable":true,"href":"http:\/\/cordobadirecto.com\/index.php\/wp-json\/wp\/v2\/tags?post=38603"}],"curies":[{"name":"wp","href":"https:\/\/api.w.org\/{rel}","templated":true}]}}