{"id":38607,"date":"2022-01-12T15:10:28","date_gmt":"2022-01-12T15:10:28","guid":{"rendered":"http:\/\/cordobadirecto.com\/index.php\/2022\/01\/12\/la-cta-a-cordoba-critico-la-eliminacion-del-aislamiento-en-el-ambito-laboral-la-nueva-manana\/"},"modified":"2022-01-12T15:10:28","modified_gmt":"2022-01-12T15:10:28","slug":"la-cta-a-cordoba-critico-la-eliminacion-del-aislamiento-en-el-ambito-laboral-la-nueva-manana","status":"publish","type":"post","link":"http:\/\/cordobadirecto.com\/index.php\/2022\/01\/12\/la-cta-a-cordoba-critico-la-eliminacion-del-aislamiento-en-el-ambito-laboral-la-nueva-manana\/","title":{"rendered":"La CTA-A <b>C\u00f3rdoba<\/b> critic\u00f3 la eliminaci\u00f3n del aislamiento en el \u00e1mbito laboral &#8211; La <b>NUEVA<\/b> Ma\u00f1ana"},"content":{"rendered":"<p>En un comunicado de prensa, la central gremial fustig\u00f3 que &quot;se ponga la <b>Econom\u00eda<\/b> por sobre la Salud de los trabajadores y trabajadoras&quot; y se\u00f1al\u00f3&nbsp;&#8230; <\/p>\n","protected":false},"excerpt":{"rendered":"<p>En un comunicado de prensa, la central gremial fustig\u00f3 que &quot;se ponga la Econom\u00eda por sobre la Salud de los trabajadores y trabajadoras&quot; y se\u00f1al\u00f3&nbsp;&#8230;<\/p>\n","protected":false},"author":1,"featured_media":0,"comment_status":"closed","ping_status":"closed","sticky":false,"template":"","format":"standard","meta":[],"categories":[40],"tags":[],"_links":{"self":[{"href":"http:\/\/cordobadirecto.com\/index.php\/wp-json\/wp\/v2\/posts\/38607"}],"collection":[{"href":"http:\/\/cordobadirecto.com\/index.php\/wp-json\/wp\/v2\/posts"}],"about":[{"href":"http:\/\/cordobadirecto.com\/index.php\/wp-json\/wp\/v2\/types\/post"}],"author":[{"embeddable":true,"href":"http:\/\/cordobadirecto.com\/index.php\/wp-json\/wp\/v2\/users\/1"}],"replies":[{"embeddable":true,"href":"http:\/\/cordobadirecto.com\/index.php\/wp-json\/wp\/v2\/comments?post=38607"}],"version-history":[{"count":0,"href":"http:\/\/cordobadirecto.com\/index.php\/wp-json\/wp\/v2\/posts\/38607\/revisions"}],"wp:attachment":[{"href":"http:\/\/cordobadirecto.com\/index.php\/wp-json\/wp\/v2\/media?parent=38607"}],"wp:term":[{"taxonomy":"category","embeddable":true,"href":"http:\/\/cordobadirecto.com\/index.php\/wp-json\/wp\/v2\/categories?post=38607"},{"taxonomy":"post_tag","embeddable":true,"href":"http:\/\/cordobadirecto.com\/index.php\/wp-json\/wp\/v2\/tags?post=38607"}],"curies":[{"name":"wp","href":"https:\/\/api.w.org\/{rel}","templated":true}]}}