{"id":38642,"date":"2022-01-13T00:41:00","date_gmt":"2022-01-13T00:41:00","guid":{"rendered":"http:\/\/cordobadirecto.com\/index.php\/2022\/01\/13\/amnistia-internacional-exigio-la-liberacion-de-detenidos-en-las-protestas-en-kazajistan\/"},"modified":"2022-01-13T00:41:00","modified_gmt":"2022-01-13T00:41:00","slug":"amnistia-internacional-exigio-la-liberacion-de-detenidos-en-las-protestas-en-kazajistan","status":"publish","type":"post","link":"http:\/\/cordobadirecto.com\/index.php\/2022\/01\/13\/amnistia-internacional-exigio-la-liberacion-de-detenidos-en-las-protestas-en-kazajistan\/","title":{"rendered":"Amnist\u00eda Internacional exigi\u00f3 la liberaci\u00f3n de detenidos en las protestas en Kazajist\u00e1n"},"content":{"rendered":"<figure class=\"mb-3\"><img loading=\"lazy\" src=\"http:\/\/cordobadirecto.com\/wp-content\/uploads\/2022\/01\/amnistia-internacional-exigio-la-liberacion-de-detenidos-en-las-protestas-en-kazajistan.jpg\" width=\"100%\" height=\"100%\" alt=\"AI exigi a Kazajistn la libertad de las personas detenidas arbitrariamente durante las protestas Foto AFP\"><figcaption> AI exigi\u00f3 a Kazajist\u00e1n la libertad de las personas detenidas arbitrariamente durante las protestas (Foto: AFP). <\/figcaption><\/figure>\n<p><strong>Amnist\u00eda Internacional (AI) exigi\u00f3 a Kazajist\u00e1n la libertad de las personas detenidas arbitrariamente <a href=\"https:\/\/www.telam.com.ar\/notas\/202201\/580389-kazajistan-muertos-detenidos-disturbios-rusia-almaty.html\" target=\"_blank\" rel=\"noopener\">durante las protestas antigubernamentales de la semana pasada en varias ciudades<\/a><\/strong> y que se respeten las libertades fundamentales de los que participaron en las revueltas generadas por un aumento en la tarifa de gas, lamentadas por el propio papa Francisco.<\/p>\n<p>&#8220;Kazajist\u00e1n debe poner en libertad a periodistas y activistas detenidos arbitrariamente por su cobertura de las protestas de la semana pasada, dar informaci\u00f3n sobre todos los arrestos y garantizar los derechos humanos de todas las personas detenidas&#8221;, <a href=\"https:\/\/www.amnesty.org\/es\/latest\/news\/2022\/01\/kazakhstan-authorities-must-release-arbitrarily-detained-protestors-and-respect-human-rights-amid-ongoing-unrest\/\" target=\"_blank\" rel=\"noopener\">demand\u00f3 la organizaci\u00f3n no gubernamental (ONG).<\/a><\/p>\n<p>Desde que comenzaron <strong>los disturbios el 2 de este mes, en un primer momento por el incremento del precio del gas licuado <\/strong>y despu\u00e9s en contra del Ejecutivo, <strong>unas 10.000 personas fueron detenidas,<\/strong> seg\u00fan fuentes oficiales, mientras el n\u00famero de muertos sigue sin esclarecerse.<\/p>\n<p>&#8220;Aunque la situaci\u00f3n parece haberse calmado, la crisis est\u00e1 lejos de haber terminado; no hay nada m\u00e1s importante ahora que el libre acceso a la informaci\u00f3n independiente, una rendici\u00f3n de cuentas completa de lo ocurrido y el compromiso de respetar los derechos humanos&#8221;, expuso la directora de AI para Europa Oriental y Asia Central, Marie Struthers.<\/p>\n<p>Amnist\u00eda denunci\u00f3 que<strong> todav\u00eda segu\u00eda sin conocerse el n\u00famero exacto de v\u00edctimas mortales como consecuencia de la represi\u00f3n<\/strong> de fuerzas de seguridad apoyadas por tropas rusas que se retiraron ayer.<\/p>\n<p>Si bien <strong>el Gobierno confirm\u00f3 la muerte de al menos 18 miembros policiales y militares, los de civiles eran a\u00fan una inc\u00f3gnita.<\/strong><\/p>\n<p>&#8220;El 9 de enero, un canal de Telegram asociado al Gobierno dio informaci\u00f3n sobre la muerte de 164 personas, pero posteriormente el Ministerio de Salud lo desminti\u00f3 y dijo que hab\u00eda sido un fallo t\u00e9cnico&#8221;, record\u00f3 la ONG.<\/p>\n<p>Struthers sostuvo que &#8220;el silencio de las autoridades sobre el n\u00famero de v\u00edctimas y las circunstancias de su muerte es indignante&#8221; por lo que las exhort\u00f3 a &#8220;revelar inmediatamente informaci\u00f3n sobre muertes de civiles&#8221;.<\/p>\n<p><strong>AI tambi\u00e9n denunci\u00f3 &#8220;el apag\u00f3n informativo&#8221; <\/strong>al que se han visto forzados los canales de comunicaci\u00f3n alternativos y fustig\u00f3 que &#8220;la conexi\u00f3n a Internet fue desactivada y restringida durante los cinco posteriores d\u00edas al inicio de las protestas&#8221; y que se detuvieron &#8220;a periodistas independientes&#8221;.<\/p>\n<p>Desde el inicio de los incidentes, <strong>el Gobierno abri\u00f3 400 causas penales, la mayor\u00eda por atentados contra la autoridad, incluyendo cargos de homicidio,<\/strong> recogi\u00f3 la agencia de noticias Europa Press.<\/p>\n<p><strong>El papa Francisco reclam\u00f3 ayer soluciones &#8220;lo antes posible&#8221; <\/strong>para terminar con la crisis en el pa\u00eds m\u00e1s grande de Asia Central, cuyo presidente Kasim-Yomart Tokayev la atribuy\u00f3 a &#8220;un intento de golpe&#8221; para desalojarlo del poder.<\/p>\n<p>AI es un movimiento global con sede en Londres presente en m\u00e1s de 150 pa\u00edses que trabaja por el reconocimiento y respeto de los derechos humanos. <\/p>\n","protected":false},"excerpt":{"rendered":"<p>AI exigi\u00f3 a Kazajist\u00e1n la libertad de las personas detenidas arbitrariamente durante las protestas (Foto: AFP). Amnist\u00eda Internacional (AI) exigi\u00f3 a Kazajist\u00e1n la libertad de las personas detenidas arbitrariamente durante las protestas antigubernamentales de la semana pasada en varias ciudades y que se respeten las libertades fundamentales de los que participaron en las revueltas generadas [&hellip;]<\/p>\n","protected":false},"author":1,"featured_media":38643,"comment_status":"closed","ping_status":"closed","sticky":false,"template":"","format":"standard","meta":[],"categories":[24],"tags":[],"_links":{"self":[{"href":"http:\/\/cordobadirecto.com\/index.php\/wp-json\/wp\/v2\/posts\/38642"}],"collection":[{"href":"http:\/\/cordobadirecto.com\/index.php\/wp-json\/wp\/v2\/posts"}],"about":[{"href":"http:\/\/cordobadirecto.com\/index.php\/wp-json\/wp\/v2\/types\/post"}],"author":[{"embeddable":true,"href":"http:\/\/cordobadirecto.com\/index.php\/wp-json\/wp\/v2\/users\/1"}],"replies":[{"embeddable":true,"href":"http:\/\/cordobadirecto.com\/index.php\/wp-json\/wp\/v2\/comments?post=38642"}],"version-history":[{"count":0,"href":"http:\/\/cordobadirecto.com\/index.php\/wp-json\/wp\/v2\/posts\/38642\/revisions"}],"wp:featuredmedia":[{"embeddable":true,"href":"http:\/\/cordobadirecto.com\/index.php\/wp-json\/wp\/v2\/media\/38643"}],"wp:attachment":[{"href":"http:\/\/cordobadirecto.com\/index.php\/wp-json\/wp\/v2\/media?parent=38642"}],"wp:term":[{"taxonomy":"category","embeddable":true,"href":"http:\/\/cordobadirecto.com\/index.php\/wp-json\/wp\/v2\/categories?post=38642"},{"taxonomy":"post_tag","embeddable":true,"href":"http:\/\/cordobadirecto.com\/index.php\/wp-json\/wp\/v2\/tags?post=38642"}],"curies":[{"name":"wp","href":"https:\/\/api.w.org\/{rel}","templated":true}]}}