{"id":38657,"date":"2022-01-13T08:46:01","date_gmt":"2022-01-13T08:46:01","guid":{"rendered":"https:\/\/puntoapunto.com.ar\/?p=320657"},"modified":"2022-01-13T08:46:01","modified_gmt":"2022-01-13T08:46:01","slug":"energia-en-cordoba-se-paga-189-mas-por-el-mismo-consumo-que-en-amba-y-ciudad-de-buenos-aires","status":"publish","type":"post","link":"http:\/\/cordobadirecto.com\/index.php\/2022\/01\/13\/energia-en-cordoba-se-paga-189-mas-por-el-mismo-consumo-que-en-amba-y-ciudad-de-buenos-aires\/","title":{"rendered":"Energ\u00eda: en C\u00f3rdoba se paga 189% m\u00e1s por el mismo consumo que en Amba y ciudad de Buenos Aires"},"content":{"rendered":"<div class=\"g g-146\">\n<div class=\"g-single a-410\"><a class=\"gofollow\" data-track=\"NDEwLDE0NiwxLDYw\" href=\"https:\/\/www.grupocanter.com.ar\/notas\/2022-de-proyeccion\/?utm_source=Punto%20a%20Punto&amp;utm_medium=Banner&amp;utm_campaign=Departamentos&amp;utm_term=Banner%20Pie%20de%20Nota\" target=\"_blank\" rel=\"noopener\"><img src=\"http:\/\/cordobadirecto.com\/wp-content\/uploads\/2022\/01\/energia-en-cordoba-se-paga-189-mas-por-el-mismo-consumo-que-en-amba-y-ciudad-de-buenos-aires.gif\"><\/a><\/div>\n<\/div>\n<p>La <strong>Bolsa de Comercio de C\u00f3rdoba<\/strong> realiz\u00f3 un nuevo informe econ\u00f3mico sobre el<strong> costo que le genera a la macro los subsidios a la energ\u00eda y la desigualdad de los mismos en las diferentes regiones del pa\u00eds.<\/strong><\/p>\n<p>En esa l\u00ednea, la entidad empresaria plantea que <strong>C\u00f3rdoba tiene la energ\u00eda m\u00e1s cara del pa\u00eds<\/strong>, \u00abse paga<strong> 189%<\/strong> m\u00e1s por el mismo consumo que en el Amba y Ciudad de Buenos Aires\u00bb.<\/p>\n<p><span>\u00abLos <strong>subsidios a la energ\u00eda generan distorsiones a nivel macroecon\u00f3mico<\/strong>, adem\u00e1s de posicionarse como un gasto clave del Estado Nacional (U$S 9500 millones a noviembre pasado), por lo que tienen un rol clave en el d\u00e9ficit fiscal. Eso implica que, indirectamente, <strong>empeoran el problema inflacionario que pretenden atenuar ya que el rojo se cubre con emisi\u00f3n de pesos<\/strong>\u00bb considera.<\/span><\/p>\n<p><span>El estudio del Instituto de Investigaciones Econ\u00f3micas de la Bolsa subraya que <strong>la pol\u00edtica de subsidios tambi\u00e9n agrava distorsiones a nivel microecon\u00f3mico, generando desigualdades, particularmente en t\u00e9rminos regionales.<\/strong><\/span><\/p>\n<p><span>Un trabajo de comparaci\u00f3n de facturas de luz realizado por el Instituto muestra que en la<strong> Ciudad de Buenos Aires y en el AMBA<\/strong> -\u00e1reas servidas por las distribuidoras Edenor y Edesur- <strong>es una de las m\u00e1s baratas del pa\u00eds.<\/strong> Solamente La Rioja, por los subsidios del Gobierno provincial a la distribuci\u00f3n a cargo de Edelar, es menor.<\/span><\/p>\n<p><span>Con la referencia de las tarifas del AMBA y Caba, <strong>en C\u00f3rdoba se paga 189% m\u00e1s<\/strong>; en <strong>Salta 133%<\/strong>;<strong> Santa Fe 109%;<\/strong> en<strong> R\u00edo Negro 90%.&nbsp;<\/strong><\/span><span>En el caso de Chaco el precio que pagan los consumidores es 50% m\u00e1s que los de GBA y, en Tierra del Fuego, que no actualiza tarifas hace casi 3 a\u00f1os, 29%.<\/span><\/p>\n<p><span>Los c\u00e1lculos consideran el costo de la energ\u00eda el\u00e9ctrica de diciembre pasado antes de impuestos, ya que las cargas tambi\u00e9n insertan distorsiones e inequidades entre las regiones. Se trabaj\u00f3 sobre un consumo residencial de 300 kWh mensuales.<\/span><\/p>\n<p><span><strong>Para la entidad, \u00absi la Naci\u00f3n no subsidiara la generaci\u00f3n de energ\u00eda el\u00e9ctrica, las desigualdades regionales disminuir\u00edan a la mitad<\/strong>: la diferencia de Tierra del Fuego con CABA y AMBA caer\u00eda del 29% al 14%, y<strong> la diferencia con C\u00f3rdoba pasar\u00eda de 189% a 90%\u00bb.<\/strong><\/span><\/p>\n<p><span>Y agrega: \u00abuna quita completa de los subsidios llevar\u00eda a que los consumidores del AMBA y Caba pagar\u00e1n dos veces m\u00e1s que hoy (110%), pero aun as\u00ed seguir\u00eda siendo de los servicios m\u00e1s baratos del pa\u00eds.<strong> Un cliente de la estatal EPEC en C\u00f3rdoba afrontar\u00eda el menor aumento porcentual, ser\u00eda 38% m\u00e1s cara que la factura de diciembre pasado\u00bb.<\/strong><\/span><\/p>\n<p><span>Desde el Instituto ratifican que<strong> los subsidios a la energ\u00eda generan m\u00e1s distorsiones y costos que los aparentes beneficios de su aplicaci\u00f3n<\/strong>: \u201cCon un impacto m\u00ednimo en el consumo de las familias, generan incentivos perversos a consumir m\u00e1s energ\u00eda al pagarse un valor menor al costo de producirla. Adem\u00e1s hay desincentivos a invertir por parte de las empresas que generan y distribuyen\u201d.<\/span><\/p>\n<p><span>Agrega que esta situaci\u00f3n deriva en una <strong>\u201cpeor calidad de servicio\u201d para todos los argentinos<\/strong>, tal como lo muestran los recurrentes cortes de energ\u00eda. A eso se suma que el balance energ\u00e9tico se torna deficitario y profundiza la p\u00e9rdida de reservas; tambi\u00e9n ahonda el d\u00e9ficit fiscal y la emisi\u00f3n monetaria, que <strong>\u201cterminan impactando en una mayor inflaci\u00f3n\u201d.<\/strong><\/span><\/p>\n","protected":false},"excerpt":{"rendered":"<p>La Bolsa de Comercio de C\u00f3rdoba realiz\u00f3 un nuevo informe econ\u00f3mico sobre el costo que le genera a la macro los subsidios a la energ\u00eda y la desigualdad de los mismos en las diferentes regiones del pa\u00eds. En esa l\u00ednea, la entidad empresaria plantea que C\u00f3rdoba tiene la energ\u00eda m\u00e1s cara del pa\u00eds, \u00abse paga [&hellip;]<\/p>\n","protected":false},"author":1,"featured_media":38658,"comment_status":"closed","ping_status":"closed","sticky":false,"template":"","format":"standard","meta":[],"categories":[25],"tags":[],"_links":{"self":[{"href":"http:\/\/cordobadirecto.com\/index.php\/wp-json\/wp\/v2\/posts\/38657"}],"collection":[{"href":"http:\/\/cordobadirecto.com\/index.php\/wp-json\/wp\/v2\/posts"}],"about":[{"href":"http:\/\/cordobadirecto.com\/index.php\/wp-json\/wp\/v2\/types\/post"}],"author":[{"embeddable":true,"href":"http:\/\/cordobadirecto.com\/index.php\/wp-json\/wp\/v2\/users\/1"}],"replies":[{"embeddable":true,"href":"http:\/\/cordobadirecto.com\/index.php\/wp-json\/wp\/v2\/comments?post=38657"}],"version-history":[{"count":0,"href":"http:\/\/cordobadirecto.com\/index.php\/wp-json\/wp\/v2\/posts\/38657\/revisions"}],"wp:featuredmedia":[{"embeddable":true,"href":"http:\/\/cordobadirecto.com\/index.php\/wp-json\/wp\/v2\/media\/38658"}],"wp:attachment":[{"href":"http:\/\/cordobadirecto.com\/index.php\/wp-json\/wp\/v2\/media?parent=38657"}],"wp:term":[{"taxonomy":"category","embeddable":true,"href":"http:\/\/cordobadirecto.com\/index.php\/wp-json\/wp\/v2\/categories?post=38657"},{"taxonomy":"post_tag","embeddable":true,"href":"http:\/\/cordobadirecto.com\/index.php\/wp-json\/wp\/v2\/tags?post=38657"}],"curies":[{"name":"wp","href":"https:\/\/api.w.org\/{rel}","templated":true}]}}