{"id":38668,"date":"2022-01-13T12:02:23","date_gmt":"2022-01-13T12:02:23","guid":{"rendered":"https:\/\/www.bbc.com\/mundo\/noticias-america-latina-59961279"},"modified":"2022-01-13T12:02:23","modified_gmt":"2022-01-13T12:02:23","slug":"fui-antivacunas-y-ahora-me-arrepiento-la-covid-casi-me-quita-la-vida-el-duro-testimonio-de-indira-jauregui-una-peruana-que-sobrevivio-al-coronavirus","status":"publish","type":"post","link":"http:\/\/cordobadirecto.com\/index.php\/2022\/01\/13\/fui-antivacunas-y-ahora-me-arrepiento-la-covid-casi-me-quita-la-vida-el-duro-testimonio-de-indira-jauregui-una-peruana-que-sobrevivio-al-coronavirus\/","title":{"rendered":"&#8220;Fui antivacunas y ahora me arrepiento. La covid casi me quita la vida&#8221;: el duro testimonio de Indira J\u00e1uregui, una peruana que sobrevivi\u00f3 al coronavirus"},"content":{"rendered":"<div dir=\"ltr\" class=\"e1j2237y5 bbc-q4ibpr e57qer20\">\n<div class=\"bbc-1atl7vu e1c9i7u14\">\n<ul role=\"list\" class=\"bbc-k0l9bd e1c9i7u12\">\n<li role=\"listitem\" class=\"bbc-1a3w4ok e1c9i7u11\">Cecilia Barr\u00eda<\/li>\n<li role=\"listitem\" class=\"bbc-1p92jtu e1c9i7u10\">BBC News Mundo<\/li>\n<\/ul>\n<\/div>\n<\/div>\n<p><time datetime=\"2022-01-13\" class=\"bbc-14xtggo e4zesg50\">1 hora<\/time><\/p>\n<div dir=\"ltr\" class=\"bbc-1ka88fa e57qer20\">\n<figure class=\"bbc-1qdcvv9 e6bmn90\">\n<div dir=\"ltr\" class=\"bbc-172p16q e57qer20\">\n<div dir=\"ltr\" class=\"bbc-189y18v e57qer20\" readability=\"6.5\">\n<div data-e2e=\"image-placeholder\" class=\"bbc-997y1y e1whu0\" readability=\"8\"><picture class=\"bbc-yfiktt e1enwo3v1\"><source srcset=\"https:\/\/ichef.bbci.co.uk\/news\/240\/cpsprodpb\/DD00\/production\/_122667565_indiraphoto.jpg.webp 240w, https:\/\/ichef.bbci.co.uk\/news\/320\/cpsprodpb\/DD00\/production\/_122667565_indiraphoto.jpg.webp 320w, https:\/\/ichef.bbci.co.uk\/news\/480\/cpsprodpb\/DD00\/production\/_122667565_indiraphoto.jpg.webp 480w, https:\/\/ichef.bbci.co.uk\/news\/624\/cpsprodpb\/DD00\/production\/_122667565_indiraphoto.jpg.webp 624w, https:\/\/ichef.bbci.co.uk\/news\/800\/cpsprodpb\/DD00\/production\/_122667565_indiraphoto.jpg.webp 800w\" type=\"image\/webp\"><source srcset=\"https:\/\/ichef.bbci.co.uk\/news\/240\/cpsprodpb\/DD00\/production\/_122667565_indiraphoto.jpg 240w, https:\/\/ichef.bbci.co.uk\/news\/320\/cpsprodpb\/DD00\/production\/_122667565_indiraphoto.jpg 320w, https:\/\/ichef.bbci.co.uk\/news\/480\/cpsprodpb\/DD00\/production\/_122667565_indiraphoto.jpg 480w, https:\/\/ichef.bbci.co.uk\/news\/624\/cpsprodpb\/DD00\/production\/_122667565_indiraphoto.jpg 624w, https:\/\/ichef.bbci.co.uk\/news\/800\/cpsprodpb\/DD00\/production\/_122667565_indiraphoto.jpg 800w\" type=\"image\/jpeg\"><img loading=\"lazy\" src=\"http:\/\/cordobadirecto.com\/wp-content\/uploads\/2022\/01\/fui-antivacunas-y-ahora-me-arrepiento-la-covid-casi-me-quita-la-vida-el-duro-testimonio-de-indira-jauregui-una-peruana-que-sobrevivio-al-coronavirus.jpg\" alt=\"Indira J\u00e1uregui\" sizes=\"(min-width: 1008px) 645px, 100vw\" width=\"976\" height=\"549\" class=\"eehpdyc0 bbc-rb7xa0 e1enwo3v0\"><\/picture>\n<p role=\"text\" class=\"bbc-1s1cxbv etq3yw90\"><span class=\"bbc-1gnhmg2 e1yt7oin0\">Fuente de la imagen, <\/span><span lang=\"en-GB\">Indira J\u00e1uregui<\/span><\/p>\n<\/div>\n<\/div>\n<div dir=\"ltr\" class=\"bbc-3edg7g e57qer20\" readability=\"6.5\"><figcaption dir=\"ltr\" class=\"bbc-1t9zlwf eede9f50\" readability=\"3\"><span class=\"bbc-1gnhmg2 e1yt7oin0\">Pie de foto, <\/span><\/p>\n<p>Indira J\u00e1uregui estuvo internada 18 d\u00edas por covid-19 con el resto de su familia en Lima, Per\u00fa.<\/p>\n<\/figcaption><\/div>\n<\/div>\n<\/figure>\n<\/div>\n<div dir=\"ltr\" class=\"bbc-19j92fr e57qer20\" readability=\"7\">\n<p dir=\"ltr\" class=\"bbc-bm53ic e1cc2ql70\"><b>Indira J\u00e1uregui era antivacunas. <\/b><\/p>\n<\/div>\n<div dir=\"ltr\" class=\"bbc-19j92fr e57qer20\" readability=\"10\">\n<p dir=\"ltr\" class=\"bbc-bm53ic e1cc2ql70\">Pero despu\u00e9s de pasar 18 d\u00edas internada junto a su familia por covid-19 en Lima, Per\u00fa, cambi\u00f3 radicalmente su forma de pensar.<\/p>\n<\/div>\n<div dir=\"ltr\" class=\"bbc-19j92fr e57qer20\" readability=\"10\">\n<p dir=\"ltr\" class=\"bbc-bm53ic e1cc2ql70\">Conectada al ox\u00edgeno en un centro asistencial, esta mujer de 49 a\u00f1os, sinti\u00f3 que su vida estaba llegando a un punto de no retorno.<\/p>\n<\/div>\n<div dir=\"ltr\" class=\"bbc-19j92fr e57qer20\" readability=\"12\">\n<p dir=\"ltr\" class=\"bbc-bm53ic e1cc2ql70\">&#8220;<b>Para m\u00ed fue como enfrentarme a la muerte<\/b>. Estaba boca abajo y me puse a pensar en mi vida. Pens\u00e9 en lo que no hice y en lo que deb\u00ed hacer. Me puse a pensar en mi familia, en el tiempo que no pas\u00e9 con mi familia por estar trabajando. Pens\u00e9 en los abrazos que no di, en las llamadas que no hice&#8221;.<\/p>\n<\/div>\n<div dir=\"ltr\" class=\"bbc-19j92fr e57qer20\" readability=\"12\">\n<p dir=\"ltr\" class=\"bbc-bm53ic e1cc2ql70\">Como los hospitales estaban colapsados, Indira fue internada en un lugar habilitado para atender pacientes en medio de la emergencia. Hasta ah\u00ed lleg\u00f3 con su madre de 72 a\u00f1os, una hermana, su cu\u00f1ado y su sobrino. Todos contagiados con el virus.<\/p>\n<\/div>\n<div dir=\"ltr\" class=\"bbc-19j92fr e57qer20\" readability=\"11\">\n<p dir=\"ltr\" class=\"bbc-bm53ic e1cc2ql70\">Ella nunca crey\u00f3 en teor\u00edas conspirativas <b>como aquellas que se\u00f1alan que las vacunas son un complot para exterminar a la humanidad,<\/b> o que son hechas con inhumanos procedimientos en los que se utilizan fetos, o que al vacunarte te implantan un chip en el brazo para espiarte.<\/p>\n<\/div>\n<div dir=\"ltr\" class=\"bbc-19j92fr e57qer20\" readability=\"9\">\n<p dir=\"ltr\" class=\"bbc-bm53ic e1cc2ql70\">M\u00e1s bien ten\u00eda miedo a los potenciales efectos secundarios de la vacunaci\u00f3n. Y su profunda convicci\u00f3n en los m\u00e9todos de sanaci\u00f3n natural, la llevaron a creer que no era necesario vacunarse.<\/p>\n<\/div>\n<div dir=\"ltr\" class=\"bbc-19j92fr e57qer20\" readability=\"7\">\n<p dir=\"ltr\" class=\"bbc-bm53ic e1cc2ql70\"><b>Este<\/b><b> es su testimonio contado en primera persona.<\/b><\/p>\n<\/div>\n<div dir=\"ltr\" class=\"bbc-1ka88fa e57qer20\">\n<figure class=\"bbc-1qdcvv9 e6bmn90\">\n<div dir=\"ltr\" class=\"bbc-172p16q e57qer20\">\n<div dir=\"ltr\" class=\"bbc-189y18v e57qer20\">\n<div data-e2e=\"image-placeholder\" class=\"bbc-997y1y e1whu0\"><noscript><picture class=\"bbc-yfiktt e1enwo3v1\"><source srcset=\"http:\/\/cordobadirecto.com\/wp-content\/uploads\/2022\/01\/fui-antivacunas-y-ahora-me-arrepiento-la-covid-casi-me-quita-la-vida-el-duro-testimonio-de-indira-jauregui-una-peruana-que-sobrevivio-al-coronavirus.webp 240w, http:\/\/cordobadirecto.com\/wp-content\/uploads\/2022\/01\/fui-antivacunas-y-ahora-me-arrepiento-la-covid-casi-me-quita-la-vida-el-duro-testimonio-de-indira-jauregui-una-peruana-que-sobrevivio-al-coronavirus-1.webp 320w, http:\/\/cordobadirecto.com\/wp-content\/uploads\/2022\/01\/fui-antivacunas-y-ahora-me-arrepiento-la-covid-casi-me-quita-la-vida-el-duro-testimonio-de-indira-jauregui-una-peruana-que-sobrevivio-al-coronavirus-2.webp 464w\" type=\"image\/webp\"><source srcset=\"https:\/\/ichef.bbci.co.uk\/news\/240\/cpsprodpb\/8AA4\/production\/_112229453_line976.jpg 240w, https:\/\/ichef.bbci.co.uk\/news\/320\/cpsprodpb\/8AA4\/production\/_112229453_line976.jpg 320w, https:\/\/ichef.bbci.co.uk\/news\/464\/cpsprodpb\/8AA4\/production\/_112229453_line976.jpg 464w\" type=\"image\/jpeg\"><img loading=\"lazy\" src=\"http:\/\/cordobadirecto.com\/wp-content\/uploads\/2022\/01\/fui-antivacunas-y-ahora-me-arrepiento-la-covid-casi-me-quita-la-vida-el-duro-testimonio-de-indira-jauregui-una-peruana-que-sobrevivio-al-coronavirus-1.jpg\" alt=\"L\u00ednea\" sizes=\"(min-width: 1008px) 645px, 100vw\" width=\"464\" height=\"2\" class=\"eehpdyc0 bbc-rb7xa0 e1enwo3v0\"><\/picture><\/noscript><\/div>\n<\/div>\n<\/div>\n<\/figure>\n<\/div>\n<div dir=\"ltr\" class=\"bbc-19j92fr e57qer20\" readability=\"9\">\n<p dir=\"ltr\" class=\"bbc-bm53ic e1cc2ql70\">Soy terapeuta alternativa. Cuando comenc\u00e9 a estudiar aprend\u00ed la t\u00e9cnica japonesa del reiki y ahora estoy trabajando con biomagnetismo, que es una terapia con imanes.<\/p>\n<\/div>\n<div dir=\"ltr\" class=\"bbc-19j92fr e57qer20\" readability=\"11\">\n<p dir=\"ltr\" class=\"bbc-bm53ic e1cc2ql70\">En mi c\u00edrculo nos interesa todo lo que es natural, todo lo que tiene que ver con una visi\u00f3n hol\u00edstica de los seres humanos. Como me gusta aprender, <b>he le\u00eddo muchos libros sobre las vacunas y los efectos negativos <\/b>que tienen en la salud.<\/p>\n<\/div>\n<div dir=\"ltr\" class=\"bbc-19j92fr e57qer20\" readability=\"14\">\n<p dir=\"ltr\" class=\"bbc-bm53ic e1cc2ql70\">Pero nunca fui de los que se dedican a satanizarlas, llevando las cosas a un extremo. En las redes sociales como Facebook o los grupos de Whatsapp, he visto muchos mensajes y videos de personas que se van al extremo y que hablan del uso de fetos en las vacunas, de que nos quieren dominar y convertirnos en zombies, o esa teor\u00eda de que cuando te vacunan te ponen un chip en el brazo.<\/p>\n<\/div>\n<div dir=\"ltr\" class=\"bbc-1ka88fa e57qer20\">\n<figure class=\"bbc-1qdcvv9 e6bmn90\">\n<div dir=\"ltr\" class=\"bbc-172p16q e57qer20\">\n<div dir=\"ltr\" class=\"bbc-189y18v e57qer20\" readability=\"6.5\">\n<div data-e2e=\"image-placeholder\" class=\"bbc-997y1y e1whu0\" readability=\"8\"><noscript><picture class=\"bbc-yfiktt e1enwo3v1\"><source srcset=\"http:\/\/cordobadirecto.com\/wp-content\/uploads\/2022\/01\/fui-antivacunas-y-ahora-me-arrepiento-la-covid-casi-me-quita-la-vida-el-duro-testimonio-de-indira-jauregui-una-peruana-que-sobrevivio-al-coronavirus-3.webp 240w, http:\/\/cordobadirecto.com\/wp-content\/uploads\/2022\/01\/fui-antivacunas-y-ahora-me-arrepiento-la-covid-casi-me-quita-la-vida-el-duro-testimonio-de-indira-jauregui-una-peruana-que-sobrevivio-al-coronavirus-4.webp 320w, http:\/\/cordobadirecto.com\/wp-content\/uploads\/2022\/01\/fui-antivacunas-y-ahora-me-arrepiento-la-covid-casi-me-quita-la-vida-el-duro-testimonio-de-indira-jauregui-una-peruana-que-sobrevivio-al-coronavirus-5.webp 480w, http:\/\/cordobadirecto.com\/wp-content\/uploads\/2022\/01\/fui-antivacunas-y-ahora-me-arrepiento-la-covid-casi-me-quita-la-vida-el-duro-testimonio-de-indira-jauregui-una-peruana-que-sobrevivio-al-coronavirus-6.webp 624w, http:\/\/cordobadirecto.com\/wp-content\/uploads\/2022\/01\/fui-antivacunas-y-ahora-me-arrepiento-la-covid-casi-me-quita-la-vida-el-duro-testimonio-de-indira-jauregui-una-peruana-que-sobrevivio-al-coronavirus-7.webp 800w\" type=\"image\/webp\"><source srcset=\"https:\/\/ichef.bbci.co.uk\/news\/240\/cpsprodpb\/17940\/production\/_122667569_gettyimages-1237662129.jpg 240w, https:\/\/ichef.bbci.co.uk\/news\/320\/cpsprodpb\/17940\/production\/_122667569_gettyimages-1237662129.jpg 320w, https:\/\/ichef.bbci.co.uk\/news\/480\/cpsprodpb\/17940\/production\/_122667569_gettyimages-1237662129.jpg 480w, https:\/\/ichef.bbci.co.uk\/news\/624\/cpsprodpb\/17940\/production\/_122667569_gettyimages-1237662129.jpg 624w, https:\/\/ichef.bbci.co.uk\/news\/800\/cpsprodpb\/17940\/production\/_122667569_gettyimages-1237662129.jpg 800w\" type=\"image\/jpeg\"><img loading=\"lazy\" src=\"http:\/\/cordobadirecto.com\/wp-content\/uploads\/2022\/01\/fui-antivacunas-y-ahora-me-arrepiento-la-covid-casi-me-quita-la-vida-el-duro-testimonio-de-indira-jauregui-una-peruana-que-sobrevivio-al-coronavirus-2.jpg\" alt=\"Hombre recibiendo vacuna en Lima, Per\u00fa.\" sizes=\"(min-width: 1008px) 645px, 100vw\" width=\"976\" height=\"549\" class=\"eehpdyc0 bbc-rb7xa0 e1enwo3v0\"><\/picture><\/noscript><\/p>\n<p role=\"text\" class=\"bbc-1s1cxbv etq3yw90\"><span class=\"bbc-1gnhmg2 e1yt7oin0\">Fuente de la imagen, <\/span><span lang=\"en-GB\">Getty Images<\/span><\/p>\n<\/div>\n<\/div>\n<div dir=\"ltr\" class=\"bbc-3edg7g e57qer20\" readability=\"6\"><figcaption dir=\"ltr\" class=\"bbc-1t9zlwf eede9f50\" readability=\"2\"><span class=\"bbc-1gnhmg2 e1yt7oin0\">Pie de foto, <\/span><\/p>\n<p>J\u00e1uregui cuenta que las vacunas le daban miedo por sus potenciales efectos secundarios.<\/p>\n<\/figcaption><\/div>\n<\/div>\n<\/figure>\n<\/div>\n<div dir=\"ltr\" class=\"bbc-19j92fr e57qer20\" readability=\"8\">\n<p dir=\"ltr\" class=\"bbc-bm53ic e1cc2ql70\">Tambi\u00e9n hay otras personas en las redes que se dan cuenta que la ciencia y lo natural se complementan para que el ser humano tenga una vida saludable y equilibrada.<\/p>\n<\/div>\n<div dir=\"ltr\" class=\"bbc-19j92fr e57qer20\" readability=\"10\">\n<p dir=\"ltr\" class=\"bbc-bm53ic e1cc2ql70\">Yo era antivacunas porque conoc\u00eda casos de personas que, antes de que llegara la covid, se hab\u00edan vacunado contra otras enfermedades y hab\u00edan sufrido efectos secundarios.<\/p>\n<\/div>\n<div dir=\"ltr\" class=\"bbc-19j92fr e57qer20\" readability=\"11\">\n<p dir=\"ltr\" class=\"bbc-bm53ic e1cc2ql70\">No quise vacunarme cuando hace a\u00f1os atr\u00e1s apareci\u00f3 el virus del H1N1 y aqu\u00ed en Per\u00fa hicieron campa\u00f1as de vacunaci\u00f3n. Pensaba que, como las vacunas tienen metales pesados, pod\u00edan causar muchos efectos secundarios. Creo que por ah\u00ed viene el miedo.<b>L<\/b><b>as vacunas me daban miedo.<\/b><\/p>\n<\/div>\n<div dir=\"ltr\" class=\"bbc-19j92fr e57qer20\" readability=\"10\">\n<p dir=\"ltr\" class=\"bbc-bm53ic e1cc2ql70\">Tambi\u00e9n pienso que influyeron todas las publicaciones que sal\u00edan en las redes, cada una m\u00e1s fant\u00e1stica que la otra, especialmente esa teor\u00eda de que la pandemia era un invento.<\/p>\n<\/div>\n<p><h2 id=\"Los-hospitales-estaban-colapsados\" tabindex=\"-1\" class=\"bbc-l3e97o e14hemmw0\">&#8220;Los hospitales estaban colapsados&#8221;<\/h2>\n<\/p>\n<div dir=\"ltr\" class=\"bbc-19j92fr e57qer20\" readability=\"10\">\n<p dir=\"ltr\" class=\"bbc-bm53ic e1cc2ql70\">Al principio, cuando reci\u00e9n comenz\u00f3 la covid en China y despu\u00e9s en Europa, pensaba que era como algunos virus de transmisi\u00f3n sexual.<\/p>\n<\/div>\n<div dir=\"ltr\" class=\"bbc-19j92fr e57qer20\" readability=\"10\">\n<p dir=\"ltr\" class=\"bbc-bm53ic e1cc2ql70\">Pero cuando lleg\u00f3 aqu\u00ed, empec\u00e9 a tomar conciencia de lo que estaba pasando. Yo era muy cuidadosa con la desinfecci\u00f3n y todos los cuidados que hay que tener para no contagiarse y no contagiar a otras personas.<\/p>\n<\/div>\n<div dir=\"ltr\" class=\"bbc-1ka88fa e57qer20\">\n<figure class=\"bbc-1qdcvv9 e6bmn90\">\n<div dir=\"ltr\" class=\"bbc-172p16q e57qer20\">\n<div dir=\"ltr\" class=\"bbc-189y18v e57qer20\" readability=\"6.5\">\n<div data-e2e=\"image-placeholder\" class=\"bbc-997y1y e1whu0\" readability=\"8\"><noscript><picture class=\"bbc-yfiktt e1enwo3v1\"><source srcset=\"http:\/\/cordobadirecto.com\/wp-content\/uploads\/2022\/01\/fui-antivacunas-y-ahora-me-arrepiento-la-covid-casi-me-quita-la-vida-el-duro-testimonio-de-indira-jauregui-una-peruana-que-sobrevivio-al-coronavirus-8.webp 240w, http:\/\/cordobadirecto.com\/wp-content\/uploads\/2022\/01\/fui-antivacunas-y-ahora-me-arrepiento-la-covid-casi-me-quita-la-vida-el-duro-testimonio-de-indira-jauregui-una-peruana-que-sobrevivio-al-coronavirus-9.webp 320w, http:\/\/cordobadirecto.com\/wp-content\/uploads\/2022\/01\/fui-antivacunas-y-ahora-me-arrepiento-la-covid-casi-me-quita-la-vida-el-duro-testimonio-de-indira-jauregui-una-peruana-que-sobrevivio-al-coronavirus-10.webp 480w, http:\/\/cordobadirecto.com\/wp-content\/uploads\/2022\/01\/fui-antivacunas-y-ahora-me-arrepiento-la-covid-casi-me-quita-la-vida-el-duro-testimonio-de-indira-jauregui-una-peruana-que-sobrevivio-al-coronavirus-11.webp 624w, http:\/\/cordobadirecto.com\/wp-content\/uploads\/2022\/01\/fui-antivacunas-y-ahora-me-arrepiento-la-covid-casi-me-quita-la-vida-el-duro-testimonio-de-indira-jauregui-una-peruana-que-sobrevivio-al-coronavirus-12.webp 800w\" type=\"image\/webp\"><source srcset=\"https:\/\/ichef.bbci.co.uk\/news\/240\/cpsprodpb\/178DC\/production\/_122667469_gettyimages-1228318076.jpg 240w, https:\/\/ichef.bbci.co.uk\/news\/320\/cpsprodpb\/178DC\/production\/_122667469_gettyimages-1228318076.jpg 320w, https:\/\/ichef.bbci.co.uk\/news\/480\/cpsprodpb\/178DC\/production\/_122667469_gettyimages-1228318076.jpg 480w, https:\/\/ichef.bbci.co.uk\/news\/624\/cpsprodpb\/178DC\/production\/_122667469_gettyimages-1228318076.jpg 624w, https:\/\/ichef.bbci.co.uk\/news\/800\/cpsprodpb\/178DC\/production\/_122667469_gettyimages-1228318076.jpg 800w\" type=\"image\/jpeg\"><img loading=\"lazy\" src=\"http:\/\/cordobadirecto.com\/wp-content\/uploads\/2022\/01\/fui-antivacunas-y-ahora-me-arrepiento-la-covid-casi-me-quita-la-vida-el-duro-testimonio-de-indira-jauregui-una-peruana-que-sobrevivio-al-coronavirus-3.jpg\" alt=\"Pacientes saliendo de la Villa Panamericana, Lima Per\u00fa.\" sizes=\"(min-width: 1008px) 645px, 100vw\" width=\"976\" height=\"549\" class=\"eehpdyc0 bbc-rb7xa0 e1enwo3v0\"><\/picture><\/noscript><\/p>\n<p role=\"text\" class=\"bbc-1s1cxbv etq3yw90\"><span class=\"bbc-1gnhmg2 e1yt7oin0\">Fuente de la imagen, <\/span><span lang=\"en-GB\">Getty Images<\/span><\/p>\n<\/div>\n<\/div>\n<div dir=\"ltr\" class=\"bbc-3edg7g e57qer20\" readability=\"7\"><figcaption dir=\"ltr\" class=\"bbc-1t9zlwf eede9f50\" readability=\"4\"><span class=\"bbc-1gnhmg2 e1yt7oin0\">Pie de foto, <\/span><\/p>\n<p>Estas sobrevivientes de covid-19 van de regreso a su casa desde la Villa Panamericana en Lima, donde estuvo internada Indira J\u00e1uregui.<\/p>\n<\/figcaption><\/div>\n<\/div>\n<\/figure>\n<\/div>\n<div dir=\"ltr\" class=\"bbc-19j92fr e57qer20\" readability=\"12\">\n<p dir=\"ltr\" class=\"bbc-bm53ic e1cc2ql70\">Hice todo lo posible para evitar el contagio, incluso he sido exageraba con el tema del cuidado y de seguir los protocolos, pero al final <b>me contagi\u00e9 en mi casa<\/b>, con mi familia. Era julio del a\u00f1o pasado.<\/p>\n<\/div>\n<div dir=\"ltr\" class=\"bbc-19j92fr e57qer20\" readability=\"11\">\n<p dir=\"ltr\" class=\"bbc-bm53ic e1cc2ql70\">Cuando dimos positivo, llamamos a la l\u00ednea 107 que tenemos aqu\u00ed en Per\u00fa para los que tienen covid. Nos internaron a todos en la Villa Panamericana, unos departamentos que construyeron para los deportistas que vinieron a las Olimp\u00edadas (Juegos Panamericanos de 2019).<\/p>\n<\/div>\n<div dir=\"ltr\" class=\"bbc-19j92fr e57qer20\" readability=\"10\">\n<p dir=\"ltr\" class=\"bbc-bm53ic e1cc2ql70\">Con la pandemia esa villa se convirti\u00f3 como en un hospital para la gente con covid. <b>Es que como los hospitales estaban colapsados<\/b>, abrieron otros lugares para los enfermos. La Villa Panamericana era un lugar bien equipado y los m\u00e9dicos nos trataban muy bien.<\/p>\n<\/div>\n<div dir=\"ltr\" class=\"bbc-19j92fr e57qer20\" readability=\"11\">\n<p dir=\"ltr\" class=\"bbc-bm53ic e1cc2ql70\">El problema es que cuando me internaron, al tercer d\u00eda empec\u00e9 con una fiebre alta y se me elev\u00f3 la presi\u00f3n. No com\u00eda, no pod\u00eda comer. Un m\u00e9dico me dijo que si quer\u00eda vivir, ten\u00eda que comer.<\/p>\n<\/div>\n<div dir=\"ltr\" class=\"bbc-19j92fr e57qer20\" readability=\"10\">\n<p dir=\"ltr\" class=\"bbc-bm53ic e1cc2ql70\">Como estaba empeorando, al sexto d\u00eda me tuvieron que bajar a un lugar como un hangar donde ten\u00edan a los pacientes conectados al ox\u00edgeno. Ah\u00ed fue cuando trajeron un bal\u00f3n y me pusieron el ox\u00edgeno.<\/p>\n<\/div>\n<div dir=\"ltr\" class=\"bbc-19j92fr e57qer20\" readability=\"9\">\n<p dir=\"ltr\" class=\"bbc-bm53ic e1cc2ql70\">A medida que pasaba el tiempo me iban aumentando el ox\u00edgeno porque no mejoraba, hasta que el m\u00e9dico me dijo que <b>ten\u00eda que pasar 17 horas boca abajo.<\/b><\/p>\n<\/div>\n<div dir=\"ltr\" class=\"bbc-19j92fr e57qer20\" readability=\"10\">\n<p dir=\"ltr\" class=\"bbc-bm53ic e1cc2ql70\">Yo, la verdad, es que soy gordita. Entonces para mi estar boca abajo era un suplicio. Todo se fue complicando en ese momento.<\/p>\n<\/div>\n<div class=\"bbc-sffzb7 e8v25yx0\" readability=\"7\">\n<p><h2 id=\"Fue-como-enfrentarme-a-la-muerte\" tabindex=\"-1\" class=\"bbc-l3e97o e14hemmw0\">&#8220;Fue como enfrentarme a la muerte&#8221;<\/h2>\n<\/p>\n<\/div>\n<div dir=\"ltr\" class=\"bbc-19j92fr e57qer20\" readability=\"11\">\n<p dir=\"ltr\" class=\"bbc-bm53ic e1cc2ql70\">Para m\u00ed fue como enfrentarme a la muerte. Estaba boca abajo y me puse a pensar en mi vida. Pens\u00e9 en lo que no hice y en lo que deb\u00ed hacer. Me puse a pensar en mi familia, en el tiempo que no pas\u00e9 con mi familia por estar trabajando. Pens\u00e9 en los abrazos que no di, en las llamadas que no hice.<\/p>\n<\/div>\n<div dir=\"ltr\" class=\"bbc-19j92fr e57qer20\" readability=\"10\">\n<p dir=\"ltr\" class=\"bbc-bm53ic e1cc2ql70\">Toda mi vida pasaba por mi mente, desde la ni\u00f1ez hasta ese momento. Dec\u00eda&#8230; <b>&#8220;Dios m\u00edo, dame otra oportunidad&#8221;.<\/b><\/p>\n<\/div>\n<div dir=\"ltr\" class=\"bbc-19j92fr e57qer20\">\n<figure class=\"bbc-1qdcvv9 e6bmn90\">\n<div dir=\"ltr\" class=\"bbc-37mmq3 e57qer20\">\n<div dir=\"ltr\" class=\"bbc-189y18v e57qer20\" readability=\"6.5\">\n<div data-e2e=\"image-placeholder\" class=\"bbc-997y1y e1whu0\" readability=\"8\"><noscript><picture class=\"bbc-yfiktt e1enwo3v1\"><source srcset=\"http:\/\/cordobadirecto.com\/wp-content\/uploads\/2022\/01\/fui-antivacunas-y-ahora-me-arrepiento-la-covid-casi-me-quita-la-vida-el-duro-testimonio-de-indira-jauregui-una-peruana-que-sobrevivio-al-coronavirus-13.webp 240w, http:\/\/cordobadirecto.com\/wp-content\/uploads\/2022\/01\/fui-antivacunas-y-ahora-me-arrepiento-la-covid-casi-me-quita-la-vida-el-duro-testimonio-de-indira-jauregui-una-peruana-que-sobrevivio-al-coronavirus-14.webp 320w, http:\/\/cordobadirecto.com\/wp-content\/uploads\/2022\/01\/fui-antivacunas-y-ahora-me-arrepiento-la-covid-casi-me-quita-la-vida-el-duro-testimonio-de-indira-jauregui-una-peruana-que-sobrevivio-al-coronavirus-15.webp 480w, http:\/\/cordobadirecto.com\/wp-content\/uploads\/2022\/01\/fui-antivacunas-y-ahora-me-arrepiento-la-covid-casi-me-quita-la-vida-el-duro-testimonio-de-indira-jauregui-una-peruana-que-sobrevivio-al-coronavirus-16.webp 549w\" type=\"image\/webp\"><source srcset=\"https:\/\/ichef.bbci.co.uk\/news\/240\/cpsprodpb\/17170\/production\/_122667549_photo-2022-01-11-18-25-39.jpg 240w, https:\/\/ichef.bbci.co.uk\/news\/320\/cpsprodpb\/17170\/production\/_122667549_photo-2022-01-11-18-25-39.jpg 320w, https:\/\/ichef.bbci.co.uk\/news\/480\/cpsprodpb\/17170\/production\/_122667549_photo-2022-01-11-18-25-39.jpg 480w, https:\/\/ichef.bbci.co.uk\/news\/549\/cpsprodpb\/17170\/production\/_122667549_photo-2022-01-11-18-25-39.jpg 549w\" type=\"image\/jpeg\"><img loading=\"lazy\" src=\"http:\/\/cordobadirecto.com\/wp-content\/uploads\/2022\/01\/fui-antivacunas-y-ahora-me-arrepiento-la-covid-casi-me-quita-la-vida-el-duro-testimonio-de-indira-jauregui-una-peruana-que-sobrevivio-al-coronavirus-4.jpg\" alt=\"Indira J\u00e1uregui\" sizes=\"(min-width: 1008px) 645px, 100vw\" width=\"549\" height=\"549\" class=\"eehpdyc0 bbc-rb7xa0 e1enwo3v0\"><\/picture><\/noscript><\/p>\n<p role=\"text\" class=\"bbc-1s1cxbv etq3yw90\"><span class=\"bbc-1gnhmg2 e1yt7oin0\">Fuente de la imagen, <\/span><span lang=\"en-GB\">Indira J\u00e1uregui<\/span><\/p>\n<\/div>\n<\/div>\n<div dir=\"ltr\" class=\"bbc-3edg7g e57qer20\" readability=\"7.5\"><figcaption dir=\"ltr\" class=\"bbc-1t9zlwf eede9f50\" readability=\"5\"><span class=\"bbc-1gnhmg2 e1yt7oin0\">Pie de foto, <\/span><\/p>\n<p>Pens\u00e9 en los abrazos que no di, en las llamadas que no hice. Dec\u00eda&#8230; &#8220;Dios m\u00edo, dame otra oportunidad&#8221;.<\/p>\n<\/figcaption><\/div>\n<\/div>\n<\/figure>\n<\/div>\n<div dir=\"ltr\" class=\"bbc-19j92fr e57qer20\" readability=\"12\">\n<p dir=\"ltr\" class=\"bbc-bm53ic e1cc2ql70\">Mi mam\u00e1, en cambio, estaba vacunada con las dos dosis. Mis hermanas la llevaron a vacunarse y yo creo que a mi mam\u00e1 la salv\u00f3 la vacuna. Es que si no, mi mam\u00e1 no hubiese superado la covid y no estar\u00eda aqu\u00ed con nosotros.<\/p>\n<\/div>\n<div dir=\"ltr\" class=\"bbc-19j92fr e57qer20\" readability=\"11\">\n<p dir=\"ltr\" class=\"bbc-bm53ic e1cc2ql70\">Con esa experiencia me di cuenta de lo que estaba pasando y entend\u00ed que hay cosas que la ciencia sabe por qu\u00e9 las hace. <b>Fui antivacunas y ahora me arrepiento. <\/b><b>La<\/b><b> covid casi me quita la vida<\/b>, pero nunca fui como esas personas antivacunas extremas. Nunca fui una fan\u00e1tica que cree todo lo que le dicen.<\/p>\n<\/div>\n<div dir=\"ltr\" class=\"bbc-19j92fr e57qer20\" readability=\"9\">\n<p dir=\"ltr\" class=\"bbc-bm53ic e1cc2ql70\">Cuando volv\u00ed a mi casa estaba convencida de vacunarme. Esper\u00e9 los tres meses que hay que esperar y lo hice. Y ahora estoy esperando el tiempo para la vacuna de refuerzo. Aqu\u00ed en Per\u00fa ya estamos con la tercera dosis.<\/p>\n<\/div>\n<div dir=\"ltr\" class=\"bbc-19j92fr e57qer20\" readability=\"10\">\n<p dir=\"ltr\" class=\"bbc-bm53ic e1cc2ql70\">Con el tiempo, creo que Dios me ha dado la raz\u00f3n de que fue bueno que cambiara de opini\u00f3n, porque <b>hace tres meses falleci\u00f3 mi t\u00edo F\u00e9lix por covid y \u00e9l nunca quiso vacunarse. <\/b><\/p>\n<\/div>\n<div dir=\"ltr\" class=\"bbc-19j92fr e57qer20\" readability=\"12\">\n<p dir=\"ltr\" class=\"bbc-bm53ic e1cc2ql70\">Conozco a varias personas que no quieren vacunarse. Cuando conversamos les pregunto, &#8220;\u00bfqu\u00e9 es lo peor que te puede pasar?. Lo peor que te puede pasar es tener efectos secundarios, les digo, pero no te vas a morir&#8221;. <\/p>\n<\/div>\n<div dir=\"ltr\" class=\"bbc-19j92fr e57qer20\" readability=\"10\">\n<p dir=\"ltr\" class=\"bbc-bm53ic e1cc2ql70\">Tambi\u00e9n les pregunto si quieren a su familia, a sus hijos. Les digo que si no quieren vacunarse por ellos mismos, que lo hagan por sus seres queridos.<\/p>\n<\/div>\n<div dir=\"ltr\" class=\"bbc-1ka88fa e57qer20\">\n<figure class=\"bbc-1qdcvv9 e6bmn90\">\n<div dir=\"ltr\" class=\"bbc-172p16q e57qer20\">\n<div dir=\"ltr\" class=\"bbc-189y18v e57qer20\">\n<div data-e2e=\"image-placeholder\" class=\"bbc-997y1y e1whu0\"><noscript><picture class=\"bbc-yfiktt e1enwo3v1\"><source srcset=\"http:\/\/cordobadirecto.com\/wp-content\/uploads\/2022\/01\/fui-antivacunas-y-ahora-me-arrepiento-la-covid-casi-me-quita-la-vida-el-duro-testimonio-de-indira-jauregui-una-peruana-que-sobrevivio-al-coronavirus.webp 240w, http:\/\/cordobadirecto.com\/wp-content\/uploads\/2022\/01\/fui-antivacunas-y-ahora-me-arrepiento-la-covid-casi-me-quita-la-vida-el-duro-testimonio-de-indira-jauregui-una-peruana-que-sobrevivio-al-coronavirus-1.webp 320w, http:\/\/cordobadirecto.com\/wp-content\/uploads\/2022\/01\/fui-antivacunas-y-ahora-me-arrepiento-la-covid-casi-me-quita-la-vida-el-duro-testimonio-de-indira-jauregui-una-peruana-que-sobrevivio-al-coronavirus-2.webp 464w\" type=\"image\/webp\"><source srcset=\"https:\/\/ichef.bbci.co.uk\/news\/240\/cpsprodpb\/8AA4\/production\/_112229453_line976.jpg 240w, https:\/\/ichef.bbci.co.uk\/news\/320\/cpsprodpb\/8AA4\/production\/_112229453_line976.jpg 320w, https:\/\/ichef.bbci.co.uk\/news\/464\/cpsprodpb\/8AA4\/production\/_112229453_line976.jpg 464w\" type=\"image\/jpeg\"><img loading=\"lazy\" src=\"http:\/\/cordobadirecto.com\/wp-content\/uploads\/2022\/01\/fui-antivacunas-y-ahora-me-arrepiento-la-covid-casi-me-quita-la-vida-el-duro-testimonio-de-indira-jauregui-una-peruana-que-sobrevivio-al-coronavirus-1.jpg\" alt=\"L\u00ednea\" sizes=\"(min-width: 1008px) 645px, 100vw\" width=\"464\" height=\"2\" class=\"eehpdyc0 bbc-rb7xa0 e1enwo3v0\"><\/picture><\/noscript><\/div>\n<\/div>\n<\/div>\n<\/figure>\n<\/div>\n<div dir=\"ltr\" class=\"bbc-19j92fr e57qer20\" readability=\"8\">\n<p dir=\"ltr\" class=\"bbc-bm53ic e1cc2ql70\"><i class=\"bbc-h1y5j7 ewc4zcb0\">Ahora puedes recibir notificaciones de BBC Mundo. Descarga la nueva versi\u00f3n de nuestra app y act\u00edvalas para no perderte nuestro mejor contenido.<\/i><\/p>\n<\/div>\n","protected":false},"excerpt":{"rendered":"<p>Cecilia Barr\u00eda BBC News Mundo 1 hora Fuente de la imagen, Indira J\u00e1uregui Pie de foto, Indira J\u00e1uregui estuvo internada 18 d\u00edas por covid-19 con el resto de su familia en Lima, Per\u00fa. Indira J\u00e1uregui era antivacunas. Pero despu\u00e9s de pasar 18 d\u00edas internada junto a su familia por covid-19 en Lima, Per\u00fa, cambi\u00f3 radicalmente [&hellip;]<\/p>\n","protected":false},"author":1,"featured_media":38669,"comment_status":"closed","ping_status":"closed","sticky":false,"template":"","format":"standard","meta":[],"categories":[24],"tags":[],"_links":{"self":[{"href":"http:\/\/cordobadirecto.com\/index.php\/wp-json\/wp\/v2\/posts\/38668"}],"collection":[{"href":"http:\/\/cordobadirecto.com\/index.php\/wp-json\/wp\/v2\/posts"}],"about":[{"href":"http:\/\/cordobadirecto.com\/index.php\/wp-json\/wp\/v2\/types\/post"}],"author":[{"embeddable":true,"href":"http:\/\/cordobadirecto.com\/index.php\/wp-json\/wp\/v2\/users\/1"}],"replies":[{"embeddable":true,"href":"http:\/\/cordobadirecto.com\/index.php\/wp-json\/wp\/v2\/comments?post=38668"}],"version-history":[{"count":0,"href":"http:\/\/cordobadirecto.com\/index.php\/wp-json\/wp\/v2\/posts\/38668\/revisions"}],"wp:featuredmedia":[{"embeddable":true,"href":"http:\/\/cordobadirecto.com\/index.php\/wp-json\/wp\/v2\/media\/38669"}],"wp:attachment":[{"href":"http:\/\/cordobadirecto.com\/index.php\/wp-json\/wp\/v2\/media?parent=38668"}],"wp:term":[{"taxonomy":"category","embeddable":true,"href":"http:\/\/cordobadirecto.com\/index.php\/wp-json\/wp\/v2\/categories?post=38668"},{"taxonomy":"post_tag","embeddable":true,"href":"http:\/\/cordobadirecto.com\/index.php\/wp-json\/wp\/v2\/tags?post=38668"}],"curies":[{"name":"wp","href":"https:\/\/api.w.org\/{rel}","templated":true}]}}