{"id":38767,"date":"2022-01-13T13:46:33","date_gmt":"2022-01-13T13:46:33","guid":{"rendered":"http:\/\/cordobadirecto.com\/index.php\/2022\/01\/13\/pachano-tendra-una-semana-a-la-gorra-en-villa-carlos-paz\/"},"modified":"2022-01-13T13:46:33","modified_gmt":"2022-01-13T13:46:33","slug":"pachano-tendra-una-semana-a-la-gorra-en-villa-carlos-paz","status":"publish","type":"post","link":"http:\/\/cordobadirecto.com\/index.php\/2022\/01\/13\/pachano-tendra-una-semana-a-la-gorra-en-villa-carlos-paz\/","title":{"rendered":"Pachano tendr\u00e1 una semana &#8220;a la gorra&#8221; en Villa Carlos Paz"},"content":{"rendered":"<figure class=\"mb-3\"><img loading=\"lazy\" src=\"http:\/\/cordobadirecto.com\/wp-content\/uploads\/2022\/01\/pachano-tendra-una-semana-a-la-gorra-en-villa-carlos-paz.jpg\" width=\"100%\" height=\"100%\" alt=\"Foto Maximiliano Luna\"><figcaption> Foto: Maximiliano Luna. <\/figcaption><\/figure>\n<p>El core\u00f3grafo, bailar\u00edn y director teatral <strong>An\u00edbal Pachano<\/strong> decidi\u00f3 que a partir de hoy el espect\u00e1culo <strong>\u201cAs\u00ed vuelvo\u201d<\/strong> con el que se despide de los escenarios, tenga una semana de localidades \u201ca la galera\u201d en sus funciones en el Teatro Acuario de Villa Carlos Paz.<\/p>\n<p>Debido al contexto socio econ\u00f3mico actual <strong>Pachano abrir\u00e1 las puertas del teatro para que todo el p\u00fablico pueda ver y disfrutar de un espect\u00e1culo de gran envergadura<\/strong>, anunci\u00f3 esta noche la productora We Latinoam\u00e9rica Entertainment.<\/p>\n<p><strong>\u201cTenemos much\u00edsimo talento art\u00edstico joven que la gente no llega a conocer ya sea porque no pueda pagar una entrada o porque no se le da el lugar a la nueva generaci\u00f3n de artistas. Quiero que todos conozcan a estos grandes bailarines, actores, actrices y cantantes que est\u00e1n comenzando en la escena nacional\u201d<\/strong>, justific\u00f3 la decisi\u00f3n el artista.<\/p>\n<figure class=\"mb-3\"><img loading=\"lazy\" src=\"http:\/\/cordobadirecto.com\/wp-content\/uploads\/2022\/01\/pachano-tendra-una-semana-a-la-gorra-en-villa-carlos-paz-1.jpg\" width=\"100%\" height=\"100%\" alt=\"Foto Maximiliano Luna\"><figcaption> Foto: Maximiliano Luna. <\/figcaption><\/figure>\n<p>En esa l\u00ednea, uno de los creadores de los Botton Tap, a\u00f1adi\u00f3: <strong>&#8220;Abrimos las puertas del teatro para que todas las familias puedan experimentar un momento \u00fanico. Es mi despedida de los escenarios y quiero que sea a lo grande, a sala llena y que todos tengan las mismas oportunidades\u201d.<\/strong><\/p>\n<p>Las funciones \u201ca la galera\u201d, un modo elegante de denominar la modalidad \u201ca la gorra\u201d de muchos espect\u00e1culos que procuran hacerse notar, pero inusual en shows comerciales de envergadura, se extender\u00e1 hasta el domingo, siempre a las 21, en la Galer\u00eda Acuario (Leandro N. Alem 48 Planta Alta) de la ciudad serrana.<\/p>\n<figure class=\"mb-3\"><img loading=\"lazy\" src=\"http:\/\/cordobadirecto.com\/wp-content\/uploads\/2022\/01\/pachano-tendra-una-semana-a-la-gorra-en-villa-carlos-paz-2.jpg\" width=\"100%\" height=\"100%\" alt=\"Foto Maximiliano Luna\"><figcaption> Foto: Maximiliano Luna. <\/figcaption><\/figure>\n<p>El elenco de \u201cAs\u00ed vuelvo\u201d lo integran <strong>Georgina Tirotta, Yasmin Corti, Victoria Molotok, Marcela Wonder, Gonzalo Gerber, Nacho P\u00e9rez Cort\u00e9s, Mat\u00edas Vega, Yanina Muzyka<\/strong> y<strong> Emmanuel Casal.<\/strong><\/p>\n<p>A todos ellos Pachano ponder\u00f3 en una entrevista con T\u00e9lam a finales de 2021 indicando que \u201c<strong>el momento de la juventud es totalmente prol\u00edfico, estudian, se preparan, son medio m\u00fasicos, actor, clown, de la misma manera que creamos nosotros el concepto de Botton Tap\u201d.<\/strong> <\/p>\n","protected":false},"excerpt":{"rendered":"<p>Foto: Maximiliano Luna. El core\u00f3grafo, bailar\u00edn y director teatral An\u00edbal Pachano decidi\u00f3 que a partir de hoy el espect\u00e1culo \u201cAs\u00ed vuelvo\u201d con el que se despide de los escenarios, tenga una semana de localidades \u201ca la galera\u201d en sus funciones en el Teatro Acuario de Villa Carlos Paz. Debido al contexto socio econ\u00f3mico actual Pachano [&hellip;]<\/p>\n","protected":false},"author":1,"featured_media":38768,"comment_status":"closed","ping_status":"closed","sticky":false,"template":"","format":"standard","meta":[],"categories":[20],"tags":[],"_links":{"self":[{"href":"http:\/\/cordobadirecto.com\/index.php\/wp-json\/wp\/v2\/posts\/38767"}],"collection":[{"href":"http:\/\/cordobadirecto.com\/index.php\/wp-json\/wp\/v2\/posts"}],"about":[{"href":"http:\/\/cordobadirecto.com\/index.php\/wp-json\/wp\/v2\/types\/post"}],"author":[{"embeddable":true,"href":"http:\/\/cordobadirecto.com\/index.php\/wp-json\/wp\/v2\/users\/1"}],"replies":[{"embeddable":true,"href":"http:\/\/cordobadirecto.com\/index.php\/wp-json\/wp\/v2\/comments?post=38767"}],"version-history":[{"count":0,"href":"http:\/\/cordobadirecto.com\/index.php\/wp-json\/wp\/v2\/posts\/38767\/revisions"}],"wp:featuredmedia":[{"embeddable":true,"href":"http:\/\/cordobadirecto.com\/index.php\/wp-json\/wp\/v2\/media\/38768"}],"wp:attachment":[{"href":"http:\/\/cordobadirecto.com\/index.php\/wp-json\/wp\/v2\/media?parent=38767"}],"wp:term":[{"taxonomy":"category","embeddable":true,"href":"http:\/\/cordobadirecto.com\/index.php\/wp-json\/wp\/v2\/categories?post=38767"},{"taxonomy":"post_tag","embeddable":true,"href":"http:\/\/cordobadirecto.com\/index.php\/wp-json\/wp\/v2\/tags?post=38767"}],"curies":[{"name":"wp","href":"https:\/\/api.w.org\/{rel}","templated":true}]}}