{"id":38775,"date":"2022-01-13T12:28:00","date_gmt":"2022-01-13T12:28:00","guid":{"rendered":"https:\/\/www.ole.com.ar\/autos\/moreno-segunda-11-etapa_0_3r7o0d0Ns.html"},"modified":"2022-01-13T12:28:00","modified_gmt":"2022-01-13T12:28:00","slug":"moreno-llego-tercero-y-sigue-segundo-en-la-general","status":"publish","type":"post","link":"http:\/\/cordobadirecto.com\/index.php\/2022\/01\/13\/moreno-llego-tercero-y-sigue-segundo-en-la-general\/","title":{"rendered":"Moreno lleg\u00f3 tercero y sigue segundo en la general"},"content":{"rendered":"<p>La etapa 11 del Dakar 2022 para los Cuatriciclos se llev\u00f3 a cabo en Bisha con 346 kil\u00f3metros de especial, <mark>donde el argentino Francisco Moreno lleg\u00f3 en la tercera colocaci\u00f3n y sigue segundo en la general. Por su parte, Marcelo Medeiros fue el ganador.<\/mark><\/p>\n<div class=\"sp__SM\">\n<div class=\"content-new \">\n<span class=\"tit-mobile\">Mir\u00e1 tambi\u00e9n<\/span><\/p>\n<div class=\"mg\">\n<div class=\"wrap-figure\">\n<picture>\n<a href=\"https:\/\/www.ole.com.ar\/autos\/kevin-benavides-gano-11-etapa_0_DWBPvYNlR.html\" target=\"_self\" rel=\"noopener\"><br \/>\n<img class=\"img-responsive\" alt=\"Se reenganch\u00f3 y gan\u00f3 la etapa\" src=\"http:\/\/cordobadirecto.com\/wp-content\/uploads\/2022\/01\/moreno-llego-tercero-y-sigue-segundo-en-la-general.jpg\" loading=\"lazy\"><br \/>\n<\/a>\n<\/picture>\n<\/div>\n<\/div><\/div>\n<\/div>\n<p><mark>Medeiros cronometr\u00f3 4h53m29 y gan\u00f3 la pen\u00faltima etapa. Dej\u00f3 como escolta a Kamil Wisniewski a 5m4s y tercero lleg\u00f3 el argentino Moreno a una diferencia de 9m48s. <\/mark>Mientras que completaron los mejores cinco Alexandre Giroud y Zdenek Tuma.<\/p>\n<p><mark>En la general, Giroud es el l\u00edder con un tiempo de 47h26m25s. Segundo est\u00e1 Moreno a una diferencia de 2h41m24s y tercero aparece Wisniewski a 2h44m55s. <\/mark>Mientras que cuarto se ubica Tuma y quinto Medeiros.<\/p>\n<div class=\"sp__SM\">\n<div class=\"content-new \">\n<span class=\"tit-mobile\">Mir\u00e1 tambi\u00e9n<\/span><\/p>\n<div class=\"mg\">\n<div class=\"wrap-figure\">\n<picture>\n<a href=\"https:\/\/www.ole.com.ar\/autos\/abandono-benavides-campeon-dakar-llanto_0_wQfxOtmlq.html\" target=\"_self\" rel=\"noopener\"><br \/>\n<img class=\"img-responsive\" alt=\"El abandono y llanto del campe\u00f3n argentino en el Dakar\" src=\"http:\/\/cordobadirecto.com\/wp-content\/uploads\/2022\/01\/moreno-llego-tercero-y-sigue-segundo-en-la-general-1.jpg\" loading=\"lazy\"><br \/>\n<\/a>\n<\/picture>\n<\/div>\n<\/div><\/div>\n<\/div>\n<p>La \u00faltima etapa del Dakar 2022 para los Cuatriciclos se realizar\u00e1 el viernes entre Bisha y Jeddah con 516 kil\u00f3metros de enlace y 164 de especial.<\/p>\n<div class=\"entry-tags\">\n<h2>TEMAS QUE APARECEN EN ESTA NOTA<\/h2>\n<\/p><\/div>\n","protected":false},"excerpt":{"rendered":"<p>La etapa 11 del Dakar 2022 para los Cuatriciclos se llev\u00f3 a cabo en Bisha con 346 kil\u00f3metros de especial, donde el argentino Francisco Moreno lleg\u00f3 en la tercera colocaci\u00f3n y sigue segundo en la general. Por su parte, Marcelo Medeiros fue el ganador. Mir\u00e1 tambi\u00e9n Medeiros cronometr\u00f3 4h53m29 y gan\u00f3 la pen\u00faltima etapa. Dej\u00f3 [&hellip;]<\/p>\n","protected":false},"author":1,"featured_media":38776,"comment_status":"closed","ping_status":"closed","sticky":false,"template":"","format":"standard","meta":[],"categories":[21],"tags":[],"_links":{"self":[{"href":"http:\/\/cordobadirecto.com\/index.php\/wp-json\/wp\/v2\/posts\/38775"}],"collection":[{"href":"http:\/\/cordobadirecto.com\/index.php\/wp-json\/wp\/v2\/posts"}],"about":[{"href":"http:\/\/cordobadirecto.com\/index.php\/wp-json\/wp\/v2\/types\/post"}],"author":[{"embeddable":true,"href":"http:\/\/cordobadirecto.com\/index.php\/wp-json\/wp\/v2\/users\/1"}],"replies":[{"embeddable":true,"href":"http:\/\/cordobadirecto.com\/index.php\/wp-json\/wp\/v2\/comments?post=38775"}],"version-history":[{"count":0,"href":"http:\/\/cordobadirecto.com\/index.php\/wp-json\/wp\/v2\/posts\/38775\/revisions"}],"wp:featuredmedia":[{"embeddable":true,"href":"http:\/\/cordobadirecto.com\/index.php\/wp-json\/wp\/v2\/media\/38776"}],"wp:attachment":[{"href":"http:\/\/cordobadirecto.com\/index.php\/wp-json\/wp\/v2\/media?parent=38775"}],"wp:term":[{"taxonomy":"category","embeddable":true,"href":"http:\/\/cordobadirecto.com\/index.php\/wp-json\/wp\/v2\/categories?post=38775"},{"taxonomy":"post_tag","embeddable":true,"href":"http:\/\/cordobadirecto.com\/index.php\/wp-json\/wp\/v2\/tags?post=38775"}],"curies":[{"name":"wp","href":"https:\/\/api.w.org\/{rel}","templated":true}]}}