{"id":38798,"date":"2022-01-13T16:25:53","date_gmt":"2022-01-13T16:25:53","guid":{"rendered":"http:\/\/cordobadirecto.com\/index.php\/2022\/01\/13\/el-municipio-cierra-los-parques-de-bahia-por-los-fuertes-vientos-la-nueva-provincia\/"},"modified":"2022-01-13T16:25:53","modified_gmt":"2022-01-13T16:25:53","slug":"el-municipio-cierra-los-parques-de-bahia-por-los-fuertes-vientos-la-nueva-provincia","status":"publish","type":"post","link":"http:\/\/cordobadirecto.com\/index.php\/2022\/01\/13\/el-municipio-cierra-los-parques-de-bahia-por-los-fuertes-vientos-la-nueva-provincia\/","title":{"rendered":"El Municipio cierra los parques de Bah\u00eda por los fuertes vientos &#8211; La <b>Nueva<\/b> Provincia"},"content":{"rendered":"<p>Adem\u00e1s, por las mismas razones se cort\u00f3 el tr\u00e1nsito vehicular en calle <b>C\u00f3rdoba<\/b>, entre 12 de Octubre y Av Alem. La medida se repite cada vez que se&nbsp;&#8230; <\/p>\n","protected":false},"excerpt":{"rendered":"<p>Adem\u00e1s, por las mismas razones se cort\u00f3 el tr\u00e1nsito vehicular en calle C\u00f3rdoba, entre 12 de Octubre y Av Alem. La medida se repite cada vez que se&nbsp;&#8230;<\/p>\n","protected":false},"author":1,"featured_media":0,"comment_status":"closed","ping_status":"closed","sticky":false,"template":"","format":"standard","meta":[],"categories":[40],"tags":[],"_links":{"self":[{"href":"http:\/\/cordobadirecto.com\/index.php\/wp-json\/wp\/v2\/posts\/38798"}],"collection":[{"href":"http:\/\/cordobadirecto.com\/index.php\/wp-json\/wp\/v2\/posts"}],"about":[{"href":"http:\/\/cordobadirecto.com\/index.php\/wp-json\/wp\/v2\/types\/post"}],"author":[{"embeddable":true,"href":"http:\/\/cordobadirecto.com\/index.php\/wp-json\/wp\/v2\/users\/1"}],"replies":[{"embeddable":true,"href":"http:\/\/cordobadirecto.com\/index.php\/wp-json\/wp\/v2\/comments?post=38798"}],"version-history":[{"count":0,"href":"http:\/\/cordobadirecto.com\/index.php\/wp-json\/wp\/v2\/posts\/38798\/revisions"}],"wp:attachment":[{"href":"http:\/\/cordobadirecto.com\/index.php\/wp-json\/wp\/v2\/media?parent=38798"}],"wp:term":[{"taxonomy":"category","embeddable":true,"href":"http:\/\/cordobadirecto.com\/index.php\/wp-json\/wp\/v2\/categories?post=38798"},{"taxonomy":"post_tag","embeddable":true,"href":"http:\/\/cordobadirecto.com\/index.php\/wp-json\/wp\/v2\/tags?post=38798"}],"curies":[{"name":"wp","href":"https:\/\/api.w.org\/{rel}","templated":true}]}}