{"id":38803,"date":"2022-01-13T21:00:00","date_gmt":"2022-01-13T21:00:00","guid":{"rendered":"http:\/\/cordobadirecto.com\/index.php\/2022\/01\/13\/el-principe-andres-de-inglaterra-renuncio-a-sus-cargos-honorificos\/"},"modified":"2022-01-13T21:00:00","modified_gmt":"2022-01-13T21:00:00","slug":"el-principe-andres-de-inglaterra-renuncio-a-sus-cargos-honorificos","status":"publish","type":"post","link":"http:\/\/cordobadirecto.com\/index.php\/2022\/01\/13\/el-principe-andres-de-inglaterra-renuncio-a-sus-cargos-honorificos\/","title":{"rendered":"El pr\u00edncipe Andr\u00e9s de Inglaterra renunci\u00f3 a sus cargos honor\u00edficos"},"content":{"rendered":"<figure class=\"mb-3\"><img loading=\"lazy\" src=\"http:\/\/cordobadirecto.com\/wp-content\/uploads\/2022\/01\/el-principe-andres-de-inglaterra-renuncio-a-sus-cargos-honorificos.jpg\" width=\"100%\" height=\"100%\" alt=\"Telam SE\"><figcaption><\/figcaption><\/figure>\n<p>La decisi\u00f3n del <strong>pr\u00edncipe Andr\u00e9s<\/strong>, hijo de la reina Isabel II, de <strong>renunciar a sus cargos honor\u00edficos<\/strong> a la cabeza de regimientos militares y asociaciones ben\u00e9ficas parecen constituir una marca m\u00e1s que clara de la decisi\u00f3n de la familia real de alejar las desventuras del duque de York, en este caso judiciales, del Palacio de Buckingham.<\/p>\n<p>&#8220;Con la aprobaci\u00f3n de la reina y su acuerdo, los t\u00edtulos militares del duque de York y sus patrocinios reales han sido devueltos a la reina&#8221;, precis\u00f3 un breve comunicado de la familia real, que remarc\u00f3 que Andr\u00e9s \u201cseguir\u00e1 sin desempe\u00f1ar ninguna funci\u00f3n p\u00fablica y se defender\u00e1 en este caso en calidad de ciudadano privado&#8221;.<\/p>\n<p>Algunos de esos t\u00edtulos militares se los hab\u00eda ganado el pr\u00edncipe por su participaci\u00f3n en la <strong>Guerra de Malvinas<\/strong>, en 1982, de la que volvi\u00f3 convertido casi en h\u00e9roe.<\/p>\n<p>La referencia a \u201ceste caso\u201d del comunicado es el que tiene que ver con una <strong>denuncia en Nueva York por agresiones sexuales, en 2001, a una mujer que por entonces ten\u00eda 17 a\u00f1os<\/strong>, parte todo de un esc\u00e1ndalo que incluye el suicidio del financista estadounidense Jeffrey Epstein y la condena a su expareja y amiga Ghislaine Maxwell, culpable de tr\u00e1fico de menores con fines sexuales.<\/p>\n<blockquote class=\"twitter-tweet\" readability=\"3.5106382978723\">\n<p lang=\"en\" dir=\"ltr\">A statement from Buckingham Palace regarding The Duke of York: <a href=\"https:\/\/t.co\/OCeSqzCP38\">pic.twitter.com\/OCeSqzCP38<\/a><\/p>\n<p>\u2014 The Royal Family (@RoyalFamily) <a href=\"https:\/\/twitter.com\/RoyalFamily\/status\/1481674049310896129?ref_src=twsrc%5Etfw\">January 13, 2022<\/a><\/p><\/blockquote>\n<p>El caso de Andr\u00e9s, considerado por todos como el &#8220;hijo predilecto&#8221; de Isabel II, es uno de los <strong>m\u00faltiples esc\u00e1ndalos que da\u00f1an la imagen de la monarqu\u00eda brit\u00e1nica<\/strong> con los que debi\u00f3 lidiar recientemente la soberana, a sus 95 a\u00f1os.<\/p>\n<p>El mi\u00e9rcoles, <strong>un juez de Nueva York rechaz\u00f3 el pedido de los abogados de Andr\u00e9s para que desestimase la denuncia<\/strong> de Virginia Guiffre, la estadounidense que lo acusa.<\/p>\n<p>Guiffre es una de las v\u00edctimas de los delitos sexuales de <strong>Epstein<\/strong>, declarado culpable de pederastia por un tribunal de Florida y quien se suicid\u00f3 en una c\u00e1rcel de Nueva York en agosto de 2019, donde esperaba un nuevo juicio por tr\u00e1fico y abuso de menores.<\/p>\n<p>En la denuncia Giuffre afirma que el pr\u00edncipe la <strong>&#8220;agredi\u00f3 sexualmente&#8221; en tres ocasiones en 2001: en Londres, Nueva York y en las Islas V\u00edrgenes, en Estados Unidos<\/strong>.<\/p>\n<p>La amistad de Andr\u00e9s, de 61 a\u00f1os, con el estadounidense, a quien defendi\u00f3 en una muy controvertida entrevista con la BBC en noviembre de 2019, provoc\u00f3 un <strong>gran esc\u00e1ndalo que lo oblig\u00f3 a retirarse de la vida p\u00fablica<\/strong>.<\/p>\n<p>La defensa del pr\u00edncipe argumentaba que la demanda deb\u00eda ser desestimada porque Giuffre hab\u00eda firmado en 2009 un acuerdo con Epstein, que se hizo p\u00fablico el mes pasado, para no llevar ante la Justicia ni a \u00e9l ni &#8220;a otros acusados potenciales&#8221;.<\/p>\n<p><strong>El pr\u00edncipe siempre neg\u00f3 las acusaciones de Giuffre<\/strong>, pero la causa avanza y si todos recursos de Andr\u00e9s fracasan, podr\u00eda haber juicio civil entre septiembre y diciembre pr\u00f3ximos.<\/p>\n<p>La devoluci\u00f3n de cargos honor\u00edficos de Andr\u00e9s deja a a\u00f1os luz de distancia en el tiempo una fuerte defensa que Buckingham hab\u00eda hecho, en agosto de 2019, del hijo de la reina: neg\u00f3 entonces \u201ccateg\u00f3ricamente&#8221; las acusaciones de abuso sexual que aparecieron en documentos que relataban las pr\u00e1cticas de Epstein.<\/p>\n<p>&#8220;Este es un procedimiento que se lleva a cabo en los Estados Unidos, del que el duque de York no forma parte. Cualquier insinuaci\u00f3n -de que \u00e9l haya cometido- actos ilegales contra menores es categ\u00f3ricamente falsa&#8221;, subray\u00f3 entonces el texto.<\/p>\n<h2 class>Antecedentes<\/h2>\n<p>Alejado de la vida p\u00fablica hace tiempo, <strong>la acusaci\u00f3n contra el pr\u00edncipe viene a sumar un eslab\u00f3n a la cadena de disgustos para la familia real que lo tuvieron en el centro de la escena: desde su controvertido noviazgo con la actriz Koo Stark<\/strong>, su posterior matrimonio con Sarah Ferguson \u2013del que quedaron dos hijas- y un sinn\u00famero de maniobras oscuras en terrenos financieros.<\/p>\n<p>Es que, todav\u00eda arropado por su familia, Andr\u00e9s tuvo el cargo \u2013otorgado por el parlamento- de representante especial para el Comercio e Inversi\u00f3n, con la idea de que defendiera los intereses empresariales del Reino Unido en el exterior.<\/p>\n<p><strong>Viajes y denuncias por su supuesta falta de \u00e9tica<\/strong> en algunas operaciones fueron maniobradas, pero el \u201c<strong>esc\u00e1ndalo Epstein<\/strong>\u201d iniciado en 2010 lo puso en un tobog\u00e1n: al a\u00f1o siguiente se le retir\u00f3 el cargo comercial y hubo una <strong>condena social por su amistad con quien aparec\u00eda en la prensa como un depredador sexual<\/strong>.<\/p>\n<p>M\u00e1s de una d\u00e9cada despu\u00e9s, Andr\u00e9s \u2013que ya no puede ser nombrado como \u201csu alteza real\u201d- enfrenta un momento complejo: alega no conocer a la denunciante pero hay una foto que los muestra juntos y considera infundada la denuncia pero para el juez Lewis Kaplan la presentaci\u00f3n \u201cno es ni &#8216;ininteligible&#8217; ni &#8216;vaga&#8217; ni &#8216;ambigua&#8217;\u201d.<\/p>\n<p>En los pr\u00f3ximos meses, ya defendi\u00e9ndose \u201cen calidad de ciudadano privado\u201d, seg\u00fan Buckingham, se resolver\u00e1 su suerte futura.<\/p>\n","protected":false},"excerpt":{"rendered":"<p>La decisi\u00f3n del pr\u00edncipe Andr\u00e9s, hijo de la reina Isabel II, de renunciar a sus cargos honor\u00edficos a la cabeza de regimientos militares y asociaciones ben\u00e9ficas parecen constituir una marca m\u00e1s que clara de la decisi\u00f3n de la familia real de alejar las desventuras del duque de York, en este caso judiciales, del Palacio de [&hellip;]<\/p>\n","protected":false},"author":1,"featured_media":38804,"comment_status":"closed","ping_status":"closed","sticky":false,"template":"","format":"standard","meta":[],"categories":[24],"tags":[],"_links":{"self":[{"href":"http:\/\/cordobadirecto.com\/index.php\/wp-json\/wp\/v2\/posts\/38803"}],"collection":[{"href":"http:\/\/cordobadirecto.com\/index.php\/wp-json\/wp\/v2\/posts"}],"about":[{"href":"http:\/\/cordobadirecto.com\/index.php\/wp-json\/wp\/v2\/types\/post"}],"author":[{"embeddable":true,"href":"http:\/\/cordobadirecto.com\/index.php\/wp-json\/wp\/v2\/users\/1"}],"replies":[{"embeddable":true,"href":"http:\/\/cordobadirecto.com\/index.php\/wp-json\/wp\/v2\/comments?post=38803"}],"version-history":[{"count":0,"href":"http:\/\/cordobadirecto.com\/index.php\/wp-json\/wp\/v2\/posts\/38803\/revisions"}],"wp:featuredmedia":[{"embeddable":true,"href":"http:\/\/cordobadirecto.com\/index.php\/wp-json\/wp\/v2\/media\/38804"}],"wp:attachment":[{"href":"http:\/\/cordobadirecto.com\/index.php\/wp-json\/wp\/v2\/media?parent=38803"}],"wp:term":[{"taxonomy":"category","embeddable":true,"href":"http:\/\/cordobadirecto.com\/index.php\/wp-json\/wp\/v2\/categories?post=38803"},{"taxonomy":"post_tag","embeddable":true,"href":"http:\/\/cordobadirecto.com\/index.php\/wp-json\/wp\/v2\/tags?post=38803"}],"curies":[{"name":"wp","href":"https:\/\/api.w.org\/{rel}","templated":true}]}}