{"id":38805,"date":"2022-01-13T22:47:06","date_gmt":"2022-01-13T22:47:06","guid":{"rendered":"https:\/\/www.cordoba.gob.ar\/?p=19428"},"modified":"2022-01-13T22:47:06","modified_gmt":"2022-01-13T22:47:06","slug":"un-mural-inspirado-en-la-maraton-de-la-ciudad-suma-arte-callejero-al-rio-suquia","status":"publish","type":"post","link":"http:\/\/cordobadirecto.com\/index.php\/2022\/01\/13\/un-mural-inspirado-en-la-maraton-de-la-ciudad-suma-arte-callejero-al-rio-suquia\/","title":{"rendered":"Un mural inspirado en la marat\u00f3n de la ciudad suma arte callejero al R\u00edo Suqu\u00eda"},"content":{"rendered":"<div><img src=\"http:\/\/cordobadirecto.com\/wp-content\/uploads\/2022\/01\/un-mural-inspirado-en-la-maraton-de-la-ciudad-suma-arte-callejero-al-rio-suquia.jpg\" class=\"ff-og-image-inserted\"><\/div>\n<ul>\n<li><strong>Sus 920 metros cuadrados se extienden sobre los muros de la Costanera Norte, a la altura de la Plazoleta de la Fundaci\u00f3n, entre los barrios Yapey\u00fa y Bajo General Paz.<\/strong><\/li>\n<\/ul>\n<ul>\n<li><strong>La ciudad ya cuenta con m\u00e1s de 63.000 metros cuadrados de arte urbano que dan valor agregado a los espacios p\u00fablicos recuperados por la Municipalidad de C\u00f3rdoba.<\/strong><\/li>\n<\/ul>\n<hr>\n<p>La Costanera del r\u00edo Suqu\u00eda suma arte urbano a trav\u00e9s del mural que el artista callejero Federico Camaratta plasm\u00f3 recientemente en los muros ubicados a la altura de la Plazoleta de la Fundaci\u00f3n, entre los barrios Yapey\u00fa y Bajo General Paz, en el sector sureste de la ciudad.<\/p>\n<p>La intervenci\u00f3n tiene una extensi\u00f3n de 920 metros cuadrados y forma parte del programa municipal \u201cArte de Nuestra Gente\u201d, impulsado por la Municipalidad de C\u00f3rdoba a trav\u00e9s de la Secretar\u00eda de Cultura, con la colaboraci\u00f3n de la Unidad Ejecutora Costanera, perteneciente a la Secretar\u00eda de Gobierno.<\/p>\n<p>\u201cLa idea surge a partir de la Marat\u00f3n que se corri\u00f3 el mes pasado, ah\u00ed decidimos pintar personas corriendo, pero tambi\u00e9n hay otros elementos como un barco de juguete, un llavero, una taza de caf\u00e9, que van apareciendo durante la carreara como representaciones l\u00fadicas de la ni\u00f1ez\u201d, explic\u00f3 Camaratta, co-autor del mural junto a los artistas Lucas Aguilera y Rodrigo Mathot acompa\u00f1ados por Tutty, Haus, Tsek, Liz y Valent\u00edn Reynoso.<\/p>\n<p>La obra se suma a los 63 mil metros de arte ya plasmados en la ciudad y con los cuales se pone en valor el espacio p\u00fablico, se visibiliza la producci\u00f3n de artistas locales y se promueve la accesibilidad de la ciudadan\u00eda con el arte.<\/p>\n<p>Para el secretario de Cultura, Mariano Almada, \u201c<em>en este mural se unen los dos iconos de la gesti\u00f3n del intendente Llaryora, la recuperaci\u00f3n del r\u00edo y el programa Arte de Nuestra Gente. El arte, la cotidianeidad de lo que sucede en el barrio, los grafitis, se ven reflejado en la monumentalidad del mural que se ensambla y acompa\u00f1a con la puesta en valor que se le est\u00e1 dando a nuestro r\u00edo<\/em>\u201d.<\/p>\n","protected":false},"excerpt":{"rendered":"<p>Sus 920 metros cuadrados se extienden sobre los muros de la Costanera Norte, a la altura de la Plazoleta de la Fundaci\u00f3n, entre los barrios Yapey\u00fa y Bajo General Paz. La ciudad ya cuenta con m\u00e1s de 63.000 metros cuadrados de arte urbano que dan valor agregado a los espacios p\u00fablicos recuperados por la Municipalidad [&hellip;]<\/p>\n","protected":false},"author":1,"featured_media":38806,"comment_status":"closed","ping_status":"closed","sticky":false,"template":"","format":"standard","meta":[],"categories":[44],"tags":[],"_links":{"self":[{"href":"http:\/\/cordobadirecto.com\/index.php\/wp-json\/wp\/v2\/posts\/38805"}],"collection":[{"href":"http:\/\/cordobadirecto.com\/index.php\/wp-json\/wp\/v2\/posts"}],"about":[{"href":"http:\/\/cordobadirecto.com\/index.php\/wp-json\/wp\/v2\/types\/post"}],"author":[{"embeddable":true,"href":"http:\/\/cordobadirecto.com\/index.php\/wp-json\/wp\/v2\/users\/1"}],"replies":[{"embeddable":true,"href":"http:\/\/cordobadirecto.com\/index.php\/wp-json\/wp\/v2\/comments?post=38805"}],"version-history":[{"count":0,"href":"http:\/\/cordobadirecto.com\/index.php\/wp-json\/wp\/v2\/posts\/38805\/revisions"}],"wp:featuredmedia":[{"embeddable":true,"href":"http:\/\/cordobadirecto.com\/index.php\/wp-json\/wp\/v2\/media\/38806"}],"wp:attachment":[{"href":"http:\/\/cordobadirecto.com\/index.php\/wp-json\/wp\/v2\/media?parent=38805"}],"wp:term":[{"taxonomy":"category","embeddable":true,"href":"http:\/\/cordobadirecto.com\/index.php\/wp-json\/wp\/v2\/categories?post=38805"},{"taxonomy":"post_tag","embeddable":true,"href":"http:\/\/cordobadirecto.com\/index.php\/wp-json\/wp\/v2\/tags?post=38805"}],"curies":[{"name":"wp","href":"https:\/\/api.w.org\/{rel}","templated":true}]}}