{"id":38842,"date":"2022-01-14T06:27:48","date_gmt":"2022-01-14T06:27:48","guid":{"rendered":"https:\/\/www.bbc.com\/mundo\/noticias-internacional-59972830"},"modified":"2022-01-14T06:27:48","modified_gmt":"2022-01-14T06:27:48","slug":"como-viven-los-ucranianos-el-enfrentamiento-entre-rusia-y-occidente-por-su-pais","status":"publish","type":"post","link":"http:\/\/cordobadirecto.com\/index.php\/2022\/01\/14\/como-viven-los-ucranianos-el-enfrentamiento-entre-rusia-y-occidente-por-su-pais\/","title":{"rendered":"\u00bfC\u00f3mo viven los ucranianos el enfrentamiento entre Rusia y Occidente por su pa\u00eds?"},"content":{"rendered":"<div dir=\"ltr\" class=\"e1j2237y5 bbc-q4ibpr e57qer20\">\n<div class=\"bbc-1atl7vu e1c9i7u14\">\n<ul role=\"list\" class=\"bbc-k0l9bd e1c9i7u12\">\n<li role=\"listitem\" class=\"bbc-1a3w4ok e1c9i7u11\">Paul Adams<\/li>\n<li role=\"listitem\" class=\"bbc-1p92jtu e1c9i7u10\">BBC News en Kiev, Ucrania<\/li>\n<\/ul>\n<\/div>\n<\/div>\n<p><time datetime=\"2022-01-14\" class=\"bbc-14xtggo e4zesg50\">7 horas<\/time><\/p>\n<div dir=\"ltr\" class=\"bbc-1ka88fa e57qer20\">\n<figure class=\"bbc-1qdcvv9 e6bmn90\">\n<div dir=\"ltr\" class=\"bbc-172p16q e57qer20\">\n<div dir=\"ltr\" class=\"bbc-189y18v e57qer20\">\n<div data-e2e=\"image-placeholder\" class=\"bbc-997y1y e1whu0\"><picture class=\"bbc-yfiktt e1enwo3v1\"><source srcset=\"https:\/\/ichef.bbci.co.uk\/news\/240\/cpsprodpb\/1230\/production\/_122665640_mediaitem122665639.jpg.webp 240w, https:\/\/ichef.bbci.co.uk\/news\/320\/cpsprodpb\/1230\/production\/_122665640_mediaitem122665639.jpg.webp 320w, https:\/\/ichef.bbci.co.uk\/news\/480\/cpsprodpb\/1230\/production\/_122665640_mediaitem122665639.jpg.webp 480w, https:\/\/ichef.bbci.co.uk\/news\/624\/cpsprodpb\/1230\/production\/_122665640_mediaitem122665639.jpg.webp 624w, https:\/\/ichef.bbci.co.uk\/news\/800\/cpsprodpb\/1230\/production\/_122665640_mediaitem122665639.jpg.webp 800w\" type=\"image\/webp\"><source srcset=\"https:\/\/ichef.bbci.co.uk\/news\/240\/cpsprodpb\/1230\/production\/_122665640_mediaitem122665639.jpg 240w, https:\/\/ichef.bbci.co.uk\/news\/320\/cpsprodpb\/1230\/production\/_122665640_mediaitem122665639.jpg 320w, https:\/\/ichef.bbci.co.uk\/news\/480\/cpsprodpb\/1230\/production\/_122665640_mediaitem122665639.jpg 480w, https:\/\/ichef.bbci.co.uk\/news\/624\/cpsprodpb\/1230\/production\/_122665640_mediaitem122665639.jpg 624w, https:\/\/ichef.bbci.co.uk\/news\/800\/cpsprodpb\/1230\/production\/_122665640_mediaitem122665639.jpg 800w\" type=\"image\/jpeg\"><img loading=\"lazy\" src=\"http:\/\/cordobadirecto.com\/wp-content\/uploads\/2022\/01\/como-viven-los-ucranianos-el-enfrentamiento-entre-rusia-y-occidente-por-su-pais.jpg\" alt=\"Ucranianos tom\u00e1ndose una selfie con el principal \u00e1rbol de Navidad de Kiev.\" sizes=\"(min-width: 1008px) 645px, 100vw\" width=\"976\" height=\"549\" class=\"eehpdyc0 bbc-rb7xa0 e1enwo3v0\"><\/picture>\n<p role=\"text\" class=\"bbc-1s1cxbv etq3yw90\"><span class=\"bbc-1gnhmg2 e1yt7oin0\">Fuente de la imagen, <\/span><span lang=\"en-GB\">EPA<\/span><\/p>\n<\/div>\n<\/div>\n<div dir=\"ltr\" class=\"bbc-3edg7g e57qer20\" readability=\"6.5\"><figcaption dir=\"ltr\" class=\"bbc-1t9zlwf eede9f50\" readability=\"3\"><span class=\"bbc-1gnhmg2 e1yt7oin0\">Pie de foto, <\/span><\/p>\n<p>La Navidad en Kiev se desarroll\u00f3 con normalidad, con pocas se\u00f1ales de ansiedad o alerta.<\/p>\n<\/figcaption><\/div>\n<\/div>\n<\/figure>\n<\/div>\n<div dir=\"ltr\" class=\"bbc-19j92fr e57qer20\" readability=\"12\">\n<p dir=\"ltr\" class=\"bbc-bm53ic e1cc2ql70\"><b>En Ginebra y Bruselas, los diplom\u00e1ticos occidentales se enfrentan a sus pares rusos y discuten, entre otras cosas, la capacidad de Ucrania como estado soberano e independiente para dar forma a su propio destino.<\/b><\/p>\n<\/div>\n<div dir=\"ltr\" class=\"bbc-19j92fr e57qer20\" readability=\"7\">\n<p dir=\"ltr\" class=\"bbc-bm53ic e1cc2ql70\">Pero Ucrania no est\u00e1 all\u00ed.<\/p>\n<\/div>\n<div dir=\"ltr\" class=\"bbc-19j92fr e57qer20\" readability=\"9\">\n<p dir=\"ltr\" class=\"bbc-bm53ic e1cc2ql70\">No importa cu\u00e1ntas veces los altos funcionarios estadounidenses repitan el mantra &#8220;nada sobre Ucrania sin Ucrania&#8221;. Y lo repiten en cada oportunidad. Es dif\u00edcil para los ucranianos evitar preguntarse <b>qu\u00e9 se est\u00e1 discutiendo a sus espaldas<\/b>.<\/p>\n<\/div>\n<div dir=\"ltr\" class=\"bbc-19j92fr e57qer20\" readability=\"9\">\n<p dir=\"ltr\" class=\"bbc-bm53ic e1cc2ql70\">Con un estimado de 100.000 soldados rusos concentrados en las fronteras norte y este del pa\u00eds, se podr\u00eda pensar que esto ser\u00eda motivo de grave alarma.<\/p>\n<\/div>\n<div dir=\"ltr\" class=\"bbc-19j92fr e57qer20\" readability=\"10\">\n<p dir=\"ltr\" class=\"bbc-bm53ic e1cc2ql70\">Pero la Navidad ortodoxa se celebr\u00f3 aqu\u00ed el viernes pasado, y si paseas por los concurridos mercados navide\u00f1os de Kiev, no te ataca particularmente una sensaci\u00f3n de mayor alerta y ansiedad.<\/p>\n<\/div>\n<div dir=\"ltr\" class=\"bbc-19j92fr e57qer20\" readability=\"13\">\n<p dir=\"ltr\" class=\"bbc-bm53ic e1cc2ql70\">&#8220;La gente est\u00e1 acostumbrada a los tiempos dif\u00edciles&#8221;, dice Petro Burkovsky, quien es parte de uno de los grupos de expertos independientes m\u00e1s antiguos de Kiev, la Fundaci\u00f3n de Iniciativas Democr\u00e1ticas Ilko Kucheriv. &#8220;<b>En el siglo XX tuvimos muchas ocasiones en que la gente viv\u00eda en el horror diario. Es parte de su memoria hist\u00f3rica<\/b>&#8220;.<\/p>\n<\/div>\n<div dir=\"ltr\" class=\"bbc-1ka88fa e57qer20\">\n<figure class=\"bbc-1qdcvv9 e6bmn90\">\n<div dir=\"ltr\" class=\"bbc-172p16q e57qer20\">\n<div dir=\"ltr\" class=\"bbc-189y18v e57qer20\">\n<div data-e2e=\"image-placeholder\" class=\"bbc-997y1y e1whu0\"><noscript><picture class=\"bbc-yfiktt e1enwo3v1\"><source srcset=\"http:\/\/cordobadirecto.com\/wp-content\/uploads\/2022\/01\/como-viven-los-ucranianos-el-enfrentamiento-entre-rusia-y-occidente-por-su-pais.webp 240w, http:\/\/cordobadirecto.com\/wp-content\/uploads\/2022\/01\/como-viven-los-ucranianos-el-enfrentamiento-entre-rusia-y-occidente-por-su-pais.webp 320w, http:\/\/cordobadirecto.com\/wp-content\/uploads\/2022\/01\/como-viven-los-ucranianos-el-enfrentamiento-entre-rusia-y-occidente-por-su-pais.webp 480w, http:\/\/cordobadirecto.com\/wp-content\/uploads\/2022\/01\/como-viven-los-ucranianos-el-enfrentamiento-entre-rusia-y-occidente-por-su-pais.webp 624w, http:\/\/cordobadirecto.com\/wp-content\/uploads\/2022\/01\/como-viven-los-ucranianos-el-enfrentamiento-entre-rusia-y-occidente-por-su-pais.png.webp 640w\" type=\"image\/webp\"><source srcset=\"https:\/\/ichef.bbci.co.uk\/news\/240\/cpsprodpb\/1226D\/production\/_105894347_grey_line-nc.png 240w, https:\/\/ichef.bbci.co.uk\/news\/320\/cpsprodpb\/1226D\/production\/_105894347_grey_line-nc.png 320w, https:\/\/ichef.bbci.co.uk\/news\/480\/cpsprodpb\/1226D\/production\/_105894347_grey_line-nc.png 480w, https:\/\/ichef.bbci.co.uk\/news\/624\/cpsprodpb\/1226D\/production\/_105894347_grey_line-nc.png 624w, http:\/\/cordobadirecto.com\/wp-content\/uploads\/2022\/01\/como-viven-los-ucranianos-el-enfrentamiento-entre-rusia-y-occidente-por-su-pais.png 640w\" type=\"image\/png\"><img loading=\"lazy\" src=\"http:\/\/cordobadirecto.com\/wp-content\/uploads\/2022\/01\/como-viven-los-ucranianos-el-enfrentamiento-entre-rusia-y-occidente-por-su-pais.png\" alt=\"Presentational grey line\" sizes=\"(min-width: 1008px) 645px, 100vw\" width=\"640\" height=\"2\" class=\"eehpdyc0 bbc-rb7xa0 e1enwo3v0\"><\/picture><\/noscript><\/div>\n<\/div>\n<\/div>\n<\/figure>\n<\/div>\n<p><h2 id=\"Sin-lugar-para-Ucrania\" tabindex=\"-1\" class=\"bbc-l3e97o e14hemmw0\">Sin lugar para Ucrania<\/h2>\n<\/p>\n<div dir=\"ltr\" class=\"bbc-19j92fr e57qer20\" readability=\"7\">\n<p dir=\"ltr\" class=\"bbc-bm53ic e1cc2ql70\"><b>10 de enero:<\/b> altos diplom\u00e1ticos rusos y estadounidenses se reunieron en la ciudad suiza de Ginebra<\/p>\n<\/div>\n<div dir=\"ltr\" class=\"bbc-19j92fr e57qer20\" readability=\"7\">\n<p dir=\"ltr\" class=\"bbc-bm53ic e1cc2ql70\"><b>12 de enero:<\/b> el Consejo OTAN-Rusia se reuni\u00f3 en Bruselas por primera vez desde 2019<\/p>\n<\/div>\n<div dir=\"ltr\" class=\"bbc-19j92fr e57qer20\" readability=\"9\">\n<p dir=\"ltr\" class=\"bbc-bm53ic e1cc2ql70\"><b>13 de enero:<\/b> La Organizaci\u00f3n para la Seguridad y la Cooperaci\u00f3n en Europa (OSCE) se re\u00fane en Viena. Estados Unidos, Rusia y Ucrania son miembros de la OSCE<\/p>\n<\/div>\n<div dir=\"ltr\" class=\"bbc-1ka88fa e57qer20\">\n<figure class=\"bbc-1qdcvv9 e6bmn90\">\n<div dir=\"ltr\" class=\"bbc-172p16q e57qer20\">\n<div dir=\"ltr\" class=\"bbc-189y18v e57qer20\">\n<div data-e2e=\"image-placeholder\" class=\"bbc-997y1y e1whu0\"><noscript><picture class=\"bbc-yfiktt e1enwo3v1\"><source srcset=\"http:\/\/cordobadirecto.com\/wp-content\/uploads\/2022\/01\/como-viven-los-ucranianos-el-enfrentamiento-entre-rusia-y-occidente-por-su-pais.webp 240w, http:\/\/cordobadirecto.com\/wp-content\/uploads\/2022\/01\/como-viven-los-ucranianos-el-enfrentamiento-entre-rusia-y-occidente-por-su-pais.webp 320w, http:\/\/cordobadirecto.com\/wp-content\/uploads\/2022\/01\/como-viven-los-ucranianos-el-enfrentamiento-entre-rusia-y-occidente-por-su-pais.webp 480w, http:\/\/cordobadirecto.com\/wp-content\/uploads\/2022\/01\/como-viven-los-ucranianos-el-enfrentamiento-entre-rusia-y-occidente-por-su-pais.webp 624w, http:\/\/cordobadirecto.com\/wp-content\/uploads\/2022\/01\/como-viven-los-ucranianos-el-enfrentamiento-entre-rusia-y-occidente-por-su-pais.png.webp 640w\" type=\"image\/webp\"><source srcset=\"https:\/\/ichef.bbci.co.uk\/news\/240\/cpsprodpb\/1226D\/production\/_105894347_grey_line-nc.png 240w, https:\/\/ichef.bbci.co.uk\/news\/320\/cpsprodpb\/1226D\/production\/_105894347_grey_line-nc.png 320w, https:\/\/ichef.bbci.co.uk\/news\/480\/cpsprodpb\/1226D\/production\/_105894347_grey_line-nc.png 480w, https:\/\/ichef.bbci.co.uk\/news\/624\/cpsprodpb\/1226D\/production\/_105894347_grey_line-nc.png 624w, http:\/\/cordobadirecto.com\/wp-content\/uploads\/2022\/01\/como-viven-los-ucranianos-el-enfrentamiento-entre-rusia-y-occidente-por-su-pais.png 640w\" type=\"image\/png\"><img loading=\"lazy\" src=\"http:\/\/cordobadirecto.com\/wp-content\/uploads\/2022\/01\/como-viven-los-ucranianos-el-enfrentamiento-entre-rusia-y-occidente-por-su-pais.png\" alt=\"Presentational grey line\" sizes=\"(min-width: 1008px) 645px, 100vw\" width=\"640\" height=\"2\" class=\"eehpdyc0 bbc-rb7xa0 e1enwo3v0\"><\/picture><\/noscript><\/div>\n<\/div>\n<\/div>\n<\/figure>\n<\/div>\n<div dir=\"ltr\" class=\"bbc-19j92fr e57qer20\" readability=\"9\">\n<p dir=\"ltr\" class=\"bbc-bm53ic e1cc2ql70\">El horror actual de Ucrania ha estado ocurriendo durante casi ocho a\u00f1os, desde que las tropas rusas aparecieron por primera vez en las calles de Crimea.<\/p>\n<\/div>\n<div dir=\"ltr\" class=\"bbc-19j92fr e57qer20\" readability=\"10\">\n<p dir=\"ltr\" class=\"bbc-bm53ic e1cc2ql70\">Los combates estallaron en la regi\u00f3n oriental de Domb\u00e1s en abril de 2014. Desde entonces, 14.000 soldados y civiles murieron en lo que el gobierno de Kiev llama la &#8220;<b>Guerra Ruso-Ucraniana<\/b>&#8220;. Rusia insiste hasta el d\u00eda de hoy en que no es parte del conflicto.<\/p>\n<\/div>\n<p><h2 id=\"Liberar-nuestra-tierra-de-esos-rusos\" tabindex=\"-1\" class=\"bbc-l3e97o e14hemmw0\">&#8220;Liberar nuestra tierra de esos rusos&#8221;<\/h2>\n<\/p>\n<div dir=\"ltr\" class=\"bbc-19j92fr e57qer20\" readability=\"11\">\n<p dir=\"ltr\" class=\"bbc-bm53ic e1cc2ql70\">Cada ma\u00f1ana, en una breve y sombr\u00eda ceremonia fuera del Ministerio de Defensa en Kiev, se conmemora a los soldados ucranianos que han muerto desde la independencia en 1991. La gran mayor\u00eda ha muerto desde 2014.<\/p>\n<\/div>\n<div dir=\"ltr\" class=\"bbc-19j92fr e57qer20\" readability=\"11\">\n<p dir=\"ltr\" class=\"bbc-bm53ic e1cc2ql70\">En la ma\u00f1ana en la que asistimos, se leen cuatro nombres de fallecidos un 11 de enero. El \u00faltimo de ellos, Oleh Andriyenko, muri\u00f3 hace un a\u00f1o.<\/p>\n<\/div>\n<div dir=\"ltr\" class=\"bbc-1ka88fa e57qer20\">\n<figure class=\"bbc-1qdcvv9 e6bmn90\">\n<div dir=\"ltr\" class=\"bbc-172p16q e57qer20\">\n<div dir=\"ltr\" class=\"bbc-189y18v e57qer20\" readability=\"6.5\">\n<div data-e2e=\"image-placeholder\" class=\"bbc-997y1y e1whu0\" readability=\"8\"><noscript><picture class=\"bbc-yfiktt e1enwo3v1\"><source srcset=\"http:\/\/cordobadirecto.com\/wp-content\/uploads\/2022\/01\/como-viven-los-ucranianos-el-enfrentamiento-entre-rusia-y-occidente-por-su-pais-1.webp 240w, http:\/\/cordobadirecto.com\/wp-content\/uploads\/2022\/01\/como-viven-los-ucranianos-el-enfrentamiento-entre-rusia-y-occidente-por-su-pais-2.webp 320w, http:\/\/cordobadirecto.com\/wp-content\/uploads\/2022\/01\/como-viven-los-ucranianos-el-enfrentamiento-entre-rusia-y-occidente-por-su-pais-3.webp 480w, http:\/\/cordobadirecto.com\/wp-content\/uploads\/2022\/01\/como-viven-los-ucranianos-el-enfrentamiento-entre-rusia-y-occidente-por-su-pais-4.webp 624w, http:\/\/cordobadirecto.com\/wp-content\/uploads\/2022\/01\/como-viven-los-ucranianos-el-enfrentamiento-entre-rusia-y-occidente-por-su-pais-5.webp 800w\" type=\"image\/webp\"><source srcset=\"https:\/\/ichef.bbci.co.uk\/news\/240\/cpsprodpb\/0E5D\/production\/_122677630_3ddc8f8e-20b0-40f0-9c05-b61c1cf0db54.jpg 240w, https:\/\/ichef.bbci.co.uk\/news\/320\/cpsprodpb\/0E5D\/production\/_122677630_3ddc8f8e-20b0-40f0-9c05-b61c1cf0db54.jpg 320w, https:\/\/ichef.bbci.co.uk\/news\/480\/cpsprodpb\/0E5D\/production\/_122677630_3ddc8f8e-20b0-40f0-9c05-b61c1cf0db54.jpg 480w, https:\/\/ichef.bbci.co.uk\/news\/624\/cpsprodpb\/0E5D\/production\/_122677630_3ddc8f8e-20b0-40f0-9c05-b61c1cf0db54.jpg 624w, https:\/\/ichef.bbci.co.uk\/news\/800\/cpsprodpb\/0E5D\/production\/_122677630_3ddc8f8e-20b0-40f0-9c05-b61c1cf0db54.jpg 800w\" type=\"image\/jpeg\"><img loading=\"lazy\" src=\"http:\/\/cordobadirecto.com\/wp-content\/uploads\/2022\/01\/como-viven-los-ucranianos-el-enfrentamiento-entre-rusia-y-occidente-por-su-pais-1.jpg\" alt=\"Soldados participan en una ceremonia de conmemoraci\u00f3n en Kiev.\" sizes=\"(min-width: 1008px) 645px, 100vw\" width=\"976\" height=\"549\" class=\"eehpdyc0 bbc-rb7xa0 e1enwo3v0\"><\/picture><\/noscript><\/p>\n<p role=\"text\" class=\"bbc-1s1cxbv etq3yw90\"><span class=\"bbc-1gnhmg2 e1yt7oin0\">Fuente de la imagen, <\/span><span lang=\"en-GB\">Ministerio de Defensa de Ucrania<\/span><\/p>\n<\/div>\n<\/div>\n<div dir=\"ltr\" class=\"bbc-3edg7g e57qer20\" readability=\"6\"><figcaption dir=\"ltr\" class=\"bbc-1t9zlwf eede9f50\" readability=\"2\"><span class=\"bbc-1gnhmg2 e1yt7oin0\">Pie de foto, <\/span><\/p>\n<p>Todos los d\u00edas se lleva a cabo una ceremonia en Kiev para conmemorar a los ca\u00eddos.<\/p>\n<\/figcaption><\/div>\n<\/div>\n<\/figure>\n<\/div>\n<div dir=\"ltr\" class=\"bbc-19j92fr e57qer20\" readability=\"7\">\n<p dir=\"ltr\" class=\"bbc-bm53ic e1cc2ql70\">Cada nombre va acompa\u00f1ado de una andanada de disparos y el sonido de una campana.<\/p>\n<\/div>\n<div dir=\"ltr\" class=\"bbc-19j92fr e57qer20\" readability=\"9\">\n<p dir=\"ltr\" class=\"bbc-bm53ic e1cc2ql70\">Al otro lado de la ciudad, los rostros de los soldados muertos observan desde las paredes de la Catedral de San Miguel en un monumento que se extiende por casi 100 metros.<\/p>\n<\/div>\n<div dir=\"ltr\" class=\"bbc-19j92fr e57qer20\" readability=\"8\">\n<p dir=\"ltr\" class=\"bbc-bm53ic e1cc2ql70\">Los transe\u00fantes se detienen y reflexionan, sin inmutarse por la nieve y las bajas temperaturas.<\/p>\n<\/div>\n<div dir=\"ltr\" class=\"bbc-19j92fr e57qer20\"><picture class=\"bbc-yfiktt e1enwo3v1\"><source srcset=\"http:\/\/cordobadirecto.com\/wp-content\/uploads\/2022\/01\/como-viven-los-ucranianos-el-enfrentamiento-entre-rusia-y-occidente-por-su-pais-2.png 640w, http:\/\/cordobadirecto.com\/wp-content\/uploads\/2022\/01\/como-viven-los-ucranianos-el-enfrentamiento-entre-rusia-y-occidente-por-su-pais-1.png 816w\" type=\"image\/jpeg\"><img src=\"http:\/\/cordobadirecto.com\/wp-content\/uploads\/2022\/01\/como-viven-los-ucranianos-el-enfrentamiento-entre-rusia-y-occidente-por-su-pais-1.png\" alt=\"Map\" id=\"include-1\" class=\"bbc-1082qq3 e1enwo3v0\"><\/picture><\/div>\n<div dir=\"ltr\" class=\"bbc-19j92fr e57qer20\" readability=\"12\">\n<p dir=\"ltr\" class=\"bbc-bm53ic e1cc2ql70\">Viktor Moroshan, de 63 a\u00f1os, result\u00f3 herido durante la feroz batalla de Ilovaisk en agosto y septiembre de 2014. Se\u00f1ala los rostros de los compa\u00f1eros ca\u00eddos del batall\u00f3n de voluntarios de Domb\u00e1s, que sufri\u00f3 grandes p\u00e9rdidas.<\/p>\n<\/div>\n<div dir=\"ltr\" class=\"bbc-19j92fr e57qer20\" readability=\"8\">\n<p dir=\"ltr\" class=\"bbc-bm53ic e1cc2ql70\">&#8220;Todos ten\u00edan un objetivo&#8221;, dice finalmente. &#8220;Liberar nuestra tierra de esos rusos&#8221;.<\/p>\n<\/div>\n<div dir=\"ltr\" class=\"bbc-19j92fr e57qer20\" readability=\"10\">\n<p dir=\"ltr\" class=\"bbc-bm53ic e1cc2ql70\">Viktor conoci\u00f3 a su esposa, Tetyana, mientras se recuperaba en el hospital donde ella era voluntaria.<\/p>\n<\/div>\n<div dir=\"ltr\" class=\"bbc-19j92fr e57qer20\" readability=\"9\">\n<p dir=\"ltr\" class=\"bbc-bm53ic e1cc2ql70\">&#8220;Tal vez la guerra sea grande la pr\u00f3xima vez&#8221;, dice ella. &#8220;\u00c9l [Putin] tiene muchos planes para comenzar una nueva guerra. No es un cuento de hadas&#8221;.<\/p>\n<\/div>\n<div dir=\"ltr\" class=\"bbc-19j92fr e57qer20\" readability=\"11\">\n<p dir=\"ltr\" class=\"bbc-bm53ic e1cc2ql70\">Viktor se describe a s\u00ed mismo como \u00e9tnicamente ruso, de una de las \u00e1reas ahora bajo control rebelde. Pero su odio por el l\u00edder ruso Vladimir Putin es profundo. &#8220;Es un man\u00edaco. Un asesino&#8221;, afirma.<\/p>\n<\/div>\n<div dir=\"ltr\" class=\"bbc-19j92fr e57qer20\" readability=\"8\">\n<p dir=\"ltr\" class=\"bbc-bm53ic e1cc2ql70\">Retirado ahora, dice que <b>todav\u00eda tiene listo un chaleco antibalas y un casco de emergencia<\/b>.<\/p>\n<\/div>\n<div dir=\"ltr\" class=\"bbc-19j92fr e57qer20\" readability=\"9\">\n<p dir=\"ltr\" class=\"bbc-bm53ic e1cc2ql70\">&#8220;Mi esposa dice: &#8216;Vitya, tal vez no deber\u00edas&#8217;. Pero yo digo que debemos estar preparados. Nadie puede defender nuestra patria excepto nosotros&#8221;.<\/p>\n<\/div>\n<div dir=\"ltr\" class=\"bbc-19j92fr e57qer20\" readability=\"10\">\n<p dir=\"ltr\" class=\"bbc-bm53ic e1cc2ql70\">Es el tipo de discurso desafiante que cabr\u00eda esperar en un pa\u00eds que enfrenta una suerte potencialmente abrumadora y sabiendo que si se llega al punto de un enfrentamiento armado, el apoyo externo ser\u00e1 limitado.<\/p>\n<\/div>\n<p><h2 id=\"Ser-parte-de-la-OTAN\" tabindex=\"-1\" class=\"bbc-l3e97o e14hemmw0\">Ser parte de la OTAN<\/h2>\n<\/p>\n<div dir=\"ltr\" class=\"bbc-19j92fr e57qer20\" readability=\"10\">\n<p dir=\"ltr\" class=\"bbc-bm53ic e1cc2ql70\">Los aliados occidentales de Ucrania hablan de consecuencias &#8220;enormes&#8221; si Rusia organiza una incursi\u00f3n. Pero aunque bien podr\u00edan incluir una mayor asistencia militar, ser\u00edan los ucranianos los \u00fanicos que luchar\u00edan y morir\u00edan.<\/p>\n<\/div>\n<div dir=\"ltr\" class=\"bbc-19j92fr e57qer20\" readability=\"7\">\n<p dir=\"ltr\" class=\"bbc-bm53ic e1cc2ql70\">De ah\u00ed el creciente apoyo a la membres\u00eda de la OTAN.<\/p>\n<\/div>\n<div dir=\"ltr\" class=\"bbc-19j92fr e57qer20\" readability=\"11\">\n<p dir=\"ltr\" class=\"bbc-bm53ic e1cc2ql70\">&#8220;Cada vez que Rusia inicia una escalada en la frontera, crece el apoyo a la membres\u00eda de la OTAN&#8221;, dice Petro Burkovsky, &#8220;y cae la disposici\u00f3n a hacer concesiones a Rusia&#8221;.<\/p>\n<\/div>\n<div dir=\"ltr\" class=\"bbc-19j92fr e57qer20\" readability=\"11\">\n<p dir=\"ltr\" class=\"bbc-bm53ic e1cc2ql70\">P\u00fablicamente, <b>los l\u00edderes de la OTAN dicen que la puerta a la membres\u00eda, abierta a Ucrania y Georgia en 2008, todav\u00eda est\u00e1 abierta<\/b>.<\/p>\n<\/div>\n<div dir=\"ltr\" class=\"bbc-19j92fr e57qer20\" readability=\"10\">\n<p dir=\"ltr\" class=\"bbc-bm53ic e1cc2ql70\">La viceprimera ministra de Ucrania, al visitar la sede de la OTAN en Bruselas el lunes, repiti\u00f3 el estribillo de su gobierno.<\/p>\n<\/div>\n<div dir=\"ltr\" class=\"bbc-19j92fr e57qer20\" readability=\"10\">\n<p dir=\"ltr\" class=\"bbc-bm53ic e1cc2ql70\">&#8220;Tenemos el derecho inherente y soberano de elegir nuestros propios arreglos de seguridad&#8221;, dijo Olga Stefanishyna a los periodistas,-&#8220;incluyendo tratados y alianzas&#8221;.<\/p>\n<\/div>\n<div dir=\"ltr\" class=\"bbc-19j92fr e57qer20\" readability=\"9\">\n<p dir=\"ltr\" class=\"bbc-bm53ic e1cc2ql70\">Pero no es un secreto que <b>la membres\u00eda de la OTAN no est\u00e1 en<\/b><b>tre<\/b><b> las cartas <\/b><b>a jugar <\/b><b>en este momento<\/b>. Los funcionarios occidentales saben que es precisamente lo que probablemente provocar\u00e1 la confrontaci\u00f3n militar que tanto ans\u00edan evitar.<\/p>\n<\/div>\n<div dir=\"ltr\" class=\"bbc-19j92fr e57qer20\" readability=\"8\">\n<p dir=\"ltr\" class=\"bbc-bm53ic e1cc2ql70\">Burkovsky dice que Ucrania no tiene m\u00e1s remedio que <b>esperar a que pase una crisis a largo plazo y de evoluci\u00f3n lenta<\/b>.<\/p>\n<\/div>\n<div dir=\"ltr\" class=\"bbc-19j92fr e57qer20\" readability=\"9\">\n<p dir=\"ltr\" class=\"bbc-bm53ic e1cc2ql70\">&#8220;En este momento tenemos que aceptar la realidad de la confrontaci\u00f3n y el conflicto con Rusia&#8221;, dice.<\/p>\n<\/div>\n<div dir=\"ltr\" class=\"bbc-19j92fr e57qer20\" readability=\"11\">\n<p dir=\"ltr\" class=\"bbc-bm53ic e1cc2ql70\">&#8220;Tal vez con el tiempo, la situaci\u00f3n en Rusia cambie. Rusia no ser\u00e1 tan formidable como lo es ahora, Ucrania ser\u00e1 m\u00e1s fuerte y Occidente ser\u00e1 m\u00e1s decisivo hacia Ucrania y hacia Rusia&#8221;, agrega.<\/p>\n<\/div>\n<div dir=\"ltr\" class=\"bbc-19j92fr e57qer20\" readability=\"10\">\n<p dir=\"ltr\" class=\"bbc-bm53ic e1cc2ql70\">Por el momento, opina, Ucrania deber\u00eda concentrarse en evitar el destino de otros dos vecinos de Rusia: Bielorrusia y Kazajist\u00e1n.<\/p>\n<\/div>\n<div dir=\"ltr\" class=\"bbc-19j92fr e57qer20\" readability=\"11\">\n<p dir=\"ltr\" class=\"bbc-bm53ic e1cc2ql70\">&#8220;Muestran el destino de las personas en pa\u00edses que son sat\u00e9lites rusos&#8221;, dice. &#8220;La mayor\u00eda de la gente en Ucrania no quiere este destino para ellos y, por supuesto, para sus hijos&#8221;.<\/p>\n<\/div>\n<div class=\"bbc-sffzb7 e8v25yx0\">\n<div dir=\"ltr\" class=\"bbc-1ka88fa e57qer20\">\n<figure class=\"bbc-1qdcvv9 e6bmn90\">\n<div dir=\"ltr\" class=\"bbc-172p16q e57qer20\">\n<div dir=\"ltr\" class=\"bbc-189y18v e57qer20\">\n<div data-e2e=\"image-placeholder\" class=\"bbc-997y1y e1whu0\"><noscript><picture class=\"bbc-yfiktt e1enwo3v1\"><source srcset=\"http:\/\/cordobadirecto.com\/wp-content\/uploads\/2022\/01\/como-viven-los-ucranianos-el-enfrentamiento-entre-rusia-y-occidente-por-su-pais.webp 240w, http:\/\/cordobadirecto.com\/wp-content\/uploads\/2022\/01\/como-viven-los-ucranianos-el-enfrentamiento-entre-rusia-y-occidente-por-su-pais.webp 320w, http:\/\/cordobadirecto.com\/wp-content\/uploads\/2022\/01\/como-viven-los-ucranianos-el-enfrentamiento-entre-rusia-y-occidente-por-su-pais.webp 480w, http:\/\/cordobadirecto.com\/wp-content\/uploads\/2022\/01\/como-viven-los-ucranianos-el-enfrentamiento-entre-rusia-y-occidente-por-su-pais.webp 624w, http:\/\/cordobadirecto.com\/wp-content\/uploads\/2022\/01\/como-viven-los-ucranianos-el-enfrentamiento-entre-rusia-y-occidente-por-su-pais.png.webp 640w\" type=\"image\/webp\"><source srcset=\"https:\/\/ichef.bbci.co.uk\/news\/240\/cpsprodpb\/1226D\/production\/_105894347_grey_line-nc.png 240w, https:\/\/ichef.bbci.co.uk\/news\/320\/cpsprodpb\/1226D\/production\/_105894347_grey_line-nc.png 320w, https:\/\/ichef.bbci.co.uk\/news\/480\/cpsprodpb\/1226D\/production\/_105894347_grey_line-nc.png 480w, https:\/\/ichef.bbci.co.uk\/news\/624\/cpsprodpb\/1226D\/production\/_105894347_grey_line-nc.png 624w, http:\/\/cordobadirecto.com\/wp-content\/uploads\/2022\/01\/como-viven-los-ucranianos-el-enfrentamiento-entre-rusia-y-occidente-por-su-pais.png 640w\" type=\"image\/png\"><img loading=\"lazy\" src=\"http:\/\/cordobadirecto.com\/wp-content\/uploads\/2022\/01\/como-viven-los-ucranianos-el-enfrentamiento-entre-rusia-y-occidente-por-su-pais.png\" alt=\"Presentational grey line\" sizes=\"(min-width: 1008px) 645px, 100vw\" width=\"640\" height=\"2\" class=\"eehpdyc0 bbc-rb7xa0 e1enwo3v0\"><\/picture><\/noscript><\/div>\n<\/div>\n<\/div>\n<\/figure>\n<\/div>\n<\/div>\n<div dir=\"ltr\" class=\"bbc-19j92fr e57qer20\" readability=\"8\">\n<p dir=\"ltr\" class=\"bbc-bm53ic e1cc2ql70\"><i class=\"bbc-h1y5j7 ewc4zcb0\">Ahora puedes recibir notificaciones de BBC Mundo. Descarga nuestra app y act\u00edvalas para no perderte nuestro mejor contenido.<\/i><\/p>\n<\/div>\n","protected":false},"excerpt":{"rendered":"<p>Paul Adams BBC News en Kiev, Ucrania 7 horas Fuente de la imagen, EPA Pie de foto, La Navidad en Kiev se desarroll\u00f3 con normalidad, con pocas se\u00f1ales de ansiedad o alerta. En Ginebra y Bruselas, los diplom\u00e1ticos occidentales se enfrentan a sus pares rusos y discuten, entre otras cosas, la capacidad de Ucrania como [&hellip;]<\/p>\n","protected":false},"author":1,"featured_media":38843,"comment_status":"closed","ping_status":"closed","sticky":false,"template":"","format":"standard","meta":[],"categories":[24],"tags":[],"_links":{"self":[{"href":"http:\/\/cordobadirecto.com\/index.php\/wp-json\/wp\/v2\/posts\/38842"}],"collection":[{"href":"http:\/\/cordobadirecto.com\/index.php\/wp-json\/wp\/v2\/posts"}],"about":[{"href":"http:\/\/cordobadirecto.com\/index.php\/wp-json\/wp\/v2\/types\/post"}],"author":[{"embeddable":true,"href":"http:\/\/cordobadirecto.com\/index.php\/wp-json\/wp\/v2\/users\/1"}],"replies":[{"embeddable":true,"href":"http:\/\/cordobadirecto.com\/index.php\/wp-json\/wp\/v2\/comments?post=38842"}],"version-history":[{"count":0,"href":"http:\/\/cordobadirecto.com\/index.php\/wp-json\/wp\/v2\/posts\/38842\/revisions"}],"wp:featuredmedia":[{"embeddable":true,"href":"http:\/\/cordobadirecto.com\/index.php\/wp-json\/wp\/v2\/media\/38843"}],"wp:attachment":[{"href":"http:\/\/cordobadirecto.com\/index.php\/wp-json\/wp\/v2\/media?parent=38842"}],"wp:term":[{"taxonomy":"category","embeddable":true,"href":"http:\/\/cordobadirecto.com\/index.php\/wp-json\/wp\/v2\/categories?post=38842"},{"taxonomy":"post_tag","embeddable":true,"href":"http:\/\/cordobadirecto.com\/index.php\/wp-json\/wp\/v2\/tags?post=38842"}],"curies":[{"name":"wp","href":"https:\/\/api.w.org\/{rel}","templated":true}]}}