{"id":38971,"date":"2022-01-14T17:35:00","date_gmt":"2022-01-14T17:35:00","guid":{"rendered":"http:\/\/cordobadirecto.com\/index.php\/2022\/01\/14\/la-centroderecha-propone-la-candidatura-de-berlusconi-a-la-presidencia\/"},"modified":"2022-01-14T17:35:00","modified_gmt":"2022-01-14T17:35:00","slug":"la-centroderecha-propone-la-candidatura-de-berlusconi-a-la-presidencia","status":"publish","type":"post","link":"http:\/\/cordobadirecto.com\/index.php\/2022\/01\/14\/la-centroderecha-propone-la-candidatura-de-berlusconi-a-la-presidencia\/","title":{"rendered":"La centroderecha propone la candidatura de Berlusconi a la Presidencia"},"content":{"rendered":"<figure class=\"mb-3\"><img loading=\"lazy\" src=\"http:\/\/cordobadirecto.com\/wp-content\/uploads\/2022\/01\/la-centroderecha-propone-la-candidatura-de-berlusconi-a-la-presidencia.jpg\" width=\"100%\" height=\"100%\" alt=\"Foto AFP\"><figcaption> Foto: AFP <\/figcaption><\/figure>\n<p>Las seis fuerzas de la centroderecha italiana propusieron este viernes de manera formal al tres veces premier Silvio Berlusconi para la Presidencia de la Rep\u00fablica y le pidieron al tambi\u00e9n empresario de medios que acepte la candidatura.<\/p>\n<p>&#8220;Los l\u00edderes de la coalici\u00f3n coincidieron en que Silvio Berlusconi es la figura adecuada para ocupar el alto cargo en esta dif\u00edcil situaci\u00f3n con la autoridad y experiencia que el pa\u00eds merece y que los italianos esperan&#8221;, plantearon las seis fuerzas del sector en un comunicado conjunto tras una cumbre que mantuvieron en Roma.<\/p>\n<p>En vista de la elecci\u00f3n del sucesor del actual mandatario Sergio Mattarella que el Parlamento iniciar\u00e1 el 24 de enero, las fuerzas de centroderecha &#8220;le solicitan, por tanto, que disuelva favorablemente la reserva mantenida hasta ahora&#8221;.<\/p>\n<p>Los espacios que plantearon el apoyo formal a Berlusconi son Fuerza Italia, fundada por el expremier; la Liga de Matteo Salvini y Hermanos de Italia de Giorgia Meloni como las tres principales y luego Coraje Italia, Uni\u00f3n de Centro y Nosotros con Italia con menor gravitaci\u00f3n.<\/p>\n<p>&#8220;La figura del nuevo Presidente de la Rep\u00fablica debe garantizar la autoridad, el equilibrio y el prestigio internacional de quienes tienen la responsabilidad de representar la unidad de la naci\u00f3n&#8221;, agregaron las seis fuerzas en el comunicado.<\/p>\n<p>La elecci\u00f3n del Presidente se dar\u00e1 con la presencia en &#8220;sesi\u00f3n conjunta&#8221; de los 630 diputados, los 321 senadores y 58 delegados de las 20 regiones que conforman entre todos los 1.009 &#8220;grandes electores&#8221; a partir del 24 de enero a las 15 locales (11 de Argentina) con una votaci\u00f3n al d\u00eda.<\/p>\n<p>&#8220;A la luz de estas consideraciones, el centroderecha, que representa la mayor\u00eda relativa en la asamblea convocada para elegir al nuevo jefe de Estado, tiene el derecho y el deber de proponer una candidatura a la c\u00faspide de las instituciones&#8221;, explicaron hoy las fuerzas de centroderecha en el comunicado.<\/p>\n<p>La centroderecha, al d\u00eda de hoy, podr\u00eda empezar las discusiones con un piso de 414 votos asegurados de sus seis miembros, mientras las fuerzas de centro de la C\u00e1mara podr\u00edan acercar otros 91 grandes electores a esos n\u00fameros.<\/p>\n<p>Las primeras tres votaciones, previstas de ser necesarias para el 24, 25 y 26 de este mes, requieren un m\u00ednimo de dos tercios para la elecci\u00f3n del Presidente, mientras que de la cuarta en adelante basta con obtener la mayor\u00eda simple de 505 votos, un escenario al que apunta la centroderecha para poder proclamar al tres veces premier.<\/p>\n<p>Berlusconi, de 85 a\u00f1os, ya cosech\u00f3 de todos modos el rechazo de fuerzas de cenotrizquierda como Italia Viva y Libres e Iguales que lo consideran una figura &#8220;divisiva&#8221; para el pa\u00eds.<\/p>\n<p>&#8220;Las fuerzas pol\u00edticas de centroderecha trabajar\u00e1n para encontrar las m\u00e1s amplias convergencias en el Parlamento y tambi\u00e9n pedir\u00e1n a los Presidentes de C\u00e1mara y Senado que tomen todas las medidas necesarias para garantizar el ejercicio del derecho constitucional al sufragio de todos los 1009 grandes electores&#8221;, agreg\u00f3 el comunicado conjunto de este viernes.<\/p>\n<p>Berlusconi, empresario de medios y de f\u00fatbol de 85 a\u00f1os, tiene en sus espaldas una condena por fraude fiscal y una de primera instancia luego revocada por corrupci\u00f3n de menores, entre una serie de esc\u00e1ndalos que envolvieron su paso por el poder y que enmarcan el rechazo de las fuerzas de centroizquierda a apoyar su candidatura.<\/p>\n<p>Mattarella, de 80 a\u00f1os, termina su mandato el 3 de febrero y plante\u00f3 varias veces que no quiere buscar un segundo mandato que le permite la Constituci\u00f3n, aunque un sector de la centroizquierda busca convencerlo de que haga un &#8220;sacrificio&#8221; para la reelecci\u00f3n.<\/p>\n","protected":false},"excerpt":{"rendered":"<p>Foto: AFP Las seis fuerzas de la centroderecha italiana propusieron este viernes de manera formal al tres veces premier Silvio Berlusconi para la Presidencia de la Rep\u00fablica y le pidieron al tambi\u00e9n empresario de medios que acepte la candidatura. &#8220;Los l\u00edderes de la coalici\u00f3n coincidieron en que Silvio Berlusconi es la figura adecuada para ocupar [&hellip;]<\/p>\n","protected":false},"author":1,"featured_media":38972,"comment_status":"closed","ping_status":"closed","sticky":false,"template":"","format":"standard","meta":[],"categories":[24],"tags":[],"_links":{"self":[{"href":"http:\/\/cordobadirecto.com\/index.php\/wp-json\/wp\/v2\/posts\/38971"}],"collection":[{"href":"http:\/\/cordobadirecto.com\/index.php\/wp-json\/wp\/v2\/posts"}],"about":[{"href":"http:\/\/cordobadirecto.com\/index.php\/wp-json\/wp\/v2\/types\/post"}],"author":[{"embeddable":true,"href":"http:\/\/cordobadirecto.com\/index.php\/wp-json\/wp\/v2\/users\/1"}],"replies":[{"embeddable":true,"href":"http:\/\/cordobadirecto.com\/index.php\/wp-json\/wp\/v2\/comments?post=38971"}],"version-history":[{"count":0,"href":"http:\/\/cordobadirecto.com\/index.php\/wp-json\/wp\/v2\/posts\/38971\/revisions"}],"wp:featuredmedia":[{"embeddable":true,"href":"http:\/\/cordobadirecto.com\/index.php\/wp-json\/wp\/v2\/media\/38972"}],"wp:attachment":[{"href":"http:\/\/cordobadirecto.com\/index.php\/wp-json\/wp\/v2\/media?parent=38971"}],"wp:term":[{"taxonomy":"category","embeddable":true,"href":"http:\/\/cordobadirecto.com\/index.php\/wp-json\/wp\/v2\/categories?post=38971"},{"taxonomy":"post_tag","embeddable":true,"href":"http:\/\/cordobadirecto.com\/index.php\/wp-json\/wp\/v2\/tags?post=38971"}],"curies":[{"name":"wp","href":"https:\/\/api.w.org\/{rel}","templated":true}]}}