{"id":39160,"date":"2022-01-15T12:19:00","date_gmt":"2022-01-15T12:19:00","guid":{"rendered":"http:\/\/cordobadirecto.com\/index.php\/2022\/01\/15\/tokio-vuelve-a-superar-los-4-000-contagios-diarios-mientras-la-omicron-se-extiende\/"},"modified":"2022-01-15T12:19:00","modified_gmt":"2022-01-15T12:19:00","slug":"tokio-vuelve-a-superar-los-4-000-contagios-diarios-mientras-la-omicron-se-extiende","status":"publish","type":"post","link":"http:\/\/cordobadirecto.com\/index.php\/2022\/01\/15\/tokio-vuelve-a-superar-los-4-000-contagios-diarios-mientras-la-omicron-se-extiende\/","title":{"rendered":"Tokio vuelve a superar los 4.000 contagios diarios mientras la \u00d3micron se extiende"},"content":{"rendered":"<figure class=\"mb-3\"><img loading=\"lazy\" src=\"http:\/\/cordobadirecto.com\/wp-content\/uploads\/2022\/01\/tokio-vuelve-a-superar-los-4-000-contagios-diarios-mientras-la-omicron-se-extiende.jpg\" width=\"100%\" height=\"100%\" alt=\"El pas registra 183 millones de casos Foto AFP\"><figcaption> El pa\u00eds registra 1,83 millones de casos. Foto: AFP. <\/figcaption><\/figure>\n<p>Las autoridades de la capital de Jap\u00f3n, Tokio, informaron de 4.561 nuevos contagios, el segundo d\u00eda que rebasa los 4.000 casos diarios, mientras la variante \u00f3micron sigue extendi\u00e9ndose por todo el pa\u00eds.<\/p>\n<p><strong>Se trata del mayor n\u00famero de casos desde el 26 de agosto, cuando la capital estaba en emergencia por el virus, consign\u00f3 la agencia de noticias Europa Press.<\/strong><\/p>\n<p>El promedio de siete d\u00edas pas\u00f3 de los 502,1 de hace una semana a los 2.427,1 de ahora. El reciente aumento llev\u00f3 a la capital japonesa a elevar su alerta al segundo nivel m\u00e1s alto de cuatro niveles esta semana.<\/p>\n<p><strong>Jap\u00f3n tambi\u00e9n puso otras tres \u00e1reas bajo una calificaci\u00f3n de cuasi emergencia, lo que permite a las autoridades locales imponer restricciones a negocios como bares y restaurantes.<\/strong><\/p>\n<p>Por otra parte, la ciudad de Shizuoka anunci\u00f3 la muerte de un hombre infectado con la variante \u00d3micron del coronavirus, que se tratar\u00eda de la primera v\u00edctima mortal provocada por esta variedad en ese pa\u00eds, seg\u00fan la agencia oficial de noticias japonesa Kyodo News.<\/p>\n<p><strong>El pa\u00eds registra 1,83 millones de casos y unos 18.400 fallecidos desde el inicio de la crisis.<\/strong> <\/p>\n","protected":false},"excerpt":{"rendered":"<p>El pa\u00eds registra 1,83 millones de casos. Foto: AFP. Las autoridades de la capital de Jap\u00f3n, Tokio, informaron de 4.561 nuevos contagios, el segundo d\u00eda que rebasa los 4.000 casos diarios, mientras la variante \u00f3micron sigue extendi\u00e9ndose por todo el pa\u00eds. Se trata del mayor n\u00famero de casos desde el 26 de agosto, cuando la [&hellip;]<\/p>\n","protected":false},"author":1,"featured_media":39161,"comment_status":"closed","ping_status":"closed","sticky":false,"template":"","format":"standard","meta":[],"categories":[24],"tags":[],"_links":{"self":[{"href":"http:\/\/cordobadirecto.com\/index.php\/wp-json\/wp\/v2\/posts\/39160"}],"collection":[{"href":"http:\/\/cordobadirecto.com\/index.php\/wp-json\/wp\/v2\/posts"}],"about":[{"href":"http:\/\/cordobadirecto.com\/index.php\/wp-json\/wp\/v2\/types\/post"}],"author":[{"embeddable":true,"href":"http:\/\/cordobadirecto.com\/index.php\/wp-json\/wp\/v2\/users\/1"}],"replies":[{"embeddable":true,"href":"http:\/\/cordobadirecto.com\/index.php\/wp-json\/wp\/v2\/comments?post=39160"}],"version-history":[{"count":0,"href":"http:\/\/cordobadirecto.com\/index.php\/wp-json\/wp\/v2\/posts\/39160\/revisions"}],"wp:featuredmedia":[{"embeddable":true,"href":"http:\/\/cordobadirecto.com\/index.php\/wp-json\/wp\/v2\/media\/39161"}],"wp:attachment":[{"href":"http:\/\/cordobadirecto.com\/index.php\/wp-json\/wp\/v2\/media?parent=39160"}],"wp:term":[{"taxonomy":"category","embeddable":true,"href":"http:\/\/cordobadirecto.com\/index.php\/wp-json\/wp\/v2\/categories?post=39160"},{"taxonomy":"post_tag","embeddable":true,"href":"http:\/\/cordobadirecto.com\/index.php\/wp-json\/wp\/v2\/tags?post=39160"}],"curies":[{"name":"wp","href":"https:\/\/api.w.org\/{rel}","templated":true}]}}