{"id":39522,"date":"2022-01-14T12:06:46","date_gmt":"2022-01-14T12:06:46","guid":{"rendered":"https:\/\/www.ole.com.ar\/autos\/accidente-mortal-dakar_0_f25l6MPev.html"},"modified":"2022-01-14T12:06:46","modified_gmt":"2022-01-14T12:06:46","slug":"un-accidente-mortal-en-el-cierre-del-dakar","status":"publish","type":"post","link":"http:\/\/cordobadirecto.com\/index.php\/2022\/01\/14\/un-accidente-mortal-en-el-cierre-del-dakar\/","title":{"rendered":"Un accidente mortal en el cierre del Dakar"},"content":{"rendered":"<p>El \u00faltimo d\u00eda de actividad para el Dakar 2022 lamentablemente tuvo una tragedia. Por la ma\u00f1ana del viernes, en el kil\u00f3metro 234 de la ruta de enlace de las asistencias, <mark>hubo un accidente entre un veh\u00edculo de asistencia y un cami\u00f3n local, seg\u00fan comunic\u00f3 la Polic\u00eda local. El conductor del veh\u00edculo, Quentin Laval\u00e9e, de nacionalidad francesa y miembro del equipo PH Spot, muri\u00f3 como consecuencia del accidente. Ten\u00eda 20 a\u00f1os.<\/mark><\/p>\n<div class=\"sp__SM\">\n<div class=\"content-new \">\n<span class=\"tit-mobile\">Mir\u00e1 tambi\u00e9n<\/span><\/p>\n<div class=\"mg\">\n<div class=\"wrap-figure\">\n<picture>\n<a href=\"https:\/\/www.ole.com.ar\/autos\/attiyah-campeon-dakar_0_-jAV0BLxa.html\" target=\"_self\" rel=\"noopener\"><br \/>\n<img class=\"img-responsive\" alt=\"Se puso la corona\" src=\"http:\/\/cordobadirecto.com\/wp-content\/uploads\/2022\/01\/un-accidente-mortal-en-el-cierre-del-dakar.jpg\" loading=\"lazy\"><br \/>\n<\/a>\n<\/picture>\n<\/div>\n<\/div><\/div>\n<\/div>\n<p><mark>El pasajero que viajaba con \u00e9l, Maxime Fr\u00e8re, de nacionalidad belga, sufri\u00f3 heridas y fue trasladado consciente al National Guards Hospital de Jeddah, donde se comprob\u00f3 una contusi\u00f3n abdominal y tor\u00e1cica.<\/mark> Quentin era jefe de mec\u00e1nica del veh\u00edculo 205 Turbo 16 que particip\u00f3 en el Dakar Classic (N\u00ba 726).<\/p>\n<div class=\"sp__SM\">\n<div class=\"content-new \">\n<span class=\"tit-mobile\">Mir\u00e1 tambi\u00e9n<\/span><\/p>\n<div class=\"mg\">\n<div class=\"wrap-figure\">\n<picture>\n<a href=\"https:\/\/www.ole.com.ar\/autos\/podio-francisco-moreno_0_ssmIbjlfc.html\" target=\"_self\" rel=\"noopener\"><br \/>\n<img class=\"img-responsive\" alt=\"Podio para Moreno en Cuatriciclos\" src=\"http:\/\/cordobadirecto.com\/wp-content\/uploads\/2022\/01\/un-accidente-mortal-en-el-cierre-del-dakar-1.jpg\" loading=\"lazy\"><br \/>\n<\/a>\n<\/picture>\n<\/div>\n<\/div><\/div>\n<\/div>\n<div class=\"entry-tags\">\n<h2>TEMAS QUE APARECEN EN ESTA NOTA<\/h2>\n<\/p><\/div>\n","protected":false},"excerpt":{"rendered":"<p>El \u00faltimo d\u00eda de actividad para el Dakar 2022 lamentablemente tuvo una tragedia. Por la ma\u00f1ana del viernes, en el kil\u00f3metro 234 de la ruta de enlace de las asistencias, hubo un accidente entre un veh\u00edculo de asistencia y un cami\u00f3n local, seg\u00fan comunic\u00f3 la Polic\u00eda local. El conductor del veh\u00edculo, Quentin Laval\u00e9e, de nacionalidad [&hellip;]<\/p>\n","protected":false},"author":1,"featured_media":39523,"comment_status":"closed","ping_status":"closed","sticky":false,"template":"","format":"standard","meta":[],"categories":[21],"tags":[],"_links":{"self":[{"href":"http:\/\/cordobadirecto.com\/index.php\/wp-json\/wp\/v2\/posts\/39522"}],"collection":[{"href":"http:\/\/cordobadirecto.com\/index.php\/wp-json\/wp\/v2\/posts"}],"about":[{"href":"http:\/\/cordobadirecto.com\/index.php\/wp-json\/wp\/v2\/types\/post"}],"author":[{"embeddable":true,"href":"http:\/\/cordobadirecto.com\/index.php\/wp-json\/wp\/v2\/users\/1"}],"replies":[{"embeddable":true,"href":"http:\/\/cordobadirecto.com\/index.php\/wp-json\/wp\/v2\/comments?post=39522"}],"version-history":[{"count":0,"href":"http:\/\/cordobadirecto.com\/index.php\/wp-json\/wp\/v2\/posts\/39522\/revisions"}],"wp:featuredmedia":[{"embeddable":true,"href":"http:\/\/cordobadirecto.com\/index.php\/wp-json\/wp\/v2\/media\/39523"}],"wp:attachment":[{"href":"http:\/\/cordobadirecto.com\/index.php\/wp-json\/wp\/v2\/media?parent=39522"}],"wp:term":[{"taxonomy":"category","embeddable":true,"href":"http:\/\/cordobadirecto.com\/index.php\/wp-json\/wp\/v2\/categories?post=39522"},{"taxonomy":"post_tag","embeddable":true,"href":"http:\/\/cordobadirecto.com\/index.php\/wp-json\/wp\/v2\/tags?post=39522"}],"curies":[{"name":"wp","href":"https:\/\/api.w.org\/{rel}","templated":true}]}}