{"id":39524,"date":"2022-01-17T14:35:30","date_gmt":"2022-01-17T14:35:30","guid":{"rendered":"https:\/\/www.ole.com.ar\/futbol-ascenso\/p-nacional-quilmes-perafan_0_kluGo4elE.html"},"modified":"2022-01-17T14:35:30","modified_gmt":"2022-01-17T14:35:30","slug":"necesitaba-arquero-consiguio-uno-de-mucha-experiencia","status":"publish","type":"post","link":"http:\/\/cordobadirecto.com\/index.php\/2022\/01\/17\/necesitaba-arquero-consiguio-uno-de-mucha-experiencia\/","title":{"rendered":"Necesitaba arquero: consigui\u00f3 uno de mucha experiencia"},"content":{"rendered":"<p>Tras la salida de Rodrigo Saracho, Quilmes se puso como meta sumar a un arquero de experiencia. Y lo encontr\u00f3 en Chile. S\u00ed, es que Mart\u00edn Peraf\u00e1n arm\u00f3 las valijas y volvi\u00f3 al pa\u00eds para ponerse la pilcha del Cervecero. El 1 estaba en el Curic\u00f3 Unido, pero decidi\u00f3 regresar y sell\u00f3 su v\u00ednculo en el Sur hasta diciembre de 2023.<\/p>\n<div class=\"sp__SM\">\n<div class=\"content-new \">\n<span class=\"tit-mobile\">Mir\u00e1 tambi\u00e9n<\/span><\/p>\n<div class=\"mg\">\n<div class=\"wrap-figure\">\n<picture>\n<a href=\"https:\/\/www.ole.com.ar\/futbol-ascenso\/p-nacional-alte-brown-dattola_0_kFVo31rMZ.html\" target=\"_self\" rel=\"noopener\"><br \/>\n<img class=\"img-responsive\" alt=\"Prepara el cumplea\u00f1os y tiene la zaga cubierta\" src=\"http:\/\/cordobadirecto.com\/wp-content\/uploads\/2022\/01\/necesitaba-arquero-consiguio-uno-de-mucha-experiencia.jpg\" loading=\"lazy\"><br \/>\n<\/a>\n<\/picture>\n<\/div>\n<\/div><\/div>\n<\/div>\n<p>En alg\u00fan momento se especul\u00f3 con que Peraf\u00e1n podr\u00eda desembarcar en Ferro, que tambi\u00e9n andaba buscando arquero y era la prioridad del DT Manuel Fern\u00e1ndez. Sin embargo, la propuesta que le hicieron desde el club de Caballito no lo convenci\u00f3 y Quilmes hizo el esfuerzo para sumarlo a sus filas.<\/p>\n<div class=\"sp__SM\">\n<div class=\"content-new \">\n<span class=\"tit-mobile\">Mir\u00e1 tambi\u00e9n<\/span><\/p>\n<div class=\"mg\">\n<div class=\"wrap-figure\">\n<picture>\n<a href=\"https:\/\/www.ole.com.ar\/futbol-ascenso\/p-nacional-achile_0_CEvbFM1U9.html\" target=\"_self\" rel=\"noopener\"><br \/>\n<img class=\"img-responsive\" alt=\"C\u00f3mo se jugar\u00e1 el torneo de la Primera Nacional\" src=\"http:\/\/cordobadirecto.com\/wp-content\/uploads\/2022\/01\/necesitaba-arquero-consiguio-uno-de-mucha-experiencia-1.jpg\" loading=\"lazy\"><br \/>\n<\/a>\n<\/picture>\n<\/div>\n<\/div><\/div>\n<\/div>\n<div class=\"sp__SM\">\n<div class=\"content-new \">\n<span class=\"tit-mobile\">Mir\u00e1 tambi\u00e9n<\/span><\/p>\n<div class=\"mg\">\n<div class=\"wrap-figure\">\n<picture>\n<a href=\"https:\/\/www.ole.com.ar\/futbol-ascenso\/final-pinas-mandiyu-ferroviario_0_Nlpe8ERXW.html\" target=\"_self\" rel=\"noopener\"><br \/>\n<img class=\"img-responsive\" alt=\"Trompadas y batalla campal en la final entre Mandiy\u00fa y Ferroviario\" src=\"http:\/\/cordobadirecto.com\/wp-content\/uploads\/2022\/01\/necesitaba-arquero-consiguio-uno-de-mucha-experiencia-2.jpg\" loading=\"lazy\"><br \/>\n<\/a>\n<\/picture>\n<\/div>\n<\/div><\/div>\n<\/div>\n<div class=\"sp__SM\">\n<div class=\"content-new \">\n<span class=\"tit-mobile\">Mir\u00e1 tambi\u00e9n<\/span><\/p>\n<div class=\"mg\">\n<div class=\"wrap-figure\">\n<picture>\n<a href=\"https:\/\/www.ole.com.ar\/futbol-ascenso\/fenix-ogro-fabbiani_0_-Kbi8nesB.html\" target=\"_self\" rel=\"noopener\"><br \/>\n<img class=\"img-responsive\" alt=\"Triunfo del equipo del Ogro Fabbiani\" src=\"http:\/\/cordobadirecto.com\/wp-content\/uploads\/2022\/01\/necesitaba-arquero-consiguio-uno-de-mucha-experiencia-3.jpg\" loading=\"lazy\"><br \/>\n<\/a>\n<\/picture>\n<\/div>\n<\/div><\/div>\n<\/div>\n<div class=\"entry-tags\">\n<h2>TEMAS QUE APARECEN EN ESTA NOTA<\/h2>\n<\/p><\/div>\n","protected":false},"excerpt":{"rendered":"<p>Tras la salida de Rodrigo Saracho, Quilmes se puso como meta sumar a un arquero de experiencia. Y lo encontr\u00f3 en Chile. S\u00ed, es que Mart\u00edn Peraf\u00e1n arm\u00f3 las valijas y volvi\u00f3 al pa\u00eds para ponerse la pilcha del Cervecero. El 1 estaba en el Curic\u00f3 Unido, pero decidi\u00f3 regresar y sell\u00f3 su v\u00ednculo en [&hellip;]<\/p>\n","protected":false},"author":1,"featured_media":39525,"comment_status":"closed","ping_status":"closed","sticky":false,"template":"","format":"standard","meta":[],"categories":[21],"tags":[],"_links":{"self":[{"href":"http:\/\/cordobadirecto.com\/index.php\/wp-json\/wp\/v2\/posts\/39524"}],"collection":[{"href":"http:\/\/cordobadirecto.com\/index.php\/wp-json\/wp\/v2\/posts"}],"about":[{"href":"http:\/\/cordobadirecto.com\/index.php\/wp-json\/wp\/v2\/types\/post"}],"author":[{"embeddable":true,"href":"http:\/\/cordobadirecto.com\/index.php\/wp-json\/wp\/v2\/users\/1"}],"replies":[{"embeddable":true,"href":"http:\/\/cordobadirecto.com\/index.php\/wp-json\/wp\/v2\/comments?post=39524"}],"version-history":[{"count":0,"href":"http:\/\/cordobadirecto.com\/index.php\/wp-json\/wp\/v2\/posts\/39524\/revisions"}],"wp:featuredmedia":[{"embeddable":true,"href":"http:\/\/cordobadirecto.com\/index.php\/wp-json\/wp\/v2\/media\/39525"}],"wp:attachment":[{"href":"http:\/\/cordobadirecto.com\/index.php\/wp-json\/wp\/v2\/media?parent=39524"}],"wp:term":[{"taxonomy":"category","embeddable":true,"href":"http:\/\/cordobadirecto.com\/index.php\/wp-json\/wp\/v2\/categories?post=39524"},{"taxonomy":"post_tag","embeddable":true,"href":"http:\/\/cordobadirecto.com\/index.php\/wp-json\/wp\/v2\/tags?post=39524"}],"curies":[{"name":"wp","href":"https:\/\/api.w.org\/{rel}","templated":true}]}}