{"id":39548,"date":"2022-01-17T16:56:50","date_gmt":"2022-01-17T16:56:50","guid":{"rendered":"http:\/\/cordobadirecto.com\/index.php\/2022\/01\/17\/aportes-para-potenciar-la-economia-circular-en-el-sur-provincial\/"},"modified":"2022-01-17T16:56:50","modified_gmt":"2022-01-17T16:56:50","slug":"aportes-para-potenciar-la-economia-circular-en-el-sur-provincial","status":"publish","type":"post","link":"http:\/\/cordobadirecto.com\/index.php\/2022\/01\/17\/aportes-para-potenciar-la-economia-circular-en-el-sur-provincial\/","title":{"rendered":"Aportes para potenciar la <b>econom\u00eda<\/b> circular en el sur provincial"},"content":{"rendered":"<p>\u00abLa incorporaci\u00f3n de una <b>nueva<\/b> prensa mejorar\u00e1 la gesti\u00f3n de los residuos, el reciclaje de materiales y la generaci\u00f3n de empleo verde. <\/p>\n","protected":false},"excerpt":{"rendered":"<p>\u00abLa incorporaci\u00f3n de una nueva prensa mejorar\u00e1 la gesti\u00f3n de los residuos, el reciclaje de materiales y la generaci\u00f3n de empleo verde.<\/p>\n","protected":false},"author":1,"featured_media":0,"comment_status":"closed","ping_status":"closed","sticky":false,"template":"","format":"standard","meta":[],"categories":[40],"tags":[],"_links":{"self":[{"href":"http:\/\/cordobadirecto.com\/index.php\/wp-json\/wp\/v2\/posts\/39548"}],"collection":[{"href":"http:\/\/cordobadirecto.com\/index.php\/wp-json\/wp\/v2\/posts"}],"about":[{"href":"http:\/\/cordobadirecto.com\/index.php\/wp-json\/wp\/v2\/types\/post"}],"author":[{"embeddable":true,"href":"http:\/\/cordobadirecto.com\/index.php\/wp-json\/wp\/v2\/users\/1"}],"replies":[{"embeddable":true,"href":"http:\/\/cordobadirecto.com\/index.php\/wp-json\/wp\/v2\/comments?post=39548"}],"version-history":[{"count":0,"href":"http:\/\/cordobadirecto.com\/index.php\/wp-json\/wp\/v2\/posts\/39548\/revisions"}],"wp:attachment":[{"href":"http:\/\/cordobadirecto.com\/index.php\/wp-json\/wp\/v2\/media?parent=39548"}],"wp:term":[{"taxonomy":"category","embeddable":true,"href":"http:\/\/cordobadirecto.com\/index.php\/wp-json\/wp\/v2\/categories?post=39548"},{"taxonomy":"post_tag","embeddable":true,"href":"http:\/\/cordobadirecto.com\/index.php\/wp-json\/wp\/v2\/tags?post=39548"}],"curies":[{"name":"wp","href":"https:\/\/api.w.org\/{rel}","templated":true}]}}