{"id":39711,"date":"2022-01-17T16:46:06","date_gmt":"2022-01-17T16:46:06","guid":{"rendered":"https:\/\/www.ole.com.ar\/autos\/wrc-nueva_0_K4lfSCb3_.html"},"modified":"2022-01-17T16:46:06","modified_gmt":"2022-01-17T16:46:06","slug":"los-autos-del-2022","status":"publish","type":"post","link":"http:\/\/cordobadirecto.com\/index.php\/2022\/01\/17\/los-autos-del-2022\/","title":{"rendered":"Los autos del 2022"},"content":{"rendered":"<p>El Rally Mundial present\u00f3 en sociedad su temporada 2022, la cual ser\u00e1 la n\u00famero 50 de la historia del campeonato.<mark> El certamen que se pondr\u00e1 en marcha el pr\u00f3ximo fin de semana en Montecarlo tiene un cambio t\u00e9cnico importante, ya que se estrenar\u00e1n los Rally1 h\u00edbridos. Repas\u00e1 los dise\u00f1os de los tres equipos oficiales que tiene el torneo.<\/mark><\/p>\n<div class=\"sp__SM\">\n<div class=\"content-new \">\n<span class=\"tit-mobile\">Mir\u00e1 tambi\u00e9n<\/span><\/p>\n<div class=\"mg\">\n<div class=\"wrap-figure\">\n<picture>\n<a href=\"https:\/\/www.ole.com.ar\/autos\/mejores-imagenes-dakar-2022_0_96fiq7g15.html\" target=\"_self\" rel=\"noopener\"><br \/>\n<img class=\"img-responsive\" alt=\"Lo mejor del Dakar 2022\" src=\"http:\/\/cordobadirecto.com\/wp-content\/uploads\/2022\/01\/los-autos-del-2022.jpg\" loading=\"lazy\"><br \/>\n<\/a>\n<\/picture>\n<\/div>\n<\/div><\/div>\n<\/div>\n<p>Estos flamantes autos son el primer paso hacia una especialidad m\u00e1s limpia en cuestiones medioambientales. <mark>Los veh\u00edculos contar\u00e1n con un motor el\u00e9ctrico de 100Kw y del tradicional impulsor de combusti\u00f3n 1.6 con turbo que usa la categor\u00eda desde 2011.<\/mark><\/p>\n<p><mark>Adem\u00e1s, las m\u00e1quinas tendr\u00e1n una c\u00e9lula de seguridad con mejoras y ser\u00e1 el estreno de los combustibles 100% libre de f\u00f3siles.<\/mark> Este es el inicio del camino que arranca el Mundial de Rally para plantear un torneo m\u00e1s amigable para el medio ambiente.<\/p>\n<div class=\"sp__SM\">\n<div class=\"content-new \">\n<span class=\"tit-mobile\">Mir\u00e1 tambi\u00e9n<\/span><\/p>\n<div class=\"mg\">\n<div class=\"wrap-figure\">\n<picture>\n<a href=\"https:\/\/www.ole.com.ar\/autos\/presento-nueva_0_EKEWKHMv-.html\" target=\"_self\" rel=\"noopener\"><br \/>\n<img class=\"img-responsive\" alt=\"La nueva era del WRC\" src=\"http:\/\/cordobadirecto.com\/wp-content\/uploads\/2022\/01\/los-autos-del-2022-1.jpg\" loading=\"lazy\"><br \/>\n<\/a>\n<\/picture>\n<\/div>\n<\/div><\/div>\n<\/div>\n<p>En la presentaci\u00f3n estuvieron los tres equipos oficiales que tiene el campeonato, Toyota, Hyundai y Ford M-Sport.<\/p>\n<div class=\"sp__Normal\">\n<div class=\"image-embeb image-trigger\">\n<picture><source media=\"(min-width: 720px)\" srcset=\"http:\/\/cordobadirecto.com\/wp-content\/uploads\/2022\/01\/los-autos-del-2022-2.jpg\"><img itemprop=\"image\" src=\"http:\/\/cordobadirecto.com\/wp-content\/uploads\/2022\/01\/los-autos-del-2022-2.jpg\" loading=\"lazy\" alt=\"Ford M-Sport\">\n<\/picture><figcaption>\n<p>Ford M-Sport\n<\/p>\n<\/figcaption><\/div>\n<\/div>\n<div class=\"sp__Normal\">\n<div class=\"image-embeb image-trigger\">\n<picture><source media=\"(min-width: 720px)\" srcset=\"http:\/\/cordobadirecto.com\/wp-content\/uploads\/2022\/01\/los-autos-del-2022-3.jpg\"><img itemprop=\"image\" src=\"http:\/\/cordobadirecto.com\/wp-content\/uploads\/2022\/01\/los-autos-del-2022-3.jpg\" loading=\"lazy\" alt=\"Ford M-Sport\">\n<\/picture><figcaption>\n<p>Ford M-Sport\n<\/p>\n<\/figcaption><\/div>\n<\/div>\n<div class=\"sp__Normal\">\n<div class=\"image-embeb image-trigger\">\n<picture><source media=\"(min-width: 720px)\" srcset=\"http:\/\/cordobadirecto.com\/wp-content\/uploads\/2022\/01\/los-autos-del-2022-4.jpg\"><img itemprop=\"image\" src=\"http:\/\/cordobadirecto.com\/wp-content\/uploads\/2022\/01\/los-autos-del-2022-4.jpg\" loading=\"lazy\" alt=\"Hyundai\">\n<\/picture><figcaption>\n<p>Hyundai\n<\/p>\n<\/figcaption><\/div>\n<\/div>\n<div class=\"sp__Normal\">\n<div class=\"image-embeb image-trigger\">\n<picture><source media=\"(min-width: 720px)\" srcset=\"http:\/\/cordobadirecto.com\/wp-content\/uploads\/2022\/01\/los-autos-del-2022-5.jpg\"><img itemprop=\"image\" src=\"http:\/\/cordobadirecto.com\/wp-content\/uploads\/2022\/01\/los-autos-del-2022-5.jpg\" loading=\"lazy\" alt=\"Hyundai\">\n<\/picture><figcaption>\n<p>Hyundai\n<\/p>\n<\/figcaption><\/div>\n<\/div>\n<div class=\"sp__Normal\">\n<div class=\"image-embeb image-trigger\">\n<picture><source media=\"(min-width: 720px)\" srcset=\"http:\/\/cordobadirecto.com\/wp-content\/uploads\/2022\/01\/los-autos-del-2022-6.jpg\"><img itemprop=\"image\" src=\"http:\/\/cordobadirecto.com\/wp-content\/uploads\/2022\/01\/los-autos-del-2022-6.jpg\" loading=\"lazy\" alt=\"Hyundai\">\n<\/picture><figcaption>\n<p>Hyundai\n<\/p>\n<\/figcaption><\/div>\n<\/div>\n<div class=\"sp__Normal\">\n<div class=\"image-embeb image-trigger\">\n<picture><source media=\"(min-width: 720px)\" srcset=\"http:\/\/cordobadirecto.com\/wp-content\/uploads\/2022\/01\/los-autos-del-2022-7.jpg\"><img itemprop=\"image\" src=\"http:\/\/cordobadirecto.com\/wp-content\/uploads\/2022\/01\/los-autos-del-2022-7.jpg\" loading=\"lazy\" alt=\"Toyota\">\n<\/picture><figcaption>\n<p>Toyota\n<\/p>\n<\/figcaption><\/div>\n<\/div>\n<div class=\"sp__Normal\">\n<div class=\"image-embeb image-trigger\">\n<picture><source media=\"(min-width: 720px)\" srcset=\"http:\/\/cordobadirecto.com\/wp-content\/uploads\/2022\/01\/los-autos-del-2022-8.jpg\"><img itemprop=\"image\" src=\"http:\/\/cordobadirecto.com\/wp-content\/uploads\/2022\/01\/los-autos-del-2022-8.jpg\" loading=\"lazy\" alt=\"Toyota\">\n<\/picture><figcaption>\n<p>Toyota\n<\/p>\n<\/figcaption><\/div>\n<\/div>\n<div class=\"sp__Normal\">\n<div class=\"image-embeb image-trigger\">\n<picture><source media=\"(min-width: 720px)\" srcset=\"http:\/\/cordobadirecto.com\/wp-content\/uploads\/2022\/01\/los-autos-del-2022-9.jpg\"><img itemprop=\"image\" src=\"http:\/\/cordobadirecto.com\/wp-content\/uploads\/2022\/01\/los-autos-del-2022-9.jpg\" loading=\"lazy\" alt=\"Toyota\">\n<\/picture><figcaption>\n<p>Toyota\n<\/p>\n<\/figcaption><\/div>\n<\/div>\n<div class=\"entry-tags\">\n<h2>TEMAS QUE APARECEN EN ESTA NOTA<\/h2>\n<\/p><\/div>\n","protected":false},"excerpt":{"rendered":"<p>El Rally Mundial present\u00f3 en sociedad su temporada 2022, la cual ser\u00e1 la n\u00famero 50 de la historia del campeonato. El certamen que se pondr\u00e1 en marcha el pr\u00f3ximo fin de semana en Montecarlo tiene un cambio t\u00e9cnico importante, ya que se estrenar\u00e1n los Rally1 h\u00edbridos. Repas\u00e1 los dise\u00f1os de los tres equipos oficiales que [&hellip;]<\/p>\n","protected":false},"author":1,"featured_media":39712,"comment_status":"closed","ping_status":"closed","sticky":false,"template":"","format":"standard","meta":[],"categories":[21],"tags":[],"_links":{"self":[{"href":"http:\/\/cordobadirecto.com\/index.php\/wp-json\/wp\/v2\/posts\/39711"}],"collection":[{"href":"http:\/\/cordobadirecto.com\/index.php\/wp-json\/wp\/v2\/posts"}],"about":[{"href":"http:\/\/cordobadirecto.com\/index.php\/wp-json\/wp\/v2\/types\/post"}],"author":[{"embeddable":true,"href":"http:\/\/cordobadirecto.com\/index.php\/wp-json\/wp\/v2\/users\/1"}],"replies":[{"embeddable":true,"href":"http:\/\/cordobadirecto.com\/index.php\/wp-json\/wp\/v2\/comments?post=39711"}],"version-history":[{"count":0,"href":"http:\/\/cordobadirecto.com\/index.php\/wp-json\/wp\/v2\/posts\/39711\/revisions"}],"wp:featuredmedia":[{"embeddable":true,"href":"http:\/\/cordobadirecto.com\/index.php\/wp-json\/wp\/v2\/media\/39712"}],"wp:attachment":[{"href":"http:\/\/cordobadirecto.com\/index.php\/wp-json\/wp\/v2\/media?parent=39711"}],"wp:term":[{"taxonomy":"category","embeddable":true,"href":"http:\/\/cordobadirecto.com\/index.php\/wp-json\/wp\/v2\/categories?post=39711"},{"taxonomy":"post_tag","embeddable":true,"href":"http:\/\/cordobadirecto.com\/index.php\/wp-json\/wp\/v2\/tags?post=39711"}],"curies":[{"name":"wp","href":"https:\/\/api.w.org\/{rel}","templated":true}]}}