{"id":39715,"date":"2022-01-13T12:45:07","date_gmt":"2022-01-13T12:45:07","guid":{"rendered":"https:\/\/es.digitaltrends.com\/?p=909663"},"modified":"2022-01-13T12:45:07","modified_gmt":"2022-01-13T12:45:07","slug":"alemania-quiere-cerrar-telegram-para-frenar-los-mensajes-de-odio","status":"publish","type":"post","link":"http:\/\/cordobadirecto.com\/index.php\/2022\/01\/13\/alemania-quiere-cerrar-telegram-para-frenar-los-mensajes-de-odio\/","title":{"rendered":"Alemania quiere cerrar Telegram para frenar los mensajes de odio"},"content":{"rendered":"<p>Las autoridades alemanas est\u00e1n inquietas por la popularidad que ha alcanzado <a href=\"https:\/\/es.digitaltrends.com\/guias\/los-mejores-trucos-telegram\/\">Telegram<\/a> entre los grupos de extrema derecha y entre quienes se oponen a las restricciones sanitarias en aquel pa\u00eds.<\/p>\n<p>Seg\u00fan Nancy Faeser,&nbsp;ministra del Interior, la postura de estos grupos en la <a href=\"https:\/\/es.digitaltrends.com\/sociales\/clubhouse-lanza-aplicacion-para-android\/\">aplicaci\u00f3n<\/a> de mensajer\u00eda viola la ley alemana. Por lo mismo, las autoridades incluso evaluar\u00edan cerrar la app.<\/p>\n<p>\u201cNo podemos descartar esto. Un cierre ser\u00eda grave y claramente un \u00faltimo recurso. Primero hay que agotar todas las dem\u00e1s opciones\u201d, afirm\u00f3 la funcionaria de gobierno.<\/p>\n<figure id=\"attachment_909664\" aria-describedby=\"caption-attachment-909664\" class=\"wp-caption aligncenter\"><img src=\"http:\/\/cordobadirecto.com\/wp-content\/uploads\/2022\/01\/alemania-quiere-cerrar-telegram-para-frenar-los-mensajes-de-odio.gif\" data-dt-lazy-src=\"https:\/\/icdn.dtcn.com\/image\/digitaltrends_es\/in-this-photo-illustration-telegram-logo-is-seen-on-a-720x720.jpg\" onerror=\"dti_load_error(this)\" class=\" size-large wp-image-909664 dt-lazy-load dt-lazy-pending\" alt><figcaption id=\"caption-attachment-909664\" class=\"wp-caption-text\"><span class=\"credit\">Getty Images<\/span><\/figcaption><\/figure>\n<p>Al mismo tiempo, Faeser indic\u00f3 que, junto a las otras naciones de la Uni\u00f3n Europea, discuten de qu\u00e9 manera regular Telegram.<\/p>\n<p>Seg\u00fan la postura oficial de Alemania, en el \u00faltimo tiempo Telegram se ha convertido en un espacio donde los grupos de la extrema derecha alemana y quienes se oponen a las <a href=\"https:\/\/es.digitaltrends.com\/salud\/antivacunas-asaltan-bbc-londres\/\">vacunas<\/a> anti-COVID-19 han aprovechado de difundir sus mensajes llenos de odios, amenazas y <a href=\"https:\/\/es.digitaltrends.com\/sociales\/redes-sociales-fake-news-dificil-panorama-2022\/\">noticias falsas<\/a>.<\/p>\n<p>La legislaci\u00f3n alemana obliga a las compa\u00f1\u00edas a vigilar el contenido de sus plataformas al frenar los discursos de odio y las amenazas de muerte.<\/p>\n<p>Desde el Ministerio de Justicia de Alemania ya han advertido en varias ocasiones a la plataforma del incumplimiento de la ley, sin embargo, en la aplicaci\u00f3n han ignorado estas advertencias.<\/p>\n<p>Las autoridades explican que muchas manifestaciones que se oponen a las pol\u00edticas aplicadas por Alemania para aminorar el impacto de la situaci\u00f3n sanitaria han sido organizadas por extremistas ultraconservadores por medio de Telegram.<\/p>\n<p>Muchas de estas rebeliones han terminado con varios detenidos por incidentes violentos.<\/p>\n<h4 class=\"h-editors-recs-title\"> Recomendaciones del editor\t<\/h4>\n<p> <span id=\"publisher-md\" itemprop=\"publisher\" itemscope itemtype=\"https:\/\/schema.org\/Organization\"> <span itemprop=\"url\" itemtype=\"https:\/\/schema.org\/Url\" content=\"https:\/\/es.digitaltrends.com\"> <span itemprop=\"logo\" itemscope itemtype=\"https:\/\/schema.org\/ImageObject\"> <meta itemprop=\"url\" content=\"https:\/\/cdn.dtcn.com\/dt\/dt-logo-small.png\"> <meta itemprop=\"width\" content=\"0\"> <meta itemprop=\"height\" content=\"0\"> <\/span> <meta itemprop=\"name\" content=\"Digital Trends Espa\u00f1ol\"> <\/span> <span itemprop=\"image\" itemscope itemtype=\"https:\/\/schema.org\/ImageObject\"> <meta itemprop=\"url\" content=\"https:\/\/icdn.dtcn.com\/image\/digitaltrends_es\/in-this-photo-illustration-telegram-logo-is-seen-on-a.jpg\"> <\/span> <\/span><\/p>\n","protected":false},"excerpt":{"rendered":"<p>Las autoridades alemanas est\u00e1n inquietas por la popularidad que ha alcanzado Telegram entre los grupos de extrema derecha y entre quienes se oponen a las restricciones sanitarias en aquel pa\u00eds. Seg\u00fan Nancy Faeser,&nbsp;ministra del Interior, la postura de estos grupos en la aplicaci\u00f3n de mensajer\u00eda viola la ley alemana. Por lo mismo, las autoridades incluso [&hellip;]<\/p>\n","protected":false},"author":1,"featured_media":39716,"comment_status":"closed","ping_status":"closed","sticky":false,"template":"","format":"standard","meta":[],"categories":[26],"tags":[],"_links":{"self":[{"href":"http:\/\/cordobadirecto.com\/index.php\/wp-json\/wp\/v2\/posts\/39715"}],"collection":[{"href":"http:\/\/cordobadirecto.com\/index.php\/wp-json\/wp\/v2\/posts"}],"about":[{"href":"http:\/\/cordobadirecto.com\/index.php\/wp-json\/wp\/v2\/types\/post"}],"author":[{"embeddable":true,"href":"http:\/\/cordobadirecto.com\/index.php\/wp-json\/wp\/v2\/users\/1"}],"replies":[{"embeddable":true,"href":"http:\/\/cordobadirecto.com\/index.php\/wp-json\/wp\/v2\/comments?post=39715"}],"version-history":[{"count":0,"href":"http:\/\/cordobadirecto.com\/index.php\/wp-json\/wp\/v2\/posts\/39715\/revisions"}],"wp:featuredmedia":[{"embeddable":true,"href":"http:\/\/cordobadirecto.com\/index.php\/wp-json\/wp\/v2\/media\/39716"}],"wp:attachment":[{"href":"http:\/\/cordobadirecto.com\/index.php\/wp-json\/wp\/v2\/media?parent=39715"}],"wp:term":[{"taxonomy":"category","embeddable":true,"href":"http:\/\/cordobadirecto.com\/index.php\/wp-json\/wp\/v2\/categories?post=39715"},{"taxonomy":"post_tag","embeddable":true,"href":"http:\/\/cordobadirecto.com\/index.php\/wp-json\/wp\/v2\/tags?post=39715"}],"curies":[{"name":"wp","href":"https:\/\/api.w.org\/{rel}","templated":true}]}}