{"id":3972,"date":"2021-03-28T21:49:00","date_gmt":"2021-03-28T21:49:00","guid":{"rendered":"https:\/\/notepeines.com.ar\/?p=2083"},"modified":"2021-03-28T21:49:00","modified_gmt":"2021-03-28T21:49:00","slug":"el-n1-como-leitmotiv-por-que-ver-el-documental-de-guillermo-vilas","status":"publish","type":"post","link":"http:\/\/cordobadirecto.com\/index.php\/2021\/03\/28\/el-n1-como-leitmotiv-por-que-ver-el-documental-de-guillermo-vilas\/","title":{"rendered":"El N\u00b01 como leitmotiv: por qu\u00e9 ver el documental de Guillermo Vilas"},"content":{"rendered":"<div><img src=\"http:\/\/cordobadirecto.com\/wp-content\/uploads\/2021\/04\/el-n1-como-leitmotiv-por-que-ver-el-documental-de-guillermo-vilas.jpg\" class=\"ff-og-image-inserted\"><\/div>\n<p>Para Ver<\/p>\n<p>El N\u00b01 como leitmotiv: por qu\u00e9 ver el documental de Guillermo Vilas<\/p>\n<p>Estrenado por Netfilix, la \u00faltima historia en la b\u00fasqueda de reconocimiento del singular tenista tiene de todo. La misma ATP que fund\u00f3 niega hasta una investigaci\u00f3n de 15 a\u00f1os y 1.200 p\u00e1ginas con registros.<\/p>\n<p>Emociones por doquier son parte de<strong> \u00abVilas, ser\u00e1s lo que debas ser o no ser\u00e1s nada\u00bb<\/strong>, la pieza audiovisual. que ofrece la plataforma on demand.<\/p>\n<figure class=\"wp-block-embed is-type-video is-provider-youtube wp-block-embed-youtube wp-embed-aspect-16-9 wp-has-aspect-ratio\">\n<p>\n<iframe loading=\"lazy\" title=\"Vilas: Ser\u00e1s lo que debas ser o no ser\u00e1s nada | Tr\u00e1iler oficial | Netflix\" width=\"500\" height=\"281\" src=\"https:\/\/www.youtube.com\/embed\/uPOH5-QcRHM?feature=oembed\" frameborder=\"0\" allow=\"accelerometer; autoplay; clipboard-write; encrypted-media; gyroscope; picture-in-picture\" allowfullscreen>[embedded content]<\/iframe>\n<\/p>\n<\/figure>\n<p>Y la cantidad de lugares por los que pasea sobre la vida del mejor tenista argentino de la historia, adem\u00e1s de pionero, dejan en evidencia las particularidades de sus 68 a\u00f1os de vida.<\/p>\n<p>Pero desde el \u00faltimo lustro de la d\u00e9cada de 1970, su lucha se centra en la necesidad de que la Asociaci\u00f3n de Tenistas Profesionales (ATP) de la cual fue fundador, le reconozca que lleg\u00f3 a ser n\u00famero 1 en el r\u00e1nking.<\/p>\n<p>Se sabe que con un estreno reciente por aquellos tiempos del sistema por el que se registraban los resultados, las semanas en las que \u00abWilly\u00bb mereci\u00f3 mirar a todos desde arriba (algo que el documental prueba) no fueron parte del an\u00e1lisis.<\/p>\n<p>Lo que con acierto se deja ver es todo lo que construy\u00f3 Vilas para exigir hoy tal cuesti\u00f3n, que la ATP niega aunque sin argumentos para contrastar los 22.500 resultados y quinientos torneos de la \u00e9poca.<\/p>\n<figure class=\"wp-block-embed is-type-video is-provider-youtube wp-block-embed-youtube wp-embed-aspect-16-9 wp-has-aspect-ratio\">\n<p>\n<iframe loading=\"lazy\" title=\"TxP 26 Documental Vilas\" width=\"500\" height=\"281\" src=\"https:\/\/www.youtube.com\/embed\/JoxephrRwKI?feature=oembed\" frameborder=\"0\" allow=\"accelerometer; autoplay; clipboard-write; encrypted-media; gyroscope; picture-in-picture\" allowfullscreen>[embedded content]<\/iframe>\n<\/p>\n<\/figure>\n<p>El centro del documental es la tarea que se autoencomend\u00f3 el periodista especializado Eduardo Puppo. Inici\u00f3 el rastreo de documentos en 2006 pero s\u00f3lo se lo hizo saber varios a\u00f1os despu\u00e9s.<\/p>\n<p>Termin\u00f3 tan amigo del deportista que antes de partir a M\u00f3naco, lugar donde reside, le dej\u00f3 a resguardo sus tesoros m\u00e1s preciados: desde chombas, mu\u00f1equeras y medias hasta sus primeras raquetas o los cuadernos y cassettes que llen\u00f3 durante sus eternas giras.<\/p>\n<p>Rememora con archivos suculentos circunstancias de \u00e9poca y tiene su pico de emotividad con la visita de Puppo del a\u00f1o pasado en el Principado.<\/p>\n<p>La enfermedad que cursa Vilas, pero sobre todo que se machaque sobre su deseo de libertad, las perlas que relata en su gusto por la m\u00fasica y la centralidad de su padre, lo hacen altamente recomendable.<\/p>\n","protected":false},"excerpt":{"rendered":"<p>Para Ver El N\u00b01 como leitmotiv: por qu\u00e9 ver el documental de Guillermo Vilas Estrenado por Netfilix, la \u00faltima historia en la b\u00fasqueda de reconocimiento del singular tenista tiene de todo. La misma ATP que fund\u00f3 niega hasta una investigaci\u00f3n de 15 a\u00f1os y 1.200 p\u00e1ginas con registros. Emociones por doquier son parte de \u00abVilas, [&hellip;]<\/p>\n","protected":false},"author":1,"featured_media":3973,"comment_status":"open","ping_status":"closed","sticky":false,"template":"","format":"standard","meta":[],"categories":[19],"tags":[],"_links":{"self":[{"href":"http:\/\/cordobadirecto.com\/index.php\/wp-json\/wp\/v2\/posts\/3972"}],"collection":[{"href":"http:\/\/cordobadirecto.com\/index.php\/wp-json\/wp\/v2\/posts"}],"about":[{"href":"http:\/\/cordobadirecto.com\/index.php\/wp-json\/wp\/v2\/types\/post"}],"author":[{"embeddable":true,"href":"http:\/\/cordobadirecto.com\/index.php\/wp-json\/wp\/v2\/users\/1"}],"replies":[{"embeddable":true,"href":"http:\/\/cordobadirecto.com\/index.php\/wp-json\/wp\/v2\/comments?post=3972"}],"version-history":[{"count":0,"href":"http:\/\/cordobadirecto.com\/index.php\/wp-json\/wp\/v2\/posts\/3972\/revisions"}],"wp:featuredmedia":[{"embeddable":true,"href":"http:\/\/cordobadirecto.com\/index.php\/wp-json\/wp\/v2\/media\/3973"}],"wp:attachment":[{"href":"http:\/\/cordobadirecto.com\/index.php\/wp-json\/wp\/v2\/media?parent=3972"}],"wp:term":[{"taxonomy":"category","embeddable":true,"href":"http:\/\/cordobadirecto.com\/index.php\/wp-json\/wp\/v2\/categories?post=3972"},{"taxonomy":"post_tag","embeddable":true,"href":"http:\/\/cordobadirecto.com\/index.php\/wp-json\/wp\/v2\/tags?post=3972"}],"curies":[{"name":"wp","href":"https:\/\/api.w.org\/{rel}","templated":true}]}}