{"id":3981,"date":"2021-04-01T11:42:09","date_gmt":"2021-04-01T11:42:09","guid":{"rendered":"http:\/\/www.bbc.com\/mundo\/noticias-america-latina-56597781"},"modified":"2021-04-01T11:42:09","modified_gmt":"2021-04-01T11:42:09","slug":"coronavirus-en-argentina-las-4-medidas-con-las-que-el-pais-trata-de-salir-de-la-profunda-crisis-economica-que-atraviesa","status":"publish","type":"post","link":"http:\/\/cordobadirecto.com\/index.php\/2021\/04\/01\/coronavirus-en-argentina-las-4-medidas-con-las-que-el-pais-trata-de-salir-de-la-profunda-crisis-economica-que-atraviesa\/","title":{"rendered":"Coronavirus en Argentina: las 4 medidas con las que el pa\u00eds trata de salir de la profunda crisis econ\u00f3mica que atraviesa"},"content":{"rendered":"<div dir=\"ltr\" class=\"e1j2237y6 bbc-q4ibpr e57qer20\">\n<div class=\"bbc-1atl7vu e1c9i7u14\">\n<ul role=\"list\" class=\"bbc-cdrraw e1c9i7u12\">\n<li role=\"listitem\" class=\"bbc-1a3w4ok e1c9i7u11\">Veronica Smink<\/li>\n<li role=\"listitem\" class=\"bbc-1p92jtu e1c9i7u10\">BBC News Mundo, Argentina<\/li>\n<\/ul>\n<\/div>\n<\/div>\n<p><time datetime=\"2021-04-01\" class=\"bbc-14xtggo e4zesg50\">1 hora<\/time><\/p>\n<div dir=\"ltr\" class=\"bbc-1ka88fa e57qer20\">\n<figure class=\"bbc-1qdcvv9 e6bmn90\">\n<div dir=\"ltr\" class=\"bbc-172p16q e57qer20\">\n<div dir=\"ltr\" class=\"bbc-189y18v e57qer20\" readability=\"6.5\">\n<div data-e2e=\"image-placeholder\" class=\"bbc-1k5hvrj e1whu0\" readability=\"8\"><img srcset=\"http:\/\/cordobadirecto.com\/wp-content\/uploads\/2021\/04\/coronavirus-en-argentina-las-4-medidas-con-las-que-el-pais-trata-de-salir-de-la-profunda-crisis-economica-que-atraviesa-7.jpg 240w, http:\/\/cordobadirecto.com\/wp-content\/uploads\/2021\/04\/coronavirus-en-argentina-las-4-medidas-con-las-que-el-pais-trata-de-salir-de-la-profunda-crisis-economica-que-atraviesa-8.jpg 320w, http:\/\/cordobadirecto.com\/wp-content\/uploads\/2021\/04\/coronavirus-en-argentina-las-4-medidas-con-las-que-el-pais-trata-de-salir-de-la-profunda-crisis-economica-que-atraviesa-9.jpg 480w, http:\/\/cordobadirecto.com\/wp-content\/uploads\/2021\/04\/coronavirus-en-argentina-las-4-medidas-con-las-que-el-pais-trata-de-salir-de-la-profunda-crisis-economica-que-atraviesa-10.jpg 624w, http:\/\/cordobadirecto.com\/wp-content\/uploads\/2021\/04\/coronavirus-en-argentina-las-4-medidas-con-las-que-el-pais-trata-de-salir-de-la-profunda-crisis-economica-que-atraviesa-11.jpg 800w\" alt=\"Un hombre muestra sus bolsillos vac\u00edos, frente a una bandera de Argentina\" src=\"http:\/\/cordobadirecto.com\/wp-content\/uploads\/2021\/04\/coronavirus-en-argentina-las-4-medidas-con-las-que-el-pais-trata-de-salir-de-la-profunda-crisis-economica-que-atraviesa.jpg\" width=\"976\" class=\"bbc-fat2bc e1enwo3v0\"><\/p>\n<p role=\"text\" class=\"bbc-1s1cxbv etq3yw90\"><span class=\"bbc-1gnhmg2 e1yt7oin0\">Fuente de la imagen, <\/span><span lang=\"en-GB\">iStock<\/span><\/p>\n<\/div>\n<\/div>\n<div dir=\"ltr\" class=\"bbc-3edg7g e57qer20\" readability=\"6.5\"><figcaption dir=\"ltr\" class=\"bbc-1t9zlwf eede9f50\" readability=\"3\"><span class=\"bbc-1gnhmg2 e1yt7oin0\">Pie de foto, <\/span><\/p>\n<p>Argentina ya estaba en crisis cuando lleg\u00f3 la pandemia, que derrumb\u00f3 el PIB otro 10%.<\/p>\n<\/figcaption><\/div>\n<\/div>\n<\/figure>\n<\/div>\n<div dir=\"ltr\" class=\"bbc-19j92fr e57qer20\" readability=\"9\">\n<p dir=\"ltr\" class=\"bbc-bm53ic e1cc2ql70\"><b>Argentina ya atravesaba una grave crisis econ\u00f3mica cuando empez\u00f3 la pandemia hace un a\u00f1o, por lo que fue uno de los pa\u00edses m\u00e1s golpeados del mundo en 2020.<\/b><\/p>\n<\/div>\n<div dir=\"ltr\" class=\"bbc-19j92fr e57qer20\" readability=\"8\">\n<p dir=\"ltr\" class=\"bbc-bm53ic e1cc2ql70\">Llevabados a\u00f1os de recesi\u00f3n y ten\u00eda una de las peores tasas de inflaci\u00f3n y una de las monedas m\u00e1s devaluadas del mundo cuando lleg\u00f3 el coronavirus en marzo de 2020.<\/p>\n<\/div>\n<div dir=\"ltr\" class=\"bbc-19j92fr e57qer20\" readability=\"9\">\n<p dir=\"ltr\" class=\"bbc-bm53ic e1cc2ql70\">El temor a la covid-19 y la prolongada cuarentena que orden\u00f3 el gobierno para tratar de frenarlo, provocaron una <b>contracci\u00f3n econ\u00f3mica de casi el 10%.<\/b><\/p>\n<\/div>\n<div dir=\"ltr\" class=\"bbc-19j92fr e57qer20\" readability=\"11\">\n<p dir=\"ltr\" class=\"bbc-bm53ic e1cc2ql70\">La cifra es un punto menor a la ca\u00edda del Producto Interno Bruto (PIB) que sufri\u00f3 Argentina durante la crisis de 2001\/2002, que hasta ahora hab\u00eda sido la peor en su historia, cuando m\u00e1s de la mitad de la poblaci\u00f3n cay\u00f3 por debajo de la l\u00ednea de pobreza.<\/p>\n<\/div>\n<div dir=\"ltr\" class=\"bbc-19j92fr e57qer20\" readability=\"9\">\n<p dir=\"ltr\" class=\"bbc-bm53ic e1cc2ql70\">Hoy m\u00e1s de <b>cuatro de cada diez argentinos son pobres<\/b>, seg\u00fan el Observatorio Social de la Universidad Cat\u00f3lica Argentina (UCA).<\/p>\n<\/div>\n<div dir=\"ltr\" class=\"bbc-19j92fr e57qer20\" readability=\"10\">\n<p dir=\"ltr\" class=\"bbc-bm53ic e1cc2ql70\">Con los precios subiendo un 40% interanual y el peso depreci\u00e1ndose casi un 30% en 2020 y a\u00fan m\u00e1s el a\u00f1o anterior, no es dif\u00edcil entender por qu\u00e9 cada vez son menos los que logran llegar a fin de mes.<\/p>\n<\/div>\n<div dir=\"ltr\" class=\"bbc-19j92fr e57qer20\" readability=\"13\">\n<p dir=\"ltr\" class=\"bbc-bm53ic e1cc2ql70\">El presidente Alberto Fern\u00e1ndez, quien asumi\u00f3 tres meses antes de que empezara la pandemia, debi\u00f3 reestructurar una enorme deuda heredada (equivalente al 90% del PIB del pa\u00eds), y no pudo acceder a los mercados de cr\u00e9dito, como han hecho tantas otras naciones para financiar la crisis sanitaria.<\/p>\n<\/div>\n<div dir=\"ltr\" class=\"bbc-19j92fr e57qer20\" readability=\"11\">\n<p dir=\"ltr\" class=\"bbc-bm53ic e1cc2ql70\">En vez, ha recurrido a la <b>emisi\u00f3n monetaria<\/b> -es decir, a imprimir dinero-, acelerando el efecto inflacionario.<\/p>\n<\/div>\n<div dir=\"ltr\" class=\"bbc-19j92fr e57qer20\" readability=\"11\">\n<p dir=\"ltr\" class=\"bbc-bm53ic e1cc2ql70\">El peronista Fern\u00e1ndez y su vicepresidenta, la exmandataria Cristina Fern\u00e1ndez de Kirchner (2007-2015), tambi\u00e9n han aplicado una serie de medidas heterodoxas -algunas muy pol\u00e9micas- para tratar de paliar la crisis.<\/p>\n<\/div>\n<div dir=\"ltr\" class=\"bbc-1ka88fa e57qer20\">\n<figure class=\"bbc-1qdcvv9 e6bmn90\">\n<div dir=\"ltr\" class=\"bbc-172p16q e57qer20\">\n<div dir=\"ltr\" class=\"bbc-189y18v e57qer20\" readability=\"6.5\">\n<div data-e2e=\"image-placeholder\" class=\"bbc-1k5hvrj e1whu0\" readability=\"8\"><noscript><img srcset=\"http:\/\/cordobadirecto.com\/wp-content\/uploads\/2021\/04\/coronavirus-en-argentina-las-4-medidas-con-las-que-el-pais-trata-de-salir-de-la-profunda-crisis-economica-que-atraviesa-12.jpg 240w, http:\/\/cordobadirecto.com\/wp-content\/uploads\/2021\/04\/coronavirus-en-argentina-las-4-medidas-con-las-que-el-pais-trata-de-salir-de-la-profunda-crisis-economica-que-atraviesa-13.jpg 320w, http:\/\/cordobadirecto.com\/wp-content\/uploads\/2021\/04\/coronavirus-en-argentina-las-4-medidas-con-las-que-el-pais-trata-de-salir-de-la-profunda-crisis-economica-que-atraviesa-14.jpg 480w, http:\/\/cordobadirecto.com\/wp-content\/uploads\/2021\/04\/coronavirus-en-argentina-las-4-medidas-con-las-que-el-pais-trata-de-salir-de-la-profunda-crisis-economica-que-atraviesa-15.jpg 624w, http:\/\/cordobadirecto.com\/wp-content\/uploads\/2021\/04\/coronavirus-en-argentina-las-4-medidas-con-las-que-el-pais-trata-de-salir-de-la-profunda-crisis-economica-que-atraviesa-16.jpg 800w\" alt=\"Alberto Fern\u00e1ndez y su vice, Cristina Fern\u00e1ndez de Kirchner\" src=\"http:\/\/cordobadirecto.com\/wp-content\/uploads\/2021\/04\/coronavirus-en-argentina-las-4-medidas-con-las-que-el-pais-trata-de-salir-de-la-profunda-crisis-economica-que-atraviesa-1.jpg\" width=\"976\" class=\"bbc-fat2bc e1enwo3v0\"><\/noscript><\/p>\n<p role=\"text\" class=\"bbc-1s1cxbv etq3yw90\"><span class=\"bbc-1gnhmg2 e1yt7oin0\">Fuente de la imagen, <\/span><span lang=\"en-GB\">Getty Images<\/span><\/p>\n<\/div>\n<\/div>\n<div dir=\"ltr\" class=\"bbc-3edg7g e57qer20\" readability=\"7.5\"><figcaption dir=\"ltr\" class=\"bbc-1t9zlwf eede9f50\" readability=\"5\"><span class=\"bbc-1gnhmg2 e1yt7oin0\">Pie de foto, <\/span><\/p>\n<p>Alberto Fern\u00e1ndez y su vice, Cristina Fern\u00e1ndez de Kirchner, asumieron tres meses antes de la llegada del coronavirus a Argentina.<\/p>\n<\/figcaption><\/div>\n<\/div>\n<\/figure>\n<\/div>\n<div dir=\"ltr\" class=\"bbc-19j92fr e57qer20\" readability=\"8\">\n<p dir=\"ltr\" class=\"bbc-bm53ic e1cc2ql70\">Aqu\u00ed te contamos cu\u00e1les han sido las principales iniciativas del gobierno para intentar mantener el pa\u00eds a flote y buscar un repunte econ\u00f3mico.<\/p>\n<\/div>\n<p><h2 id=\"1-Prohibici\u00f3n-de-despidos\" tabindex=\"-1\" class=\"bbc-l3e97o e14hemmw0\">1. Prohibici\u00f3n de despidos<\/h2>\n<\/p>\n<div dir=\"ltr\" class=\"bbc-19j92fr e57qer20\" readability=\"12\">\n<p dir=\"ltr\" class=\"bbc-bm53ic e1cc2ql70\">Con el empleo cayendo en todas partes del mundo a causa del coronavirus y las cuarentenas, el gobierno argentino tom\u00f3 una inusual medida en marzo de 2020, cuando la pandemia era incipiente, para evitar que lo mismo ocurra en Argentina: prohibi\u00f3 los despidos.<\/p>\n<\/div>\n<div dir=\"ltr\" class=\"bbc-19j92fr e57qer20\" readability=\"7\">\n<p dir=\"ltr\" class=\"bbc-bm53ic e1cc2ql70\">A trav\u00e9s de un decreto incluso prohibi\u00f3 las suspensiones de trabajadores.<\/p>\n<\/div>\n<div dir=\"ltr\" class=\"bbc-19j92fr e57qer20\" readability=\"12\">\n<p dir=\"ltr\" class=\"bbc-bm53ic e1cc2ql70\">Si bien la medida inicial duraba 60 d\u00edas se ha extendido sucesivamente hasta el d\u00eda de hoy. La \u00faltima pr\u00f3rroga, en enero pasado, rige hasta finales de abril, por lo que<b> la prohibici\u00f3n durar\u00e1 m\u00e1s de un a\u00f1o.<\/b><\/p>\n<\/div>\n<div dir=\"ltr\" class=\"bbc-19j92fr e57qer20\" readability=\"9\">\n<p dir=\"ltr\" class=\"bbc-bm53ic e1cc2ql70\">La medida del gobierno busca proteger a los trabajadores, con la intenci\u00f3n de que no pierdan sus fuentes de ingreso.<\/p>\n<\/div>\n<div dir=\"ltr\" class=\"bbc-19j92fr e57qer20\" readability=\"10\">\n<p dir=\"ltr\" class=\"bbc-bm53ic e1cc2ql70\">Sin embargo, ha resultado ser un palo en la rueda para las empresas, ya que el personal representa <b>el principal costo de los empleadores.<\/b><\/p>\n<\/div>\n<div dir=\"ltr\" class=\"bbc-19j92fr e57qer20\" readability=\"13\">\n<p dir=\"ltr\" class=\"bbc-bm53ic e1cc2ql70\">En medio del freno econ\u00f3mico, con una grave ca\u00edda de la actividad en muchos sectores, prohibir los despidos dej\u00f3 a las compa\u00f1\u00edas sin &#8220;margen de maniobra&#8221;, le explic\u00f3 a BBC Mundo el economista Martin Vauthier, director de la consultora Eco Go.<\/p>\n<\/div>\n<div dir=\"ltr\" class=\"bbc-19j92fr e57qer20\" readability=\"9\">\n<p dir=\"ltr\" class=\"bbc-bm53ic e1cc2ql70\">El experto se\u00f1al\u00f3 que las m\u00e1s golpeadas han sido las peque\u00f1as y medianas empresas (pymes), que generan el 75% del empleo en el pa\u00eds.<\/p>\n<\/div>\n<div dir=\"ltr\" class=\"bbc-19j92fr e57qer20\" readability=\"11\">\n<p dir=\"ltr\" class=\"bbc-bm53ic e1cc2ql70\">Seg\u00fan una encuesta realizada por la Confederaci\u00f3n Argentina de la Mediana Empresa (CAME), <b>m\u00e1s de 41.000 pymes cerraron sus puertas en 2020<\/b>, el doble de las que desaparecieron durante la crisis de 2001\/2002.<\/p>\n<\/div>\n<div dir=\"ltr\" class=\"bbc-19j92fr e57qer20\" readability=\"11\">\n<p dir=\"ltr\" class=\"bbc-bm53ic e1cc2ql70\">Esta es una de las principales causas por las que, a pesar de la prohibici\u00f3n de despedir, el desempleo aument\u00f3 del 8,9% en 2019 al <b>11% a finales de 2020<\/b>.<\/p>\n<\/div>\n<div dir=\"ltr\" class=\"bbc-1ka88fa e57qer20\">\n<figure class=\"bbc-1qdcvv9 e6bmn90\">\n<div dir=\"ltr\" class=\"bbc-172p16q e57qer20\">\n<div dir=\"ltr\" class=\"bbc-189y18v e57qer20\" readability=\"6.5\">\n<div data-e2e=\"image-placeholder\" class=\"bbc-1k5hvrj e1whu0\" readability=\"8\"><noscript><img srcset=\"http:\/\/cordobadirecto.com\/wp-content\/uploads\/2021\/04\/coronavirus-en-argentina-las-4-medidas-con-las-que-el-pais-trata-de-salir-de-la-profunda-crisis-economica-que-atraviesa-17.jpg 240w, http:\/\/cordobadirecto.com\/wp-content\/uploads\/2021\/04\/coronavirus-en-argentina-las-4-medidas-con-las-que-el-pais-trata-de-salir-de-la-profunda-crisis-economica-que-atraviesa-18.jpg 320w, http:\/\/cordobadirecto.com\/wp-content\/uploads\/2021\/04\/coronavirus-en-argentina-las-4-medidas-con-las-que-el-pais-trata-de-salir-de-la-profunda-crisis-economica-que-atraviesa-19.jpg 480w, http:\/\/cordobadirecto.com\/wp-content\/uploads\/2021\/04\/coronavirus-en-argentina-las-4-medidas-con-las-que-el-pais-trata-de-salir-de-la-profunda-crisis-economica-que-atraviesa-20.jpg 624w, http:\/\/cordobadirecto.com\/wp-content\/uploads\/2021\/04\/coronavirus-en-argentina-las-4-medidas-con-las-que-el-pais-trata-de-salir-de-la-profunda-crisis-economica-que-atraviesa-21.jpg 800w\" alt=\"Negocios cerrados en Buenos Aires\" src=\"http:\/\/cordobadirecto.com\/wp-content\/uploads\/2021\/04\/coronavirus-en-argentina-las-4-medidas-con-las-que-el-pais-trata-de-salir-de-la-profunda-crisis-economica-que-atraviesa-2.jpg\" width=\"976\" class=\"bbc-fat2bc e1enwo3v0\"><\/noscript><\/p>\n<p role=\"text\" class=\"bbc-1s1cxbv etq3yw90\"><span class=\"bbc-1gnhmg2 e1yt7oin0\">Fuente de la imagen, <\/span><span lang=\"en-GB\">Getty Images<\/span><\/p>\n<\/div>\n<\/div>\n<div dir=\"ltr\" class=\"bbc-3edg7g e57qer20\" readability=\"6\"><figcaption dir=\"ltr\" class=\"bbc-1t9zlwf eede9f50\" readability=\"2\"><span class=\"bbc-1gnhmg2 e1yt7oin0\">Pie de foto, <\/span><\/p>\n<p>Miles de negocios cerraron sus puertas en 2020.<\/p>\n<\/figcaption><\/div>\n<\/div>\n<\/figure>\n<\/div>\n<div dir=\"ltr\" class=\"bbc-19j92fr e57qer20\" readability=\"11\">\n<p dir=\"ltr\" class=\"bbc-bm53ic e1cc2ql70\">La cifra -equivalente a un0s 2,2 millones de personas- no contempla a los casi 800.000 argentinos que directamente dejaron de buscar empleo, entre otras cosas por las restricciones para usar el transporte p\u00fablico durante la larga cuarentena.<\/p>\n<\/div>\n<div dir=\"ltr\" class=\"bbc-19j92fr e57qer20\" readability=\"8\">\n<p dir=\"ltr\" class=\"bbc-bm53ic e1cc2ql70\">No obstante, el gobierno ha destacado la efectividad de la prohibici\u00f3n.<\/p>\n<\/div>\n<div dir=\"ltr\" class=\"bbc-19j92fr e57qer20\" readability=\"11\">\n<p dir=\"ltr\" class=\"bbc-bm53ic e1cc2ql70\">Durante un encuentro con empresarios a finales de 2020, el ministro de Trabajo, Claudio Moroni, se\u00f1al\u00f3 que <b>la p\u00e9rdida de empleo en Argentina &#8220;fue baja en relaci\u00f3n con otros pa\u00edses&#8221;.<\/b><\/p>\n<\/div>\n<div dir=\"ltr\" class=\"bbc-19j92fr e57qer20\" readability=\"11\">\n<p dir=\"ltr\" class=\"bbc-bm53ic e1cc2ql70\">Moroni tambi\u00e9n resalt\u00f3 que el gobierno asisti\u00f3 a unas 300.000 empresas y a 2 millones de trabajadores a trav\u00e9s del Programa de Asistencia de Emergencia al Trabajo y la Producci\u00f3n (ATP), que subsidi\u00f3 el 50% de los salarios de empresas privadas durante la etapa m\u00e1s estricta de la cuarentena obligatoria.<\/p>\n<\/div>\n<p><h2 id=\"2-Aumento-de-aranceles-al-campo\" tabindex=\"-1\" class=\"bbc-l3e97o e14hemmw0\">2. Aumento de aranceles al campo<\/h2>\n<\/p>\n<div dir=\"ltr\" class=\"bbc-19j92fr e57qer20\" readability=\"7\">\n<p dir=\"ltr\" class=\"bbc-bm53ic e1cc2ql70\">Esta no es la primera crisis econ\u00f3mica que enfrenta Alberto Fern\u00e1ndez.<\/p>\n<\/div>\n<div dir=\"ltr\" class=\"bbc-19j92fr e57qer20\" readability=\"9\">\n<p dir=\"ltr\" class=\"bbc-bm53ic e1cc2ql70\">Como jefe de gabinete de N\u00e9stor Kirchner (2003-2007), el actual mandatario fue un actor clave en la recuperaci\u00f3n que vivi\u00f3 el pa\u00eds tras la debacle de comienzos de siglo.<\/p>\n<\/div>\n<div dir=\"ltr\" class=\"bbc-19j92fr e57qer20\" readability=\"8\">\n<p dir=\"ltr\" class=\"bbc-bm53ic e1cc2ql70\">Y est\u00e1 convencido que Argentina <b>volver\u00e1 a ponerse de pie <\/b>de la mano del sector que lo levant\u00f3 hace dos d\u00e9cadas: <b>el campo.<\/b><\/p>\n<\/div>\n<div dir=\"ltr\" class=\"bbc-19j92fr e57qer20\" readability=\"13\">\n<p dir=\"ltr\" class=\"bbc-bm53ic e1cc2ql70\">La depreciaci\u00f3n del peso ha hecho que los principales bienes de exportaci\u00f3n argentinos, como la soja, el trigo, el ma\u00edz y la carne, resulten baratos, haci\u00e9ndolos m\u00e1s atractivos.<\/p>\n<\/div>\n<div dir=\"ltr\" class=\"bbc-19j92fr e57qer20\" readability=\"11\">\n<p dir=\"ltr\" class=\"bbc-bm53ic e1cc2ql70\">La suerte tambi\u00e9n parece estar favoreciendo nuevamente al pa\u00eds sudamericano: al igual que en 2003, <b>los precios de los granos se han vuelto a disparar a nivel global<\/b>, aumentando la entrada de divisas.<\/p>\n<\/div>\n<div dir=\"ltr\" class=\"bbc-19j92fr e57qer20\" readability=\"9\">\n<p dir=\"ltr\" class=\"bbc-bm53ic e1cc2ql70\">Para sacar provecho de esta bonanza, Fern\u00e1ndez aument\u00f3 los impuestos sobre las exportaciones agr\u00edcolas.<\/p>\n<\/div>\n<div dir=\"ltr\" class=\"bbc-19j92fr e57qer20\" readability=\"11\">\n<p dir=\"ltr\" class=\"bbc-bm53ic e1cc2ql70\">A d\u00edas de asumir, elimin\u00f3 por decreto algunos topes impositivos impuestos por su antecesor, Mauricio Macri, y volvi\u00f3 a subir los aranceles sobre el trigo y el ma\u00edz a 12%.<\/p>\n<\/div>\n<div dir=\"ltr\" class=\"bbc-19j92fr e57qer20\" readability=\"12\">\n<p dir=\"ltr\" class=\"bbc-bm53ic e1cc2ql70\">En tanto, la venta al extranjero del mayor producto de exportaci\u00f3n, la soja, qued\u00f3 gravada con un impuesto del 30% de su valor. En marzo, la cifra se aument\u00f3 al 33% para los grandes productores.<\/p>\n<\/div>\n<div dir=\"ltr\" class=\"bbc-1ka88fa e57qer20\">\n<figure class=\"bbc-1qdcvv9 e6bmn90\">\n<div dir=\"ltr\" class=\"bbc-172p16q e57qer20\">\n<div dir=\"ltr\" class=\"bbc-189y18v e57qer20\" readability=\"6.5\">\n<div data-e2e=\"image-placeholder\" class=\"bbc-1k5hvrj e1whu0\" readability=\"8\"><noscript><img srcset=\"http:\/\/cordobadirecto.com\/wp-content\/uploads\/2021\/04\/coronavirus-en-argentina-las-4-medidas-con-las-que-el-pais-trata-de-salir-de-la-profunda-crisis-economica-que-atraviesa-22.jpg 240w, http:\/\/cordobadirecto.com\/wp-content\/uploads\/2021\/04\/coronavirus-en-argentina-las-4-medidas-con-las-que-el-pais-trata-de-salir-de-la-profunda-crisis-economica-que-atraviesa-23.jpg 320w, http:\/\/cordobadirecto.com\/wp-content\/uploads\/2021\/04\/coronavirus-en-argentina-las-4-medidas-con-las-que-el-pais-trata-de-salir-de-la-profunda-crisis-economica-que-atraviesa-24.jpg 480w, http:\/\/cordobadirecto.com\/wp-content\/uploads\/2021\/04\/coronavirus-en-argentina-las-4-medidas-con-las-que-el-pais-trata-de-salir-de-la-profunda-crisis-economica-que-atraviesa-25.jpg 624w, http:\/\/cordobadirecto.com\/wp-content\/uploads\/2021\/04\/coronavirus-en-argentina-las-4-medidas-con-las-que-el-pais-trata-de-salir-de-la-profunda-crisis-economica-que-atraviesa-26.jpg 800w\" alt=\"Un campo con cultivos de soja en Entre R\u00edos, Argentina\" src=\"http:\/\/cordobadirecto.com\/wp-content\/uploads\/2021\/04\/coronavirus-en-argentina-las-4-medidas-con-las-que-el-pais-trata-de-salir-de-la-profunda-crisis-economica-que-atraviesa-3.jpg\" width=\"976\" class=\"bbc-fat2bc e1enwo3v0\"><\/noscript><\/p>\n<p role=\"text\" class=\"bbc-1s1cxbv etq3yw90\"><span class=\"bbc-1gnhmg2 e1yt7oin0\">Fuente de la imagen, <\/span><span lang=\"en-GB\">Getty Images<\/span><\/p>\n<\/div>\n<\/div>\n<div dir=\"ltr\" class=\"bbc-3edg7g e57qer20\" readability=\"6.5\"><figcaption dir=\"ltr\" class=\"bbc-1t9zlwf eede9f50\" readability=\"3\"><span class=\"bbc-1gnhmg2 e1yt7oin0\">Pie de foto, <\/span><\/p>\n<p>Los productores de soja pagan un impuesto del 33% para exportarlo, adem\u00e1s de otros grav\u00e1menes.<\/p>\n<\/figcaption><\/div>\n<\/div>\n<\/figure>\n<\/div>\n<div dir=\"ltr\" class=\"bbc-19j92fr e57qer20\" readability=\"9\">\n<p dir=\"ltr\" class=\"bbc-bm53ic e1cc2ql70\">Con estos grav\u00e1menes, se estima que el fisco argentino recaudar\u00e1 este a\u00f1o unos <b>US$8.000 millones m\u00e1s <\/b>que la campa\u00f1a pasada.<\/p>\n<\/div>\n<div dir=\"ltr\" class=\"bbc-19j92fr e57qer20\" readability=\"15\">\n<p dir=\"ltr\" class=\"bbc-bm53ic e1cc2ql70\">Sin embargo, <b>las sub<\/b><b>idas<\/b><b> tensaron la relaci\u00f3n entre el gobierno y el sector agr\u00edcola<\/b>, generando temores de que se reeditaran los enfrentamientos y paros del primer gobierno de Fern\u00e1ndez de Kirchner, cuando, tras suceder a su marido en 2007, intent\u00f3 aumentar la tasa sobre la exportaci\u00f3n de soja al 35%.<\/p>\n<\/div>\n<div dir=\"ltr\" class=\"bbc-19j92fr e57qer20\" readability=\"14\">\n<p dir=\"ltr\" class=\"bbc-bm53ic e1cc2ql70\">Algunas decisiones posteriores del presidente Fern\u00e1ndez, como una suspensi\u00f3n temporal de las exportaciones de ma\u00edz con la intenci\u00f3n abaratar el costo local de la carne y la leche (el ma\u00edz se usa como alimento de las vacas), o la amenaza de expropiar la quebrada cerealera Vicentin, una de las principales empresas agroexportadoras del pa\u00eds, pusieron a ambos sectores al borde de un choque.<\/p>\n<\/div>\n<div dir=\"ltr\" class=\"bbc-19j92fr e57qer20\" readability=\"10\">\n<p dir=\"ltr\" class=\"bbc-bm53ic e1cc2ql70\">No obstante, la decisi\u00f3n del gobierno de <b>dar marcha atr\u00e1s<\/b> con ambas iniciativas evit\u00f3 que el conflicto escalara, y el campo suspendi\u00f3 sus medidas de fuerza.<\/p>\n<\/div>\n<p><h2 id=\"3-Impuesto-a-los-ricos\" tabindex=\"-1\" class=\"bbc-l3e97o e14hemmw0\">3. Impuesto a los ricos<\/h2>\n<\/p>\n<div dir=\"ltr\" class=\"bbc-19j92fr e57qer20\" readability=\"9\">\n<p dir=\"ltr\" class=\"bbc-bm53ic e1cc2ql70\">Otro motivo de malestar de los productores agrarios con el gobierno es la llamada Ley de Aporte Solidario y Extraordinario, m\u00e1s conocido como el impuesto extraordinario a la riqueza.<\/p>\n<\/div>\n<div dir=\"ltr\" class=\"bbc-19j92fr e57qer20\" readability=\"10\">\n<p dir=\"ltr\" class=\"bbc-bm53ic e1cc2ql70\">Se trata de un gravamen propuesto por el Ejecutivo, y aprobado por ley en enero pasado, que tasa los <b>patrimonios<\/b><b> superiores a los 200 millones de pesos (unos US$2 millones).<\/b><\/p>\n<\/div>\n<div dir=\"ltr\" class=\"bbc-19j92fr e57qer20\" readability=\"13\">\n<p dir=\"ltr\" class=\"bbc-bm53ic e1cc2ql70\">El pago es por una \u00fanica vez, aunque los detractores aseguran que bien podr\u00eda mantenerse, como ha ocurrido con otras tasas, supuestamente transitorias, que surgieron durante la emergencia de 2001\/2002 y siguen vigentes hasta el d\u00eda de hoy.<\/p>\n<\/div>\n<div dir=\"ltr\" class=\"bbc-19j92fr e57qer20\" readability=\"13\">\n<p dir=\"ltr\" class=\"bbc-bm53ic e1cc2ql70\">El gobierno anunci\u00f3 que espera recaudar alrededor de US$3.000 millones con este aporte excepcional, que aplica tasas que van del 2% al 3,5% para fortunas en el pa\u00eds, y hasta 5,25% para bienes en el exterior. <\/p>\n<\/div>\n<div dir=\"ltr\" class=\"bbc-19j92fr e57qer20\" readability=\"13\">\n<p dir=\"ltr\" class=\"bbc-bm53ic e1cc2ql70\">El dinero ser\u00e1 destinado a garantizar el abastecimiento de suministros m\u00e9dicos, a ayudar a peque\u00f1as y medianas empresas, y a financiar becas estudiantiles, desarrollos sociales y proyectos de gas natural, algo que ha sido apoyado por un amplio sector de la poblaci\u00f3n.<\/p>\n<\/div>\n<div dir=\"ltr\" class=\"bbc-1ka88fa e57qer20\">\n<figure class=\"bbc-1qdcvv9 e6bmn90\">\n<div dir=\"ltr\" class=\"bbc-172p16q e57qer20\">\n<div dir=\"ltr\" class=\"bbc-189y18v e57qer20\" readability=\"6.5\">\n<div data-e2e=\"image-placeholder\" class=\"bbc-153awg4 e1whu0\" readability=\"8\"><noscript><img srcset=\"http:\/\/cordobadirecto.com\/wp-content\/uploads\/2021\/04\/coronavirus-en-argentina-las-4-medidas-con-las-que-el-pais-trata-de-salir-de-la-profunda-crisis-economica-que-atraviesa-27.jpg 240w, http:\/\/cordobadirecto.com\/wp-content\/uploads\/2021\/04\/coronavirus-en-argentina-las-4-medidas-con-las-que-el-pais-trata-de-salir-de-la-profunda-crisis-economica-que-atraviesa-28.jpg 320w, http:\/\/cordobadirecto.com\/wp-content\/uploads\/2021\/04\/coronavirus-en-argentina-las-4-medidas-con-las-que-el-pais-trata-de-salir-de-la-profunda-crisis-economica-que-atraviesa-29.jpg 480w, http:\/\/cordobadirecto.com\/wp-content\/uploads\/2021\/04\/coronavirus-en-argentina-las-4-medidas-con-las-que-el-pais-trata-de-salir-de-la-profunda-crisis-economica-que-atraviesa-30.jpg 624w, http:\/\/cordobadirecto.com\/wp-content\/uploads\/2021\/04\/coronavirus-en-argentina-las-4-medidas-con-las-que-el-pais-trata-de-salir-de-la-profunda-crisis-economica-que-atraviesa-31.jpg 800w\" alt=\"Trabajadores de la salud con suministros m\u00e9dicos en el Hospital Central de Mendoza\" src=\"http:\/\/cordobadirecto.com\/wp-content\/uploads\/2021\/04\/coronavirus-en-argentina-las-4-medidas-con-las-que-el-pais-trata-de-salir-de-la-profunda-crisis-economica-que-atraviesa-4.jpg\" width=\"976\" class=\"bbc-fat2bc e1enwo3v0\"><\/noscript><\/p>\n<p role=\"text\" class=\"bbc-1s1cxbv etq3yw90\"><span class=\"bbc-1gnhmg2 e1yt7oin0\">Fuente de la imagen, <\/span><span lang=\"en-GB\">Getty Images<\/span><\/p>\n<\/div>\n<\/div>\n<div dir=\"ltr\" class=\"bbc-3edg7g e57qer20\" readability=\"6.5\"><figcaption dir=\"ltr\" class=\"bbc-1t9zlwf eede9f50\" readability=\"3\"><span class=\"bbc-1gnhmg2 e1yt7oin0\">Pie de foto, <\/span><\/p>\n<p>Lo recaudado con el impuesto a la riqueza se usar\u00e1 para ayudar a financiar los gastos generados por la pandemia.<\/p>\n<\/figcaption><\/div>\n<\/div>\n<\/figure>\n<\/div>\n<div dir=\"ltr\" class=\"bbc-19j92fr e57qer20\" readability=\"8\">\n<p dir=\"ltr\" class=\"bbc-bm53ic e1cc2ql70\">Pero hay varios motivos por los cuales este &#8220;aporte solidario&#8221; ha causado enojo entre los grandes productores agrarios y los empresarios.<\/p>\n<\/div>\n<div dir=\"ltr\" class=\"bbc-19j92fr e57qer20\" readability=\"15\">\n<p dir=\"ltr\" class=\"bbc-bm53ic e1cc2ql70\">El primero es que <b>Argentina ya tiene un <\/b><b>impuesto<\/b><b> a la riqueza<\/b>, el llamado Impuesto a los Bienes Personales, que aplica tasas que van del 0,5% al 1,25% para patrimonios en el pa\u00eds y del 0,7% al 2,25% para bienes en el exterior.<\/p>\n<\/div>\n<div dir=\"ltr\" class=\"bbc-19j92fr e57qer20\" readability=\"8\">\n<p dir=\"ltr\" class=\"bbc-bm53ic e1cc2ql70\">Por este motivo, los cr\u00edticos afirman que el nuevo impuesto supone una &#8220;doble imposici\u00f3n&#8221;.<\/p>\n<\/div>\n<div dir=\"ltr\" class=\"bbc-19j92fr e57qer20\" readability=\"13\">\n<p dir=\"ltr\" class=\"bbc-bm53ic e1cc2ql70\">Tambi\u00e9n lo consideran &#8220;confiscatorio&#8221;, ya que ambos grav\u00e1menes sumados pueden llegar al 7,5%, m\u00e1s que cualquier renta financiera, obligando a algunas personas a tener que vender parte de su patrimonio.<\/p>\n<\/div>\n<div dir=\"ltr\" class=\"bbc-19j92fr e57qer20\" readability=\"10\">\n<p dir=\"ltr\" class=\"bbc-bm53ic e1cc2ql70\">Pero el punto m\u00e1s controvertido de esta ley, que ha sido cuestionado incluso por algunos que apoyan la idea de tasar m\u00e1s a los m\u00e1s ricos, es que tambi\u00e9n <b>impacta en los bienes productivos<\/b>.<\/p>\n<\/div>\n<div dir=\"ltr\" class=\"bbc-19j92fr e57qer20\" readability=\"17\">\n<p dir=\"ltr\" class=\"bbc-bm53ic e1cc2ql70\">&#8220;Grava el capital de trabajo, los bienes de cambio (sementera, stock de granos, hacienda), la maquinaria y todos los dem\u00e1s activos que, en su conjunto, son la base de producci\u00f3n y desarrollo de la Argentina&#8221;, critic\u00f3 la Fundaci\u00f3n Barbechando, compuesta por productores agroindustriales.<\/p>\n<\/div>\n<div dir=\"ltr\" class=\"bbc-19j92fr e57qer20\" readability=\"11\">\n<p dir=\"ltr\" class=\"bbc-bm53ic e1cc2ql70\">La Fundaci\u00f3n y diversos grupos empresariales advirtieron que la ley <b>&#8220;aumentar\u00e1 el desempleo y desalentar\u00e1 la inversi\u00f3n&#8221;<\/b>, ya que alcanza todos los activos de una persona, incluyendo sus participaciones en sociedades productivas.<\/p>\n<\/div>\n<div dir=\"ltr\" class=\"bbc-19j92fr e57qer20\" readability=\"9\">\n<p dir=\"ltr\" class=\"bbc-bm53ic e1cc2ql70\">El 22 de marzo pasado una jueza federal acept\u00f3 un amparo presentado por un ejecutivo que consider\u00f3 que el impuesto afecta su derecho a la propiedad. La magistrada orden\u00f3 al fisco abstenerse de cobrar el aporte en ese caso.<\/p>\n<\/div>\n<div dir=\"ltr\" class=\"bbc-19j92fr e57qer20\" readability=\"7\">\n<p dir=\"ltr\" class=\"bbc-bm53ic e1cc2ql70\">Ahora la justicia deber\u00e1 definir si el nuevo gravamen es constitucional o no.<\/p>\n<\/div>\n<div dir=\"ltr\" class=\"bbc-1ka88fa e57qer20\">\n<figure class=\"bbc-1qdcvv9 e6bmn90\">\n<div dir=\"ltr\" class=\"bbc-172p16q e57qer20\">\n<div dir=\"ltr\" class=\"bbc-189y18v e57qer20\" readability=\"6.5\">\n<div data-e2e=\"image-placeholder\" class=\"bbc-1k5hvrj e1whu0\" readability=\"8\"><noscript><img srcset=\"http:\/\/cordobadirecto.com\/wp-content\/uploads\/2021\/04\/coronavirus-en-argentina-las-4-medidas-con-las-que-el-pais-trata-de-salir-de-la-profunda-crisis-economica-que-atraviesa-32.jpg 240w, http:\/\/cordobadirecto.com\/wp-content\/uploads\/2021\/04\/coronavirus-en-argentina-las-4-medidas-con-las-que-el-pais-trata-de-salir-de-la-profunda-crisis-economica-que-atraviesa-33.jpg 320w, http:\/\/cordobadirecto.com\/wp-content\/uploads\/2021\/04\/coronavirus-en-argentina-las-4-medidas-con-las-que-el-pais-trata-de-salir-de-la-profunda-crisis-economica-que-atraviesa-34.jpg 480w, http:\/\/cordobadirecto.com\/wp-content\/uploads\/2021\/04\/coronavirus-en-argentina-las-4-medidas-con-las-que-el-pais-trata-de-salir-de-la-profunda-crisis-economica-que-atraviesa-35.jpg 624w, http:\/\/cordobadirecto.com\/wp-content\/uploads\/2021\/04\/coronavirus-en-argentina-las-4-medidas-con-las-que-el-pais-trata-de-salir-de-la-profunda-crisis-economica-que-atraviesa-36.jpg 800w\" alt=\"Mart\u00edn Guzm\u00e1n con la bandera de Argentina\" src=\"http:\/\/cordobadirecto.com\/wp-content\/uploads\/2021\/04\/coronavirus-en-argentina-las-4-medidas-con-las-que-el-pais-trata-de-salir-de-la-profunda-crisis-economica-que-atraviesa-5.jpg\" width=\"976\" class=\"bbc-fat2bc e1enwo3v0\"><\/noscript><\/p>\n<p role=\"text\" class=\"bbc-1s1cxbv etq3yw90\"><span class=\"bbc-1gnhmg2 e1yt7oin0\">Fuente de la imagen, <\/span><span lang=\"en-GB\">Getty Images<\/span><\/p>\n<\/div>\n<\/div>\n<div dir=\"ltr\" class=\"bbc-3edg7g e57qer20\" readability=\"8\"><figcaption dir=\"ltr\" class=\"bbc-1t9zlwf eede9f50\" readability=\"6\"><span class=\"bbc-1gnhmg2 e1yt7oin0\">Pie de foto, <\/span><\/p>\n<p>Uno de los principales desaf\u00edos del ministro de Econom\u00eda, Mart\u00edn Guzm\u00e1n, es renegociar la deuda con el principal acreedor de Argentina, el FMI.<\/p>\n<\/figcaption><\/div>\n<\/div>\n<\/figure>\n<\/div>\n<p><h2 id=\"4-Negociaci\u00f3n-de-la-deuda\" tabindex=\"-1\" class=\"bbc-l3e97o e14hemmw0\">4. Negociaci\u00f3n de la deuda<\/h2>\n<\/p>\n<div dir=\"ltr\" class=\"bbc-19j92fr e57qer20\" readability=\"10\">\n<p dir=\"ltr\" class=\"bbc-bm53ic e1cc2ql70\">M\u00e1s all\u00e1 del manejo de sla econom\u00eda, una de las claves que necesitar\u00e1 Argentina para salir de la crisis es lograr un acuerdo con <b>su principal acreedor, el Fondo Monetario Internacional (FMI).<\/b><\/p>\n<\/div>\n<div dir=\"ltr\" class=\"bbc-19j92fr e57qer20\" readability=\"8\">\n<p dir=\"ltr\" class=\"bbc-bm53ic e1cc2ql70\">En 2018 el organismo le otorg\u00f3 al entonces presidente Mauricio Macri el mayor pr\u00e9stamo de su historia: US$57.000 millones.<\/p>\n<\/div>\n<div dir=\"ltr\" class=\"bbc-19j92fr e57qer20\" readability=\"9\">\n<p dir=\"ltr\" class=\"bbc-bm53ic e1cc2ql70\">Argentina lleg\u00f3 a recibir<b> US$44.000 millones<\/b> antes de que el gobierno pasara a manos de Fern\u00e1ndez, quien desisti\u00f3 de recibir el resto del pr\u00e9stamo.<\/p>\n<\/div>\n<div dir=\"ltr\" class=\"bbc-19j92fr e57qer20\" readability=\"12\">\n<p dir=\"ltr\" class=\"bbc-bm53ic e1cc2ql70\">Desde entonces, el ministro de Econom\u00eda, Mart\u00edn Guzm\u00e1n, ha estado abocado a reestructurar la abultada deuda del pa\u00eds, que en total asciende a unos US$320.000 millones.<\/p>\n<\/div>\n<div dir=\"ltr\" class=\"bbc-19j92fr e57qer20\" readability=\"10\">\n<p dir=\"ltr\" class=\"bbc-bm53ic e1cc2ql70\">Primero, <b>logr\u00f3 renegociar con el grupo m\u00e1s duro: los bonistas extranjeros<\/b>, muchos de los cuales se hab\u00edan negado a un canje durante el gobierno de los Kirchner.<\/p>\n<\/div>\n<div dir=\"ltr\" class=\"bbc-19j92fr e57qer20\" readability=\"9\">\n<p dir=\"ltr\" class=\"bbc-bm53ic e1cc2ql70\">Parad\u00f3jicamente, el FMI result\u00f3 ser un apoyo clave del pa\u00eds para lograr reestructurar esos US$65.000 millones en deuda extranjera.<\/p>\n<\/div>\n<div dir=\"ltr\" class=\"bbc-19j92fr e57qer20\" readability=\"9\">\n<p dir=\"ltr\" class=\"bbc-bm53ic e1cc2ql70\">A pesar de la inesperadamente <b>buena sinton\u00eda<\/b> entre el gobierno y &#8220;el Fondo&#8221;, las partes a\u00fan no han logrado acordar una f\u00f3rmula para devolver esos US$44.000 millones.<\/p>\n<\/div>\n<div dir=\"ltr\" class=\"bbc-19j92fr e57qer20\" readability=\"10\">\n<p dir=\"ltr\" class=\"bbc-bm53ic e1cc2ql70\">La naci\u00f3n sudamericana pretende extender el plazo de pago m\u00e1s all\u00e1 de los 10 a\u00f1os que permite el Acuerdo de Facilidades Extendidas del organismo, sobre la base de que el FMI acord\u00f3 con Macri <b>un pr\u00e9stamo &#8220;impagable&#8221;<\/b>. <\/p>\n<\/div>\n<div dir=\"ltr\" class=\"bbc-19j92fr e57qer20\" readability=\"8\">\n<p dir=\"ltr\" class=\"bbc-bm53ic e1cc2ql70\">Pero el Fondo se ha negado a una duraci\u00f3n mayor, afirmando que su reglamento no lo permite.<\/p>\n<\/div>\n<div dir=\"ltr\" class=\"bbc-19j92fr e57qer20\" readability=\"12\">\n<p dir=\"ltr\" class=\"bbc-bm53ic e1cc2ql70\">Muchos analistas creen probable que un acuerdo, que seguramente incluir\u00e1 la exigencia de reformas estructurales, reci\u00e9n se firmar\u00eda <b>despu\u00e9s de los comicios legislativos de medio t\u00e9rmino<\/b>, en octubre.<\/p>\n<\/div>\n<div dir=\"ltr\" class=\"bbc-1ka88fa e57qer20\">\n<figure class=\"bbc-1qdcvv9 e6bmn90\">\n<div dir=\"ltr\" class=\"bbc-172p16q e57qer20\">\n<div dir=\"ltr\" class=\"bbc-189y18v e57qer20\" readability=\"6.5\">\n<div data-e2e=\"image-placeholder\" class=\"bbc-1giy7xz e1whu0\" readability=\"8\"><noscript><img srcset=\"http:\/\/cordobadirecto.com\/wp-content\/uploads\/2021\/04\/coronavirus-en-argentina-las-4-medidas-con-las-que-el-pais-trata-de-salir-de-la-profunda-crisis-economica-que-atraviesa-37.jpg 240w, http:\/\/cordobadirecto.com\/wp-content\/uploads\/2021\/04\/coronavirus-en-argentina-las-4-medidas-con-las-que-el-pais-trata-de-salir-de-la-profunda-crisis-economica-que-atraviesa-38.jpg 320w, http:\/\/cordobadirecto.com\/wp-content\/uploads\/2021\/04\/coronavirus-en-argentina-las-4-medidas-con-las-que-el-pais-trata-de-salir-de-la-profunda-crisis-economica-que-atraviesa-39.jpg 480w, http:\/\/cordobadirecto.com\/wp-content\/uploads\/2021\/04\/coronavirus-en-argentina-las-4-medidas-con-las-que-el-pais-trata-de-salir-de-la-profunda-crisis-economica-que-atraviesa-40.jpg 624w, http:\/\/cordobadirecto.com\/wp-content\/uploads\/2021\/04\/coronavirus-en-argentina-las-4-medidas-con-las-que-el-pais-trata-de-salir-de-la-profunda-crisis-economica-que-atraviesa-41.jpg 800w\" alt=\"Un chanchito roto con los colores de Argentina y monedas salidas\" src=\"http:\/\/cordobadirecto.com\/wp-content\/uploads\/2021\/04\/coronavirus-en-argentina-las-4-medidas-con-las-que-el-pais-trata-de-salir-de-la-profunda-crisis-economica-que-atraviesa-6.jpg\" width=\"976\" class=\"bbc-fat2bc e1enwo3v0\"><\/noscript><\/p>\n<p role=\"text\" class=\"bbc-1s1cxbv etq3yw90\"><span class=\"bbc-1gnhmg2 e1yt7oin0\">Fuente de la imagen, <\/span><span lang=\"en-GB\">iStock<\/span><\/p>\n<\/div>\n<\/div>\n<div dir=\"ltr\" class=\"bbc-3edg7g e57qer20\" readability=\"6\"><figcaption dir=\"ltr\" class=\"bbc-1t9zlwf eede9f50\" readability=\"2\"><span class=\"bbc-1gnhmg2 e1yt7oin0\">Pie de foto, <\/span><\/p>\n<p>Argentina tendr\u00e1 algo de alivio este a\u00f1o para tratar de resolver su crisis.<\/p>\n<\/figcaption><\/div>\n<\/div>\n<\/figure>\n<\/div>\n<div dir=\"ltr\" class=\"bbc-19j92fr e57qer20\" readability=\"8\">\n<p dir=\"ltr\" class=\"bbc-bm53ic e1cc2ql70\">Mientras tanto, Argentina cuenta con un doble alivio para llegar a fin de a\u00f1o.<\/p>\n<\/div>\n<div dir=\"ltr\" class=\"bbc-19j92fr e57qer20\" readability=\"10\">\n<p dir=\"ltr\" class=\"bbc-bm53ic e1cc2ql70\">Por un lado, los ingresos extras mencionados arriba, que llegar\u00e1n gracias al campo y al impuesto a la riqueza.<\/p>\n<\/div>\n<div dir=\"ltr\" class=\"bbc-19j92fr e57qer20\" readability=\"9\">\n<p dir=\"ltr\" class=\"bbc-bm53ic e1cc2ql70\">Pero adem\u00e1s, el pa\u00eds espera recibir una ayuda econ\u00f3mica de <b>la m\u00e1s inesperada<\/b> de las fuentes: el propio FMI.<\/p>\n<\/div>\n<div dir=\"ltr\" class=\"bbc-19j92fr e57qer20\" readability=\"9\">\n<p dir=\"ltr\" class=\"bbc-bm53ic e1cc2ql70\">El organismo anunci\u00f3 que <b>repartir\u00e1 US$650.000 millones entre sus pa\u00edses miembros<\/b> a trav\u00e9s de los llamados derechos especiales de giro (en ingl\u00e9s: Special Drawing Rights o SDR). Se trata de la mayor inyecci\u00f3n de liquidez en la historia del FMI<\/p>\n<\/div>\n<div dir=\"ltr\" class=\"bbc-19j92fr e57qer20\" readability=\"10\">\n<p dir=\"ltr\" class=\"bbc-bm53ic e1cc2ql70\">Se prev\u00e9 que Argentina reciba US$4.354 millones, un monto incluso superior a las reservas netas -es decir, de libre disponibilidad- que tiene su Banco Central. <\/p>\n<\/div>\n<div dir=\"ltr\" class=\"bbc-1ka88fa e57qer20\">\n<figure class=\"bbc-1qdcvv9 e6bmn90\">\n<div dir=\"ltr\" class=\"bbc-172p16q e57qer20\">\n<div dir=\"ltr\" class=\"bbc-189y18v e57qer20\">\n<div data-e2e=\"image-placeholder\" class=\"bbc-1xp1xfu e1whu0\"><noscript><img srcset=\"http:\/\/cordobadirecto.com\/wp-content\/uploads\/2021\/04\/coronavirus-en-argentina-las-4-medidas-con-las-que-el-pais-trata-de-salir-de-la-profunda-crisis-economica-que-atraviesa.png 240w, http:\/\/cordobadirecto.com\/wp-content\/uploads\/2021\/04\/coronavirus-en-argentina-las-4-medidas-con-las-que-el-pais-trata-de-salir-de-la-profunda-crisis-economica-que-atraviesa.png 320w, http:\/\/cordobadirecto.com\/wp-content\/uploads\/2021\/04\/coronavirus-en-argentina-las-4-medidas-con-las-que-el-pais-trata-de-salir-de-la-profunda-crisis-economica-que-atraviesa.png 480w, http:\/\/cordobadirecto.com\/wp-content\/uploads\/2021\/04\/coronavirus-en-argentina-las-4-medidas-con-las-que-el-pais-trata-de-salir-de-la-profunda-crisis-economica-que-atraviesa.png 624w, http:\/\/cordobadirecto.com\/wp-content\/uploads\/2021\/04\/coronavirus-en-argentina-las-4-medidas-con-las-que-el-pais-trata-de-salir-de-la-profunda-crisis-economica-que-atraviesa.png 640w\" alt=\"Presentational grey line\" src=\"http:\/\/cordobadirecto.com\/wp-content\/uploads\/2021\/04\/coronavirus-en-argentina-las-4-medidas-con-las-que-el-pais-trata-de-salir-de-la-profunda-crisis-economica-que-atraviesa.png\" width=\"640\" class=\"bbc-fat2bc e1enwo3v0\"><\/noscript><\/div>\n<\/div>\n<\/div>\n<\/figure>\n<\/div>\n<div dir=\"ltr\" class=\"bbc-19j92fr e57qer20\" readability=\"8\">\n<p dir=\"ltr\" class=\"bbc-bm53ic e1cc2ql70\"><i class=\"bbc-h1y5j7 ewc4zcb0\">Ahora puedes recibir notificaciones de BBC Mundo. Descarga la nueva versi\u00f3n de nuestr<\/i><i class=\"bbc-h1y5j7 ewc4zcb0\">a<\/i><i class=\"bbc-h1y5j7 ewc4zcb0\"> app y act\u00edvalas para no perderte nuestro mejor contenido.<\/i><\/p>\n<\/div>\n","protected":false},"excerpt":{"rendered":"<p>Veronica Smink BBC News Mundo, Argentina 1 hora Fuente de la imagen, iStock Pie de foto, Argentina ya estaba en crisis cuando lleg\u00f3 la pandemia, que derrumb\u00f3 el PIB otro 10%. Argentina ya atravesaba una grave crisis econ\u00f3mica cuando empez\u00f3 la pandemia hace un a\u00f1o, por lo que fue uno de los pa\u00edses m\u00e1s golpeados [&hellip;]<\/p>\n","protected":false},"author":1,"featured_media":3982,"comment_status":"closed","ping_status":"closed","sticky":false,"template":"","format":"standard","meta":[],"categories":[24],"tags":[],"_links":{"self":[{"href":"http:\/\/cordobadirecto.com\/index.php\/wp-json\/wp\/v2\/posts\/3981"}],"collection":[{"href":"http:\/\/cordobadirecto.com\/index.php\/wp-json\/wp\/v2\/posts"}],"about":[{"href":"http:\/\/cordobadirecto.com\/index.php\/wp-json\/wp\/v2\/types\/post"}],"author":[{"embeddable":true,"href":"http:\/\/cordobadirecto.com\/index.php\/wp-json\/wp\/v2\/users\/1"}],"replies":[{"embeddable":true,"href":"http:\/\/cordobadirecto.com\/index.php\/wp-json\/wp\/v2\/comments?post=3981"}],"version-history":[{"count":0,"href":"http:\/\/cordobadirecto.com\/index.php\/wp-json\/wp\/v2\/posts\/3981\/revisions"}],"wp:featuredmedia":[{"embeddable":true,"href":"http:\/\/cordobadirecto.com\/index.php\/wp-json\/wp\/v2\/media\/3982"}],"wp:attachment":[{"href":"http:\/\/cordobadirecto.com\/index.php\/wp-json\/wp\/v2\/media?parent=3981"}],"wp:term":[{"taxonomy":"category","embeddable":true,"href":"http:\/\/cordobadirecto.com\/index.php\/wp-json\/wp\/v2\/categories?post=3981"},{"taxonomy":"post_tag","embeddable":true,"href":"http:\/\/cordobadirecto.com\/index.php\/wp-json\/wp\/v2\/tags?post=3981"}],"curies":[{"name":"wp","href":"https:\/\/api.w.org\/{rel}","templated":true}]}}