{"id":40147,"date":"2022-01-21T13:40:25","date_gmt":"2022-01-21T13:40:25","guid":{"rendered":"https:\/\/www.bbc.com\/mundo\/noticias-america-latina-60084131"},"modified":"2022-01-21T13:40:25","modified_gmt":"2022-01-21T13:40:25","slug":"gabriel-boric-presenta-su-gabinete-en-chile-4-sorpresas-del-proximo-gobierno-del-pais","status":"publish","type":"post","link":"http:\/\/cordobadirecto.com\/index.php\/2022\/01\/21\/gabriel-boric-presenta-su-gabinete-en-chile-4-sorpresas-del-proximo-gobierno-del-pais\/","title":{"rendered":"Gabriel Boric presenta su gabinete en Chile: 4 sorpresas del pr\u00f3ximo gobierno del pa\u00eds"},"content":{"rendered":"<div dir=\"ltr\" class=\"e1j2237y5 bbc-q4ibpr e57qer20\">\n<div class=\"bbc-1atl7vu e1c9i7u14\">\n<ul role=\"list\" class=\"bbc-k0l9bd e1c9i7u12\">\n<li role=\"listitem\" class=\"bbc-1a3w4ok e1c9i7u11\">Redacci\u00f3n <\/li>\n<li role=\"listitem\" class=\"bbc-1p92jtu e1c9i7u10\">BBC News Mundo<\/li>\n<\/ul>\n<\/div>\n<\/div>\n<div dir=\"ltr\" class=\"e1j2237y6 bbc-q4ibpr e57qer20\"><time datetime=\"2022-01-21\" class=\"bbc-14xtggo e4zesg50\">21 enero 2022, 13:13 GMT<\/time><\/p>\n<p><time datetime=\"2022-01-21\" class=\"bbc-14xtggo e4zesg50\">Actualizado 56 minutos<\/time><\/p>\n<\/div>\n<div dir=\"ltr\" class=\"bbc-1ka88fa e57qer20\">\n<figure class=\"bbc-1qdcvv9 e6bmn90\">\n<div dir=\"ltr\" class=\"bbc-172p16q e57qer20\">\n<div dir=\"ltr\" class=\"bbc-189y18v e57qer20\" readability=\"6.5\">\n<div data-e2e=\"image-placeholder\" class=\"bbc-997y1y e1whu0\" readability=\"8\"><picture class=\"bbc-yfiktt e1enwo3v1\"><source srcset=\"https:\/\/ichef.bbci.co.uk\/news\/240\/cpsprodpb\/05FD\/production\/_122933510_gettyimages-1237355414.jpg.webp 240w, https:\/\/ichef.bbci.co.uk\/news\/320\/cpsprodpb\/05FD\/production\/_122933510_gettyimages-1237355414.jpg.webp 320w, https:\/\/ichef.bbci.co.uk\/news\/480\/cpsprodpb\/05FD\/production\/_122933510_gettyimages-1237355414.jpg.webp 480w, https:\/\/ichef.bbci.co.uk\/news\/624\/cpsprodpb\/05FD\/production\/_122933510_gettyimages-1237355414.jpg.webp 624w, https:\/\/ichef.bbci.co.uk\/news\/800\/cpsprodpb\/05FD\/production\/_122933510_gettyimages-1237355414.jpg.webp 800w\" type=\"image\/webp\"><source srcset=\"https:\/\/ichef.bbci.co.uk\/news\/240\/cpsprodpb\/05FD\/production\/_122933510_gettyimages-1237355414.jpg 240w, https:\/\/ichef.bbci.co.uk\/news\/320\/cpsprodpb\/05FD\/production\/_122933510_gettyimages-1237355414.jpg 320w, https:\/\/ichef.bbci.co.uk\/news\/480\/cpsprodpb\/05FD\/production\/_122933510_gettyimages-1237355414.jpg 480w, https:\/\/ichef.bbci.co.uk\/news\/624\/cpsprodpb\/05FD\/production\/_122933510_gettyimages-1237355414.jpg 624w, https:\/\/ichef.bbci.co.uk\/news\/800\/cpsprodpb\/05FD\/production\/_122933510_gettyimages-1237355414.jpg 800w\" type=\"image\/jpeg\"><img loading=\"lazy\" src=\"http:\/\/cordobadirecto.com\/wp-content\/uploads\/2022\/01\/gabriel-boric-presenta-su-gabinete-en-chile-4-sorpresas-del-proximo-gobierno-del-pais.jpg\" alt=\"El presidente electo, Gabriel Boric.\" sizes=\"(min-width: 1008px) 645px, 100vw\" width=\"976\" height=\"549\" class=\"eehpdyc0 bbc-rb7xa0 e1enwo3v0\"><\/picture>\n<p role=\"text\" class=\"bbc-1s1cxbv etq3yw90\"><span class=\"bbc-1gnhmg2 e1yt7oin0\">Fuente de la imagen, <\/span><span lang=\"en-GB\">Getty Images<\/span><\/p>\n<\/div>\n<\/div>\n<div dir=\"ltr\" class=\"bbc-3edg7g e57qer20\" readability=\"6.5\"><figcaption dir=\"ltr\" class=\"bbc-1t9zlwf eede9f50\" readability=\"3\"><span class=\"bbc-1gnhmg2 e1yt7oin0\">Pie de foto, <\/span><\/p>\n<p>El presidente electo, Gabriel Boric.<\/p>\n<\/figcaption><\/div>\n<\/div>\n<\/figure>\n<\/div>\n<div dir=\"ltr\" class=\"bbc-19j92fr e57qer20\" readability=\"11\">\n<p dir=\"ltr\" class=\"bbc-bm53ic e1cc2ql70\"><b>En medio de una alta expectaci\u00f3n, el presidente electo de Chile, Gabriel Boric, present\u00f3 esta ma\u00f1ana a su gabinete ministerial. <\/b><\/p>\n<\/div>\n<div dir=\"ltr\" class=\"bbc-19j92fr e57qer20\" readability=\"11\">\n<p dir=\"ltr\" class=\"bbc-bm53ic e1cc2ql70\">Su equipo de gobierno estar\u00e1 marcado por una fuerte presencia <b>de mujeres, de independientes y tambi\u00e9n por una amplitud de su apoyo pol\u00edtico<\/b>, con la incorporaci\u00f3n de partidos tradicionales de izquierda. <\/p>\n<\/div>\n<div dir=\"ltr\" class=\"bbc-19j92fr e57qer20\" readability=\"14\">\n<p dir=\"ltr\" class=\"bbc-bm53ic e1cc2ql70\">&#8220;Nos comprometimos a hacer un gobierno ciudadano, de puertas abiertas, cercano y que siempre est\u00e9 del lado de la gente&#8221;, dijo Boric en la presentaci\u00f3n, realizada en el parque Quinta Normal, en la ciudad de Santiago.<\/p>\n<\/div>\n<div dir=\"ltr\" class=\"bbc-19j92fr e57qer20\" readability=\"8\">\n<p dir=\"ltr\" class=\"bbc-bm53ic e1cc2ql70\">El pr\u00f3ximo mandatario afirm\u00f3 tambi\u00e9n que quienes conformar\u00e1n su gabinete son &#8220;personas preparadas&#8221; y &#8220;comprometidas con la agenda de cambios&#8221; que busca impulsar. <\/p>\n<\/div>\n<div dir=\"ltr\" class=\"bbc-19j92fr e57qer20\" readability=\"8\">\n<p dir=\"ltr\" class=\"bbc-bm53ic e1cc2ql70\">&#8220;Les pido a mis ministros que escuchen el doble de lo que hablen&#8221;, agreg\u00f3. <\/p>\n<\/div>\n<div dir=\"ltr\" class=\"bbc-19j92fr e57qer20\" readability=\"9\">\n<p dir=\"ltr\" class=\"bbc-bm53ic e1cc2ql70\">A continuaci\u00f3n, en BBC Mundo te presentamos 4 claves sobre el nombramiento del equipo del pr\u00f3ximo presidente de Chile. <\/p>\n<\/div>\n<p><h2 id=\"1-Fuerte-presencia-de-mujeres\" tabindex=\"-1\" class=\"bbc-l3e97o e14hemmw0\">1. Fuerte presencia de mujeres<\/h2>\n<\/p>\n<div dir=\"ltr\" class=\"bbc-19j92fr e57qer20\" readability=\"9\">\n<p dir=\"ltr\" class=\"bbc-bm53ic e1cc2ql70\">Aunque el presidente electo ya hab\u00eda anunciado que su gobierno ser\u00eda paritario, sorprendi\u00f3 el hecho de que 14 ministerios (de un total de 24) ser\u00e1n liderados por mujeres. <\/p>\n<\/div>\n<div dir=\"ltr\" class=\"bbc-19j92fr e57qer20\" readability=\"9\">\n<p dir=\"ltr\" class=\"bbc-bm53ic e1cc2ql70\">Uno de los nombres m\u00e1s simb\u00f3licos es el de <b>Iskia Siches,<\/b> quien ser\u00e1 la primera mujer en ocupar el cargo de ministra del Interior en la historia de Chile. <\/p>\n<\/div>\n<div dir=\"ltr\" class=\"bbc-19j92fr e57qer20\" readability=\"11\">\n<p dir=\"ltr\" class=\"bbc-bm53ic e1cc2ql70\">Siches fue la jefa de campa\u00f1a del presidente electo. La m\u00e9dica de 35 a\u00f1os gan\u00f3 protagonismo durante la pandemia, cuando estuvo al mando del Colegio M\u00e9dico, una importante organizaci\u00f3n gremial chilena. <\/p>\n<\/div>\n<div dir=\"ltr\" class=\"bbc-1ka88fa e57qer20\">\n<figure class=\"bbc-1qdcvv9 e6bmn90\">\n<div dir=\"ltr\" class=\"bbc-172p16q e57qer20\">\n<div dir=\"ltr\" class=\"bbc-189y18v e57qer20\" readability=\"6.5\">\n<div data-e2e=\"image-placeholder\" class=\"bbc-997y1y e1whu0\" readability=\"8\"><noscript><picture class=\"bbc-yfiktt e1enwo3v1\"><source srcset=\"http:\/\/cordobadirecto.com\/wp-content\/uploads\/2022\/01\/gabriel-boric-presenta-su-gabinete-en-chile-4-sorpresas-del-proximo-gobierno-del-pais.webp 240w, http:\/\/cordobadirecto.com\/wp-content\/uploads\/2022\/01\/gabriel-boric-presenta-su-gabinete-en-chile-4-sorpresas-del-proximo-gobierno-del-pais-1.webp 320w, http:\/\/cordobadirecto.com\/wp-content\/uploads\/2022\/01\/gabriel-boric-presenta-su-gabinete-en-chile-4-sorpresas-del-proximo-gobierno-del-pais-2.webp 480w, http:\/\/cordobadirecto.com\/wp-content\/uploads\/2022\/01\/gabriel-boric-presenta-su-gabinete-en-chile-4-sorpresas-del-proximo-gobierno-del-pais-3.webp 624w, http:\/\/cordobadirecto.com\/wp-content\/uploads\/2022\/01\/gabriel-boric-presenta-su-gabinete-en-chile-4-sorpresas-del-proximo-gobierno-del-pais-4.webp 800w\" type=\"image\/webp\"><source srcset=\"https:\/\/ichef.bbci.co.uk\/news\/240\/cpsprodpb\/A23D\/production\/_122933514_gettyimages-1237345011.jpg 240w, https:\/\/ichef.bbci.co.uk\/news\/320\/cpsprodpb\/A23D\/production\/_122933514_gettyimages-1237345011.jpg 320w, https:\/\/ichef.bbci.co.uk\/news\/480\/cpsprodpb\/A23D\/production\/_122933514_gettyimages-1237345011.jpg 480w, https:\/\/ichef.bbci.co.uk\/news\/624\/cpsprodpb\/A23D\/production\/_122933514_gettyimages-1237345011.jpg 624w, https:\/\/ichef.bbci.co.uk\/news\/800\/cpsprodpb\/A23D\/production\/_122933514_gettyimages-1237345011.jpg 800w\" type=\"image\/jpeg\"><img loading=\"lazy\" src=\"http:\/\/cordobadirecto.com\/wp-content\/uploads\/2022\/01\/gabriel-boric-presenta-su-gabinete-en-chile-4-sorpresas-del-proximo-gobierno-del-pais-1.jpg\" alt=\"Iskia Siches, pr\u00f3xima ministra del Interior, junto al presidente electo, Gabriel Boric.\" sizes=\"(min-width: 1008px) 645px, 100vw\" width=\"976\" height=\"549\" class=\"eehpdyc0 bbc-rb7xa0 e1enwo3v0\"><\/picture><\/noscript><\/p>\n<p role=\"text\" class=\"bbc-1s1cxbv etq3yw90\"><span class=\"bbc-1gnhmg2 e1yt7oin0\">Fuente de la imagen, <\/span><span lang=\"en-GB\">Getty Images<\/span><\/p>\n<\/div>\n<\/div>\n<div dir=\"ltr\" class=\"bbc-3edg7g e57qer20\" readability=\"7.5\"><figcaption dir=\"ltr\" class=\"bbc-1t9zlwf eede9f50\" readability=\"5\"><span class=\"bbc-1gnhmg2 e1yt7oin0\">Pie de foto, <\/span><\/p>\n<p>Iskia Siches, pr\u00f3xima ministra del Interior, junto al presidente electo, Gabriel Boric.<\/p>\n<\/figcaption><\/div>\n<\/div>\n<\/figure>\n<\/div>\n<div dir=\"ltr\" class=\"bbc-19j92fr e57qer20\" readability=\"10\">\n<p dir=\"ltr\" class=\"bbc-bm53ic e1cc2ql70\">Es considerada como una pieza clave en el triunfo de Boric de quien, adem\u00e1s, es personalmente muy cercana. <\/p>\n<\/div>\n<div dir=\"ltr\" class=\"bbc-19j92fr e57qer20\" readability=\"13\">\n<p dir=\"ltr\" class=\"bbc-bm53ic e1cc2ql70\">&#8220;Iskia mostr\u00f3 grandes habilidades pol\u00edticas durante la campa\u00f1a, pero adem\u00e1s es de la profunda confianza de Boric. \u00c9l la conoce hace muchos a\u00f1os y es alguien con quien tiene una relaci\u00f3n cercana&#8221;, explica a BBC Mundo Javier Sajuria, polit\u00f3logo y acad\u00e9mico de la Queen Mary University of London. <\/p>\n<\/div>\n<div dir=\"ltr\" class=\"bbc-19j92fr e57qer20\" readability=\"10\">\n<p dir=\"ltr\" class=\"bbc-bm53ic e1cc2ql70\">El ministerio de Relaciones Exteriores tambi\u00e9n ser\u00e1 ocupado por una mujer, <b>Antonia Urrejola<\/b>, quien fue presidenta de la Comisi\u00f3n Interamericana de Derechos Humanos (CIDH) en 2021. <\/p>\n<\/div>\n<div dir=\"ltr\" class=\"bbc-19j92fr e57qer20\" readability=\"7\">\n<p dir=\"ltr\" class=\"bbc-bm53ic e1cc2ql70\">Es la segunda mujer en ocupar la canciller\u00eda chilena. <\/p>\n<\/div>\n<p><h2 id=\"2-Se\u00f1al-de-tranquilidad-a-los-empresarios\" tabindex=\"-1\" class=\"bbc-l3e97o e14hemmw0\">2. Se\u00f1al de &#8220;tranquilidad&#8221; a los empresarios<\/h2>\n<\/p>\n<div dir=\"ltr\" class=\"bbc-19j92fr e57qer20\" readability=\"7\">\n<p dir=\"ltr\" class=\"bbc-bm53ic e1cc2ql70\">Sin duda es una se\u00f1al de tranquilidad para los empresarios chilenos. <\/p>\n<\/div>\n<div dir=\"ltr\" class=\"bbc-19j92fr e57qer20\" readability=\"10\">\n<p dir=\"ltr\" class=\"bbc-bm53ic e1cc2ql70\">El fichaje de<b> Mario Marcel<\/b> en Hacienda es, para muchos inversores, una garant\u00eda de responsabilidad fiscal y gobernabilidad. <\/p>\n<\/div>\n<div dir=\"ltr\" class=\"bbc-1ka88fa e57qer20\">\n<figure class=\"bbc-1qdcvv9 e6bmn90\">\n<div dir=\"ltr\" class=\"bbc-172p16q e57qer20\">\n<div dir=\"ltr\" class=\"bbc-189y18v e57qer20\" readability=\"6.5\">\n<div data-e2e=\"image-placeholder\" class=\"bbc-997y1y e1whu0\" readability=\"8\"><noscript><picture class=\"bbc-yfiktt e1enwo3v1\"><source srcset=\"http:\/\/cordobadirecto.com\/wp-content\/uploads\/2022\/01\/gabriel-boric-presenta-su-gabinete-en-chile-4-sorpresas-del-proximo-gobierno-del-pais-5.webp 240w, http:\/\/cordobadirecto.com\/wp-content\/uploads\/2022\/01\/gabriel-boric-presenta-su-gabinete-en-chile-4-sorpresas-del-proximo-gobierno-del-pais-6.webp 320w, http:\/\/cordobadirecto.com\/wp-content\/uploads\/2022\/01\/gabriel-boric-presenta-su-gabinete-en-chile-4-sorpresas-del-proximo-gobierno-del-pais-7.webp 480w, http:\/\/cordobadirecto.com\/wp-content\/uploads\/2022\/01\/gabriel-boric-presenta-su-gabinete-en-chile-4-sorpresas-del-proximo-gobierno-del-pais-8.webp 624w, http:\/\/cordobadirecto.com\/wp-content\/uploads\/2022\/01\/gabriel-boric-presenta-su-gabinete-en-chile-4-sorpresas-del-proximo-gobierno-del-pais-9.webp 800w\" type=\"image\/webp\"><source srcset=\"https:\/\/ichef.bbci.co.uk\/news\/240\/cpsprodpb\/F05D\/production\/_122933516_gettyimages-978799108.jpg 240w, https:\/\/ichef.bbci.co.uk\/news\/320\/cpsprodpb\/F05D\/production\/_122933516_gettyimages-978799108.jpg 320w, https:\/\/ichef.bbci.co.uk\/news\/480\/cpsprodpb\/F05D\/production\/_122933516_gettyimages-978799108.jpg 480w, https:\/\/ichef.bbci.co.uk\/news\/624\/cpsprodpb\/F05D\/production\/_122933516_gettyimages-978799108.jpg 624w, https:\/\/ichef.bbci.co.uk\/news\/800\/cpsprodpb\/F05D\/production\/_122933516_gettyimages-978799108.jpg 800w\" type=\"image\/jpeg\"><img loading=\"lazy\" src=\"http:\/\/cordobadirecto.com\/wp-content\/uploads\/2022\/01\/gabriel-boric-presenta-su-gabinete-en-chile-4-sorpresas-del-proximo-gobierno-del-pais-2.jpg\" alt=\"Mario Marcel\" sizes=\"(min-width: 1008px) 645px, 100vw\" width=\"976\" height=\"549\" class=\"eehpdyc0 bbc-rb7xa0 e1enwo3v0\"><\/picture><\/noscript><\/p>\n<p role=\"text\" class=\"bbc-1s1cxbv etq3yw90\"><span class=\"bbc-1gnhmg2 e1yt7oin0\">Fuente de la imagen, <\/span><span lang=\"en-GB\">Getty Images<\/span><\/p>\n<\/div>\n<\/div>\n<div dir=\"ltr\" class=\"bbc-3edg7g e57qer20\" readability=\"6\"><figcaption dir=\"ltr\" class=\"bbc-1t9zlwf eede9f50\" readability=\"2\"><span class=\"bbc-1gnhmg2 e1yt7oin0\">Pie de foto, <\/span><\/p>\n<p>Mario Marcel ser\u00e1 el pr\u00f3ximo ministro de Hacienda de Chile.<\/p>\n<\/figcaption><\/div>\n<\/div>\n<\/figure>\n<\/div>\n<div dir=\"ltr\" class=\"bbc-19j92fr e57qer20\" readability=\"10\">\n<p dir=\"ltr\" class=\"bbc-bm53ic e1cc2ql70\">El actual presidente del Banco Central de Chile es <b>uno de los economistas m\u00e1s respetados del pa\u00eds <\/b>y goza de un apoyo bastante transversal, pese a que ha sido criticado por la izquierda m\u00e1s dura en algunas ocasiones.<\/p>\n<\/div>\n<div dir=\"ltr\" class=\"bbc-19j92fr e57qer20\" readability=\"12\">\n<p dir=\"ltr\" class=\"bbc-bm53ic e1cc2ql70\">&#8220;Es una se\u00f1al de tranquilidad, es alguien de izquierda pero que ha demostrado ser fiel a los consensos econ\u00f3micos tradicionales. Le da tranquilidad a los empresarios chilenos y a todos. Es un tipo responsable, que ha hecho su reputaci\u00f3n por ese lado&#8221;, explica Sajuria.<\/p>\n<\/div>\n<p><h2 id=\"3-Incorporaci\u00f3n-de-partidos-tradicionales\" tabindex=\"-1\" class=\"bbc-l3e97o e14hemmw0\">3. Incorporaci\u00f3n de partidos tradicionales<\/h2>\n<\/p>\n<div dir=\"ltr\" class=\"bbc-19j92fr e57qer20\" readability=\"10\">\n<p dir=\"ltr\" class=\"bbc-bm53ic e1cc2ql70\">Otra de las sorpresas de este nuevo gabinete es la incorporaci\u00f3n de integrantes provenientes de partidos tradicionales de la izquierda chilena y que fueron parte de la llamada Concertaci\u00f3n, que gobern\u00f3 el pa\u00eds en distintos momentos durante los \u00faltimos 30 a\u00f1os.<\/p>\n<\/div>\n<div dir=\"ltr\" class=\"bbc-19j92fr e57qer20\" readability=\"8\">\n<p dir=\"ltr\" class=\"bbc-bm53ic e1cc2ql70\">La decisi\u00f3n del presidente electo de sumarlos a su administraci\u00f3n obedece a la necesidad de <b>asegurar mayor\u00edas parlamentarias<\/b> que le permitan avanzar en su programa de gobierno. <\/p>\n<\/div>\n<div dir=\"ltr\" class=\"bbc-19j92fr e57qer20\" readability=\"10\">\n<p dir=\"ltr\" class=\"bbc-bm53ic e1cc2ql70\">Y es que su coalici\u00f3n, denominada <b>Apruebo Dignidad<\/b>, solo cuenta con 37 diputados (de un total de 155) y 5 senadores (de un total de 43). <\/p>\n<\/div>\n<div dir=\"ltr\" class=\"bbc-19j92fr e57qer20\" readability=\"13\">\n<p dir=\"ltr\" class=\"bbc-bm53ic e1cc2ql70\">As\u00ed, Boric opt\u00f3 por reconfigurar la coalici\u00f3n que le dar\u00e1 sustento a su gobierno y ampliar su base de apoyo pol\u00edtico y social, incorporando a tres ministros del Partido Socialista (PS), y un representante del PPD, del PR y del PL. <\/p>\n<\/div>\n<div dir=\"ltr\" class=\"bbc-1ka88fa e57qer20\">\n<figure class=\"bbc-1qdcvv9 e6bmn90\">\n<div dir=\"ltr\" class=\"bbc-172p16q e57qer20\">\n<div dir=\"ltr\" class=\"bbc-189y18v e57qer20\" readability=\"6.5\">\n<div data-e2e=\"image-placeholder\" class=\"bbc-997y1y e1whu0\" readability=\"8\"><noscript><picture class=\"bbc-yfiktt e1enwo3v1\"><source srcset=\"http:\/\/cordobadirecto.com\/wp-content\/uploads\/2022\/01\/gabriel-boric-presenta-su-gabinete-en-chile-4-sorpresas-del-proximo-gobierno-del-pais-10.webp 240w, http:\/\/cordobadirecto.com\/wp-content\/uploads\/2022\/01\/gabriel-boric-presenta-su-gabinete-en-chile-4-sorpresas-del-proximo-gobierno-del-pais-11.webp 320w, http:\/\/cordobadirecto.com\/wp-content\/uploads\/2022\/01\/gabriel-boric-presenta-su-gabinete-en-chile-4-sorpresas-del-proximo-gobierno-del-pais-12.webp 480w, http:\/\/cordobadirecto.com\/wp-content\/uploads\/2022\/01\/gabriel-boric-presenta-su-gabinete-en-chile-4-sorpresas-del-proximo-gobierno-del-pais-13.webp 624w, http:\/\/cordobadirecto.com\/wp-content\/uploads\/2022\/01\/gabriel-boric-presenta-su-gabinete-en-chile-4-sorpresas-del-proximo-gobierno-del-pais-14.webp 800w\" type=\"image\/webp\"><source srcset=\"https:\/\/ichef.bbci.co.uk\/news\/240\/cpsprodpb\/13E7D\/production\/_122933518_gettyimages-1237342788.jpg 240w, https:\/\/ichef.bbci.co.uk\/news\/320\/cpsprodpb\/13E7D\/production\/_122933518_gettyimages-1237342788.jpg 320w, https:\/\/ichef.bbci.co.uk\/news\/480\/cpsprodpb\/13E7D\/production\/_122933518_gettyimages-1237342788.jpg 480w, https:\/\/ichef.bbci.co.uk\/news\/624\/cpsprodpb\/13E7D\/production\/_122933518_gettyimages-1237342788.jpg 624w, https:\/\/ichef.bbci.co.uk\/news\/800\/cpsprodpb\/13E7D\/production\/_122933518_gettyimages-1237342788.jpg 800w\" type=\"image\/jpeg\"><img loading=\"lazy\" src=\"http:\/\/cordobadirecto.com\/wp-content\/uploads\/2022\/01\/gabriel-boric-presenta-su-gabinete-en-chile-4-sorpresas-del-proximo-gobierno-del-pais-3.jpg\" alt=\"Gabriel Boric gan\u00f3 las elecciones presidenciales chilenas en diciembre pasado.\" sizes=\"(min-width: 1008px) 645px, 100vw\" width=\"976\" height=\"549\" class=\"eehpdyc0 bbc-rb7xa0 e1enwo3v0\"><\/picture><\/noscript><\/p>\n<p role=\"text\" class=\"bbc-1s1cxbv etq3yw90\"><span class=\"bbc-1gnhmg2 e1yt7oin0\">Fuente de la imagen, <\/span><span lang=\"en-GB\">Getty Images<\/span><\/p>\n<\/div>\n<\/div>\n<div dir=\"ltr\" class=\"bbc-3edg7g e57qer20\" readability=\"6\"><figcaption dir=\"ltr\" class=\"bbc-1t9zlwf eede9f50\" readability=\"2\"><span class=\"bbc-1gnhmg2 e1yt7oin0\">Pie de foto, <\/span><\/p>\n<p>Gabriel Boric gan\u00f3 las elecciones presidenciales chilenas en diciembre pasado.<\/p>\n<\/figcaption><\/div>\n<\/div>\n<\/figure>\n<\/div>\n<div dir=\"ltr\" class=\"bbc-19j92fr e57qer20\" readability=\"11\">\n<p dir=\"ltr\" class=\"bbc-bm53ic e1cc2ql70\">&#8220;Se especul\u00f3 mucho sobre la supremac\u00eda que iba a tener el partido comunista (PC) y al final termin\u00f3 siendo un gabinete muy amplio en t\u00e9rminos pol\u00edticos y que refleja al Boric de la segunda vuelta, no el de la primera vuelta&#8221;, dice Sajuria.<\/p>\n<\/div>\n<div dir=\"ltr\" class=\"bbc-19j92fr e57qer20\" readability=\"8\">\n<p dir=\"ltr\" class=\"bbc-bm53ic e1cc2ql70\">&#8220;El presidente electo se dio cuenta de que no tiene mayor\u00edas para gobernar&#8221;, agrega. <\/p>\n<\/div>\n<p><h2 id=\"4-Independientes-y-diversidad\" tabindex=\"-1\" class=\"bbc-l3e97o e14hemmw0\">4. Independientes y diversidad<\/h2>\n<\/p>\n<div dir=\"ltr\" class=\"bbc-19j92fr e57qer20\" readability=\"7\">\n<p dir=\"ltr\" class=\"bbc-bm53ic e1cc2ql70\">El presidente electo tambi\u00e9n opt\u00f3 por integrar a <b>siete personas independientes<\/b> a su gabinete.<\/p>\n<\/div>\n<div dir=\"ltr\" class=\"bbc-19j92fr e57qer20\" readability=\"10\">\n<p dir=\"ltr\" class=\"bbc-bm53ic e1cc2ql70\">Marcela R\u00edos, soci\u00f3loga y exrepresentante asistente del Programa de las Naciones Unidas para el Desarrollo (PNUD), es un ejemplo de aquello. La acad\u00e9mica ser\u00e1 la pr\u00f3xima ministra de Justicia. <\/p>\n<\/div>\n<div dir=\"ltr\" class=\"bbc-19j92fr e57qer20\" readability=\"9\">\n<p dir=\"ltr\" class=\"bbc-bm53ic e1cc2ql70\">Adem\u00e1s, es un gabinete diverso, con personas que pertenecen a distintas esferas sociales chilenas. <\/p>\n<\/div>\n<div dir=\"ltr\" class=\"bbc-19j92fr e57qer20\" readability=\"13\">\n<p dir=\"ltr\" class=\"bbc-bm53ic e1cc2ql70\">Por ejemplo, el pr\u00f3ximo ministro de Educaci\u00f3n, <b>Mar<\/b><b>i<\/b><b>o \u00c1vila<\/b>, es un profesor que viene de la educaci\u00f3n p\u00fablica, espec\u00edficamente de la comuna de San Miguel, con altos niveles de pobreza. <\/p>\n<\/div>\n<div dir=\"ltr\" class=\"bbc-19j92fr e57qer20\" readability=\"10\">\n<p dir=\"ltr\" class=\"bbc-bm53ic e1cc2ql70\">&#8220;El mensaje es un reconocimiento de que los equilibrios pol\u00edticos cambiaron, de que los partidos pol\u00edticos no son el \u00fanico espacio desde donde se opera&#8221;, dice Sajuria. <\/p>\n<\/div>\n<p><h2 id=\"El-gabinete-completo-de-Gabriel-Boric\" tabindex=\"-1\" class=\"bbc-l3e97o e14hemmw0\">El gabinete completo de Gabriel Boric:<\/h2>\n<\/p>\n<div dir=\"ltr\" class=\"e1gggypo0 bbc-oa9drk e57qer20\">\n<ul dir=\"ltr\" role=\"list\" class=\"bbc-1n23t93 e1drcs2w1\">\n<li role=\"listitem\" class=\"bbc-acwcvw e1drcs2w0\">Izkia Siches, Ministerio del Interior y Seguridad P\u00fablica.<\/li>\n<\/ul>\n<\/div>\n<div dir=\"ltr\" class=\"e1gggypo0 bbc-oa9drk e57qer20\">\n<ul dir=\"ltr\" role=\"list\" class=\"bbc-1n23t93 e1drcs2w1\">\n<li role=\"listitem\" class=\"bbc-acwcvw e1drcs2w0\">Giorgio Jackson, Ministerio Secretar\u00eda General de la Presidencia.<\/li>\n<\/ul>\n<\/div>\n<div dir=\"ltr\" class=\"e1gggypo0 bbc-oa9drk e57qer20\">\n<ul dir=\"ltr\" role=\"list\" class=\"bbc-1n23t93 e1drcs2w1\">\n<li role=\"listitem\" class=\"bbc-acwcvw e1drcs2w0\">Camila Vallejo, Ministerio Secretar\u00eda General de Gobierno.<\/li>\n<\/ul>\n<\/div>\n<div dir=\"ltr\" class=\"e1gggypo0 bbc-oa9drk e57qer20\">\n<ul dir=\"ltr\" role=\"list\" class=\"bbc-1n23t93 e1drcs2w1\">\n<li role=\"listitem\" class=\"bbc-acwcvw e1drcs2w0\">Mario Marcel, Ministerio de Hacienda.<\/li>\n<\/ul>\n<\/div>\n<div dir=\"ltr\" class=\"e1gggypo0 bbc-oa9drk e57qer20\">\n<ul dir=\"ltr\" role=\"list\" class=\"bbc-1n23t93 e1drcs2w1\">\n<li role=\"listitem\" class=\"bbc-acwcvw e1drcs2w0\">Jeanette Vega, Ministerio de Desarrollo Social.<\/li>\n<\/ul>\n<\/div>\n<div dir=\"ltr\" class=\"e1gggypo0 bbc-oa9drk e57qer20\">\n<ul dir=\"ltr\" role=\"list\" class=\"bbc-1n23t93 e1drcs2w1\">\n<li role=\"listitem\" class=\"bbc-acwcvw e1drcs2w0\">Mario \u00c1vila, Ministerio de Educaci\u00f3n.<\/li>\n<\/ul>\n<\/div>\n<div dir=\"ltr\" class=\"e1gggypo0 bbc-oa9drk e57qer20\">\n<ul dir=\"ltr\" role=\"list\" class=\"bbc-1n23t93 e1drcs2w1\">\n<li role=\"listitem\" class=\"bbc-acwcvw e1drcs2w0\">Antonia Orellana, Ministerio de la Mujer y la Equidad de G\u00e9nero.<\/li>\n<\/ul>\n<\/div>\n<div dir=\"ltr\" class=\"e1gggypo0 bbc-oa9drk e57qer20\">\n<ul dir=\"ltr\" role=\"list\" class=\"bbc-1n23t93 e1drcs2w1\">\n<li role=\"listitem\" class=\"bbc-acwcvw e1drcs2w0\">Nicol\u00e1s Grau, Ministerio de Econom\u00eda, Fomento y Turismo.<\/li>\n<\/ul>\n<\/div>\n<div dir=\"ltr\" class=\"e1gggypo0 bbc-oa9drk e57qer20\">\n<ul dir=\"ltr\" role=\"list\" class=\"bbc-1n23t93 e1drcs2w1\">\n<li role=\"listitem\" class=\"bbc-acwcvw e1drcs2w0\">Maya Fern\u00e1ndez, Ministerio de Defensa Nacional.<\/li>\n<\/ul>\n<\/div>\n<div dir=\"ltr\" class=\"e1gggypo0 bbc-oa9drk e57qer20\">\n<ul dir=\"ltr\" role=\"list\" class=\"bbc-1n23t93 e1drcs2w1\">\n<li role=\"listitem\" class=\"bbc-acwcvw e1drcs2w0\">Marcela R\u00edos, Ministerio de Justicia y Derechos Humanos.<\/li>\n<\/ul>\n<\/div>\n<div dir=\"ltr\" class=\"e1gggypo0 bbc-oa9drk e57qer20\">\n<ul dir=\"ltr\" role=\"list\" class=\"bbc-1n23t93 e1drcs2w1\">\n<li role=\"listitem\" class=\"bbc-acwcvw e1drcs2w0\">Jeanette Jara, Ministerio del Trabajo y Previsi\u00f3n Social.<\/li>\n<\/ul>\n<\/div>\n<div dir=\"ltr\" class=\"e1gggypo0 bbc-oa9drk e57qer20\">\n<ul dir=\"ltr\" role=\"list\" class=\"bbc-1n23t93 e1drcs2w1\">\n<li role=\"listitem\" class=\"bbc-acwcvw e1drcs2w0\">Juan Carlos Garc\u00eda, Ministerio de Obras P\u00fablicas.<\/li>\n<\/ul>\n<\/div>\n<div dir=\"ltr\" class=\"e1gggypo0 bbc-oa9drk e57qer20\">\n<ul dir=\"ltr\" role=\"list\" class=\"bbc-1n23t93 e1drcs2w1\">\n<li role=\"listitem\" class=\"bbc-acwcvw e1drcs2w0\">Antonia Urrejola, Ministerio de Relaciones Exteriores.<\/li>\n<\/ul>\n<\/div>\n<div dir=\"ltr\" class=\"e1gggypo0 bbc-oa9drk e57qer20\">\n<ul dir=\"ltr\" role=\"list\" class=\"bbc-1n23t93 e1drcs2w1\">\n<li role=\"listitem\" class=\"bbc-acwcvw e1drcs2w0\">Bego\u00f1a Yarza, Ministerio de Salud.<\/li>\n<\/ul>\n<\/div>\n<div dir=\"ltr\" class=\"e1gggypo0 bbc-oa9drk e57qer20\">\n<ul dir=\"ltr\" role=\"list\" class=\"bbc-1n23t93 e1drcs2w1\">\n<li role=\"listitem\" class=\"bbc-acwcvw e1drcs2w0\">Carlos Montes, Ministerio de Vivienda y Urbanismo.<\/li>\n<\/ul>\n<\/div>\n<div dir=\"ltr\" class=\"e1gggypo0 bbc-oa9drk e57qer20\">\n<ul dir=\"ltr\" role=\"list\" class=\"bbc-1n23t93 e1drcs2w1\">\n<li role=\"listitem\" class=\"bbc-acwcvw e1drcs2w0\">Esteban Valenzuela, Ministerio de Agricultura.<\/li>\n<\/ul>\n<\/div>\n<div dir=\"ltr\" class=\"e1gggypo0 bbc-oa9drk e57qer20\">\n<ul dir=\"ltr\" role=\"list\" class=\"bbc-1n23t93 e1drcs2w1\">\n<li role=\"listitem\" class=\"bbc-acwcvw e1drcs2w0\">Marcela Hernando, Ministerio de Miner\u00eda.<\/li>\n<\/ul>\n<\/div>\n<div dir=\"ltr\" class=\"e1gggypo0 bbc-oa9drk e57qer20\">\n<ul dir=\"ltr\" role=\"list\" class=\"bbc-1n23t93 e1drcs2w1\">\n<li role=\"listitem\" class=\"bbc-acwcvw e1drcs2w0\">Juan Carlos Mu\u00f1oz, Ministerio de Transportes y Telecomunicaciones.<\/li>\n<\/ul>\n<\/div>\n<div dir=\"ltr\" class=\"e1gggypo0 bbc-oa9drk e57qer20\">\n<ul dir=\"ltr\" role=\"list\" class=\"bbc-1n23t93 e1drcs2w1\">\n<li role=\"listitem\" class=\"bbc-acwcvw e1drcs2w0\">Javiera Toro, Ministerio de Bienes Nacionales.<\/li>\n<\/ul>\n<\/div>\n<div dir=\"ltr\" class=\"e1gggypo0 bbc-oa9drk e57qer20\">\n<ul dir=\"ltr\" role=\"list\" class=\"bbc-1n23t93 e1drcs2w1\">\n<li role=\"listitem\" class=\"bbc-acwcvw e1drcs2w0\">Claudio Huepe, Ministerio de Energ\u00eda.<\/li>\n<\/ul>\n<\/div>\n<div dir=\"ltr\" class=\"e1gggypo0 bbc-oa9drk e57qer20\">\n<ul dir=\"ltr\" role=\"list\" class=\"bbc-1n23t93 e1drcs2w1\">\n<li role=\"listitem\" class=\"bbc-acwcvw e1drcs2w0\">Maisa Rojas, Ministerio del Medio Ambiente.<\/li>\n<\/ul>\n<\/div>\n<div dir=\"ltr\" class=\"e1gggypo0 bbc-oa9drk e57qer20\">\n<ul dir=\"ltr\" role=\"list\" class=\"bbc-1n23t93 e1drcs2w1\">\n<li role=\"listitem\" class=\"bbc-acwcvw e1drcs2w0\">Julieta Brodsky, Ministerio de las Culturas, las Artes y el Patrimonio.<\/li>\n<\/ul>\n<\/div>\n<div dir=\"ltr\" class=\"e1gggypo0 bbc-oa9drk e57qer20\">\n<ul dir=\"ltr\" role=\"list\" class=\"bbc-1n23t93 e1drcs2w1\">\n<li role=\"listitem\" class=\"bbc-acwcvw e1drcs2w0\">Alexandra Benado, Ministerio del Deporte.<\/li>\n<\/ul>\n<\/div>\n<div dir=\"ltr\" class=\"e1gggypo0 bbc-oa9drk e57qer20\">\n<ul dir=\"ltr\" role=\"list\" class=\"bbc-1n23t93 e1drcs2w1\">\n<li role=\"listitem\" class=\"bbc-acwcvw e1drcs2w0\">Flavio Salazar, Ministerio de Ciencia, Tecnolog\u00eda, Conocimiento e Innovaci\u00f3n.<\/li>\n<\/ul>\n<\/div>\n<div dir=\"ltr\" class=\"bbc-1ka88fa e57qer20\">\n<figure class=\"bbc-1qdcvv9 e6bmn90\">\n<div dir=\"ltr\" class=\"bbc-172p16q e57qer20\">\n<div dir=\"ltr\" class=\"bbc-189y18v e57qer20\">\n<div data-e2e=\"image-placeholder\" class=\"bbc-997y1y e1whu0\"><noscript><picture class=\"bbc-yfiktt e1enwo3v1\"><source srcset=\"http:\/\/cordobadirecto.com\/wp-content\/uploads\/2022\/01\/gabriel-boric-presenta-su-gabinete-en-chile-4-sorpresas-del-proximo-gobierno-del-pais-15.webp 240w, http:\/\/cordobadirecto.com\/wp-content\/uploads\/2022\/01\/gabriel-boric-presenta-su-gabinete-en-chile-4-sorpresas-del-proximo-gobierno-del-pais-16.webp 320w, http:\/\/cordobadirecto.com\/wp-content\/uploads\/2022\/01\/gabriel-boric-presenta-su-gabinete-en-chile-4-sorpresas-del-proximo-gobierno-del-pais-17.webp 464w\" type=\"image\/webp\"><source srcset=\"https:\/\/ichef.bbci.co.uk\/news\/240\/cpsprodpb\/3069\/production\/_108039321_lnea.jpg 240w, https:\/\/ichef.bbci.co.uk\/news\/320\/cpsprodpb\/3069\/production\/_108039321_lnea.jpg 320w, https:\/\/ichef.bbci.co.uk\/news\/464\/cpsprodpb\/3069\/production\/_108039321_lnea.jpg 464w\" type=\"image\/jpeg\"><img loading=\"lazy\" src=\"http:\/\/cordobadirecto.com\/wp-content\/uploads\/2022\/01\/gabriel-boric-presenta-su-gabinete-en-chile-4-sorpresas-del-proximo-gobierno-del-pais-4.jpg\" alt=\"L\u00ednea\" sizes=\"(min-width: 1008px) 645px, 100vw\" width=\"464\" height=\"2\" class=\"eehpdyc0 bbc-rb7xa0 e1enwo3v0\"><\/picture><\/noscript><\/div>\n<\/div>\n<\/div>\n<\/figure>\n<\/div>\n<div dir=\"ltr\" class=\"bbc-19j92fr e57qer20\" readability=\"8\">\n<p dir=\"ltr\" class=\"bbc-bm53ic e1cc2ql70\"><i class=\"bbc-h1y5j7 ewc4zcb0\">Ahora puedes recibir notificaciones de BBC Mundo. Descarga nuestra app y act\u00edvalas para no perderte nuestro mejor contenido<\/i>.<\/p>\n<\/div>\n","protected":false},"excerpt":{"rendered":"<p>Redacci\u00f3n BBC News Mundo 21 enero 2022, 13:13 GMT Actualizado 56 minutos Fuente de la imagen, Getty Images Pie de foto, El presidente electo, Gabriel Boric. En medio de una alta expectaci\u00f3n, el presidente electo de Chile, Gabriel Boric, present\u00f3 esta ma\u00f1ana a su gabinete ministerial. Su equipo de gobierno estar\u00e1 marcado por una fuerte [&hellip;]<\/p>\n","protected":false},"author":1,"featured_media":40148,"comment_status":"closed","ping_status":"closed","sticky":false,"template":"","format":"standard","meta":[],"categories":[24],"tags":[],"_links":{"self":[{"href":"http:\/\/cordobadirecto.com\/index.php\/wp-json\/wp\/v2\/posts\/40147"}],"collection":[{"href":"http:\/\/cordobadirecto.com\/index.php\/wp-json\/wp\/v2\/posts"}],"about":[{"href":"http:\/\/cordobadirecto.com\/index.php\/wp-json\/wp\/v2\/types\/post"}],"author":[{"embeddable":true,"href":"http:\/\/cordobadirecto.com\/index.php\/wp-json\/wp\/v2\/users\/1"}],"replies":[{"embeddable":true,"href":"http:\/\/cordobadirecto.com\/index.php\/wp-json\/wp\/v2\/comments?post=40147"}],"version-history":[{"count":0,"href":"http:\/\/cordobadirecto.com\/index.php\/wp-json\/wp\/v2\/posts\/40147\/revisions"}],"wp:featuredmedia":[{"embeddable":true,"href":"http:\/\/cordobadirecto.com\/index.php\/wp-json\/wp\/v2\/media\/40148"}],"wp:attachment":[{"href":"http:\/\/cordobadirecto.com\/index.php\/wp-json\/wp\/v2\/media?parent=40147"}],"wp:term":[{"taxonomy":"category","embeddable":true,"href":"http:\/\/cordobadirecto.com\/index.php\/wp-json\/wp\/v2\/categories?post=40147"},{"taxonomy":"post_tag","embeddable":true,"href":"http:\/\/cordobadirecto.com\/index.php\/wp-json\/wp\/v2\/tags?post=40147"}],"curies":[{"name":"wp","href":"https:\/\/api.w.org\/{rel}","templated":true}]}}