{"id":40295,"date":"2022-01-21T20:28:17","date_gmt":"2022-01-21T20:28:17","guid":{"rendered":"https:\/\/cordoba.gob.ar\/?p=19633"},"modified":"2022-01-21T20:28:17","modified_gmt":"2022-01-21T20:28:17","slug":"disfruta-cordoba-ciudad-en-verano-el-botanico-vuelve-a-abrir-sus-puertas-en-horario-nocturno","status":"publish","type":"post","link":"http:\/\/cordobadirecto.com\/index.php\/2022\/01\/21\/disfruta-cordoba-ciudad-en-verano-el-botanico-vuelve-a-abrir-sus-puertas-en-horario-nocturno\/","title":{"rendered":"Disfrut\u00e1 C\u00f3rdoba Ciudad en verano: el Bot\u00e1nico vuelve a abrir sus puertas en horario Nocturno"},"content":{"rendered":"<div><img src=\"http:\/\/cordobadirecto.com\/wp-content\/uploads\/2022\/01\/disfruta-cordoba-ciudad-en-verano-el-botanico-vuelve-a-abrir-sus-puertas-en-horario-nocturno.jpg\" class=\"ff-og-image-inserted\"><\/div>\n<ul>\n<li><strong>Ser\u00e1 para ofrecer un show gratuito de jazz, soul y blues en vivo al aire libre.<\/strong><\/li>\n<li><strong>El evento tendr\u00e1 lugar ma\u00f1ana s\u00e1bado a partir de las 20:30 hs.<\/strong><\/li>\n<\/ul>\n<hr>\n<p>En el marco de las actividades recreativas y de esparcimiento que la Municipalidad de C\u00f3rdoba lleva a cabo para vecinos y turistas, este s\u00e1bado en el Jard\u00edn Bot\u00e1nico de la ciudad se ofrecer\u00e1 un show musical a cargo de la cantante Marlena Suchy &amp; Band.<\/p>\n<p>El evento es gratuito y se desarrollar\u00e1 a partir de la hora 20:30 en el hall de ingreso del predio ubicado en calle Francisco Yunyent 5491 de barrio Quebrada de las Rosas.<\/p>\n<p>Los asistentes a la funci\u00f3n tambi\u00e9n contar\u00e1n con la posibilidad de circular y recorrer de manera particular por los paseos que ofrece el Jard\u00edn.<\/p>\n<p>Esta actividad es la continuidad de una serie de propuestas que la Secretar\u00eda de Gesti\u00f3n Ambiental y Sostenibilidad elabor\u00f3 para la temporada de verano, entre las que se destaca la caminata nocturna realizada el pasado viernes en el Jard\u00edn Bot\u00e1nico.<\/p>\n<p>En aquella oportunidad, m\u00e1s de 500 personas participaron de la propuesta que consisti\u00f3 en recorrer con linternas, con la gu\u00eda de bi\u00f3logos de la instituci\u00f3n, los senderos que conforman los paseos del predio de seis hect\u00e1reas.<\/p>\n<p>Es importante recordar que la entrada es totalmente libre y gratuita y que durante el espect\u00e1culo los concurrentes deben tener puesto el barbijo cubriendo nariz y ment\u00f3n, manteniendo la debida distancia social.<\/p>\n<p>En caso de lluvia, la actividad se suspende y reprograma.<\/p>\n","protected":false},"excerpt":{"rendered":"<p>Ser\u00e1 para ofrecer un show gratuito de jazz, soul y blues en vivo al aire libre. El evento tendr\u00e1 lugar ma\u00f1ana s\u00e1bado a partir de las 20:30 hs. En el marco de las actividades recreativas y de esparcimiento que la Municipalidad de C\u00f3rdoba lleva a cabo para vecinos y turistas, este s\u00e1bado en el Jard\u00edn [&hellip;]<\/p>\n","protected":false},"author":1,"featured_media":40296,"comment_status":"closed","ping_status":"closed","sticky":false,"template":"","format":"standard","meta":[],"categories":[44],"tags":[],"_links":{"self":[{"href":"http:\/\/cordobadirecto.com\/index.php\/wp-json\/wp\/v2\/posts\/40295"}],"collection":[{"href":"http:\/\/cordobadirecto.com\/index.php\/wp-json\/wp\/v2\/posts"}],"about":[{"href":"http:\/\/cordobadirecto.com\/index.php\/wp-json\/wp\/v2\/types\/post"}],"author":[{"embeddable":true,"href":"http:\/\/cordobadirecto.com\/index.php\/wp-json\/wp\/v2\/users\/1"}],"replies":[{"embeddable":true,"href":"http:\/\/cordobadirecto.com\/index.php\/wp-json\/wp\/v2\/comments?post=40295"}],"version-history":[{"count":0,"href":"http:\/\/cordobadirecto.com\/index.php\/wp-json\/wp\/v2\/posts\/40295\/revisions"}],"wp:featuredmedia":[{"embeddable":true,"href":"http:\/\/cordobadirecto.com\/index.php\/wp-json\/wp\/v2\/media\/40296"}],"wp:attachment":[{"href":"http:\/\/cordobadirecto.com\/index.php\/wp-json\/wp\/v2\/media?parent=40295"}],"wp:term":[{"taxonomy":"category","embeddable":true,"href":"http:\/\/cordobadirecto.com\/index.php\/wp-json\/wp\/v2\/categories?post=40295"},{"taxonomy":"post_tag","embeddable":true,"href":"http:\/\/cordobadirecto.com\/index.php\/wp-json\/wp\/v2\/tags?post=40295"}],"curies":[{"name":"wp","href":"https:\/\/api.w.org\/{rel}","templated":true}]}}