{"id":40439,"date":"2022-01-21T17:51:02","date_gmt":"2022-01-21T17:51:02","guid":{"rendered":"https:\/\/www.ole.com.ar\/autos\/-top-race-abre-galvez-_0_nBfphvjhIZ.html"},"modified":"2022-01-21T17:51:02","modified_gmt":"2022-01-21T17:51:02","slug":"abre-en-el-galvez","status":"publish","type":"post","link":"http:\/\/cordobadirecto.com\/index.php\/2022\/01\/21\/abre-en-el-galvez\/","title":{"rendered":"\u00bfAbre en el G\u00e1lvez?"},"content":{"rendered":"<p>Despu\u00e9s de un cierre de campeonato 2021 con la consagraci\u00f3n de Diego Azar, el Top Race ya piensa en el 2022. <mark>Y si bien ya sabe que comenzar\u00e1 la temporada el 27 de febrero, a\u00fan resta saber en qu\u00e9 escenario ser\u00e1. El que tiene chances es el aut\u00f3dromo de Buenos Aires.<\/mark><\/p>\n<div class=\"sp__SM\">\n<div class=\"content-new \">\n<span class=\"tit-mobile\">Mir\u00e1 tambi\u00e9n<\/span><\/p>\n<div class=\"mg\">\n<div class=\"wrap-figure\">\n<picture>\n<a href=\"https:\/\/www.ole.com.ar\/autos\/tremendo-accidente-montecarlo_0_7d6I5aUMPX.html\" target=\"_self\" rel=\"noopener\"><br \/>\n<img class=\"img-responsive\" alt=\"Impactante golpe en Montecarlo\" src=\"http:\/\/cordobadirecto.com\/wp-content\/uploads\/2022\/01\/abre-en-el-galvez.jpg\" loading=\"lazy\"><br \/>\n<\/a>\n<\/picture>\n<\/div>\n<\/div><\/div>\n<\/div>\n<p>Todav\u00eda falta bastante tiempo a\u00fan para que se ponga en marcha la primera fecha del calendario el 27 de febrero. <mark>El aut\u00f3dromo de Buenos Aires tiene buenas chances para albergar la cita apertura del Top Race.<\/mark><\/p>\n<p>Es importante contar que hay tratativas con diferentes clubes y organizadores de competencias, <mark>no solamente para la primera competencia, sino tambi\u00e9n para definir a la brevedad los trazados a visitarse el resto de la temporada.<\/mark><\/p>\n<div class=\"sp__SM\">\n<div class=\"content-new \">\n<span class=\"tit-mobile\">Mir\u00e1 tambi\u00e9n<\/span><\/p>\n<div class=\"mg\">\n<div class=\"wrap-figure\">\n<picture>\n<a href=\"https:\/\/www.ole.com.ar\/autos\/entradas-primera-fecha_0_eVCxC9CcQi.html\" target=\"_self\" rel=\"noopener\"><br \/>\n<img class=\"img-responsive\" alt=\"Las entradas para la cita apertura\" src=\"http:\/\/cordobadirecto.com\/wp-content\/uploads\/2022\/01\/abre-en-el-galvez-1.jpg\" loading=\"lazy\"><br \/>\n<\/a>\n<\/picture>\n<\/div>\n<\/div><\/div>\n<\/div>\n<p><mark>La categor\u00eda por ahora oficialmente confirm\u00f3 su campeonato de 12 fechas con inicio el 27 de febrero y con continuidad de la siguiente manera<\/mark>: 20 de marzo, 24 de abril, 15 de mayo, 5 de junio, 10 y 31 de Julio, 21 de agosto, 25 de septiembre, 16 de Octubre, 6 y 27 de noviembre.<\/p>\n<div class=\"entry-tags\">\n<h2>TEMAS QUE APARECEN EN ESTA NOTA<\/h2>\n<\/p><\/div>\n","protected":false},"excerpt":{"rendered":"<p>Despu\u00e9s de un cierre de campeonato 2021 con la consagraci\u00f3n de Diego Azar, el Top Race ya piensa en el 2022. Y si bien ya sabe que comenzar\u00e1 la temporada el 27 de febrero, a\u00fan resta saber en qu\u00e9 escenario ser\u00e1. El que tiene chances es el aut\u00f3dromo de Buenos Aires. Mir\u00e1 tambi\u00e9n Todav\u00eda falta [&hellip;]<\/p>\n","protected":false},"author":1,"featured_media":40440,"comment_status":"closed","ping_status":"closed","sticky":false,"template":"","format":"standard","meta":[],"categories":[21],"tags":[],"_links":{"self":[{"href":"http:\/\/cordobadirecto.com\/index.php\/wp-json\/wp\/v2\/posts\/40439"}],"collection":[{"href":"http:\/\/cordobadirecto.com\/index.php\/wp-json\/wp\/v2\/posts"}],"about":[{"href":"http:\/\/cordobadirecto.com\/index.php\/wp-json\/wp\/v2\/types\/post"}],"author":[{"embeddable":true,"href":"http:\/\/cordobadirecto.com\/index.php\/wp-json\/wp\/v2\/users\/1"}],"replies":[{"embeddable":true,"href":"http:\/\/cordobadirecto.com\/index.php\/wp-json\/wp\/v2\/comments?post=40439"}],"version-history":[{"count":0,"href":"http:\/\/cordobadirecto.com\/index.php\/wp-json\/wp\/v2\/posts\/40439\/revisions"}],"wp:featuredmedia":[{"embeddable":true,"href":"http:\/\/cordobadirecto.com\/index.php\/wp-json\/wp\/v2\/media\/40440"}],"wp:attachment":[{"href":"http:\/\/cordobadirecto.com\/index.php\/wp-json\/wp\/v2\/media?parent=40439"}],"wp:term":[{"taxonomy":"category","embeddable":true,"href":"http:\/\/cordobadirecto.com\/index.php\/wp-json\/wp\/v2\/categories?post=40439"},{"taxonomy":"post_tag","embeddable":true,"href":"http:\/\/cordobadirecto.com\/index.php\/wp-json\/wp\/v2\/tags?post=40439"}],"curies":[{"name":"wp","href":"https:\/\/api.w.org\/{rel}","templated":true}]}}