{"id":40673,"date":"2022-01-23T15:46:58","date_gmt":"2022-01-23T15:46:58","guid":{"rendered":"http:\/\/cordobadirecto.com\/index.php\/2022\/01\/23\/cristian-vega-deja-central-cordoba-y-es-nuevo-refuerzo-de-colon\/"},"modified":"2022-01-23T15:46:58","modified_gmt":"2022-01-23T15:46:58","slug":"cristian-vega-deja-central-cordoba-y-es-nuevo-refuerzo-de-colon","status":"publish","type":"post","link":"http:\/\/cordobadirecto.com\/index.php\/2022\/01\/23\/cristian-vega-deja-central-cordoba-y-es-nuevo-refuerzo-de-colon\/","title":{"rendered":"Cristian Vega deja Central <b>C\u00f3rdoba<\/b> y es <b>nuevo<\/b> refuerzo de Col\u00f3n"},"content":{"rendered":"<p>Desde que Julio C\u00e9sar Falcioni asumi\u00f3 como t\u00e9cnico en el \u201csabalero\u201d, a los dirigentes les hizo saber que quer\u00eda contar con un volante central y el&nbsp;&#8230; <\/p>\n","protected":false},"excerpt":{"rendered":"<p>Desde que Julio C\u00e9sar Falcioni asumi\u00f3 como t\u00e9cnico en el \u201csabalero\u201d, a los dirigentes les hizo saber que quer\u00eda contar con un volante central y el&nbsp;&#8230;<\/p>\n","protected":false},"author":1,"featured_media":0,"comment_status":"closed","ping_status":"closed","sticky":false,"template":"","format":"standard","meta":[],"categories":[40],"tags":[],"_links":{"self":[{"href":"http:\/\/cordobadirecto.com\/index.php\/wp-json\/wp\/v2\/posts\/40673"}],"collection":[{"href":"http:\/\/cordobadirecto.com\/index.php\/wp-json\/wp\/v2\/posts"}],"about":[{"href":"http:\/\/cordobadirecto.com\/index.php\/wp-json\/wp\/v2\/types\/post"}],"author":[{"embeddable":true,"href":"http:\/\/cordobadirecto.com\/index.php\/wp-json\/wp\/v2\/users\/1"}],"replies":[{"embeddable":true,"href":"http:\/\/cordobadirecto.com\/index.php\/wp-json\/wp\/v2\/comments?post=40673"}],"version-history":[{"count":0,"href":"http:\/\/cordobadirecto.com\/index.php\/wp-json\/wp\/v2\/posts\/40673\/revisions"}],"wp:attachment":[{"href":"http:\/\/cordobadirecto.com\/index.php\/wp-json\/wp\/v2\/media?parent=40673"}],"wp:term":[{"taxonomy":"category","embeddable":true,"href":"http:\/\/cordobadirecto.com\/index.php\/wp-json\/wp\/v2\/categories?post=40673"},{"taxonomy":"post_tag","embeddable":true,"href":"http:\/\/cordobadirecto.com\/index.php\/wp-json\/wp\/v2\/tags?post=40673"}],"curies":[{"name":"wp","href":"https:\/\/api.w.org\/{rel}","templated":true}]}}