{"id":40688,"date":"2022-01-23T19:22:00","date_gmt":"2022-01-23T19:22:00","guid":{"rendered":"http:\/\/cordobadirecto.com\/index.php\/2022\/01\/23\/la-pandemia-se-convertiria-en-endemia-en-europa-despues-de-omicron\/"},"modified":"2022-01-23T19:22:00","modified_gmt":"2022-01-23T19:22:00","slug":"la-pandemia-se-convertiria-en-endemia-en-europa-despues-de-omicron","status":"publish","type":"post","link":"http:\/\/cordobadirecto.com\/index.php\/2022\/01\/23\/la-pandemia-se-convertiria-en-endemia-en-europa-despues-de-omicron\/","title":{"rendered":"La pandemia se convertir\u00eda en endemia en Europa despu\u00e9s de \u00d3micron"},"content":{"rendered":"<figure class=\"mb-3\"><img loading=\"lazy\" src=\"http:\/\/cordobadirecto.com\/wp-content\/uploads\/2022\/01\/la-pandemia-se-convertiria-en-endemia-en-europa-despues-de-omicron.jpg\" width=\"100%\" height=\"100%\" alt=\"Debido a su gran contagiosidad la variante micron permitira alcanzar la tan mentada inmunidad de rebao\"><figcaption> Debido a su gran contagiosidad, la variante \u00d3micron permitir\u00eda alcanzar la tan mentada &#8220;inmunidad de reba\u00f1o&#8221;. <\/figcaption><\/figure>\n<p>La pandemia de coronavirus podr\u00eda transformarse en endemia en Europa dentro de pocos meses, una vez que &#8220;se calme&#8221; la ola de contagios con la variante \u00d3micron, afirm\u00f3 este domingo el director de la Organizaci\u00f3n Mundial de la Salud (OMS) para el continente, Hans Kluge.<\/p>\n<p>&#8220;Es plausible que la regi\u00f3n se acerque al final de la pandemia&#8221;, sostuvo el funcionario, seg\u00fan la agencia de noticias AFP.<\/p>\n<p>Kluge consider\u00f3 que <strong>\u00d3micron, de la que podr\u00eda llegar a contagiarse el 60% de los europeos antes de marzo<\/strong>, dio paso a una nueva fase de la pandemia de Covid-19 en la regi\u00f3n y podr\u00eda precipitar su final.<\/p>\n<p>&#8220;En cuanto la ola de \u00d3micron se calme, <strong>habr\u00e1 durante algunas semanas y meses una inmunidad global,<\/strong> ya sea gracias a la vacuna o porque la gente se habr\u00e1 inmunizado por la infecci\u00f3n, y tambi\u00e9n una baja a causa de la estacionalidad&#8221;, dijo.<\/p>\n<p>Sin embargo, el experto aclar\u00f3 que Europa no se encuentra todav\u00eda en una &#8220;era end\u00e9mica&#8221;.<\/p>\n<p>&#8220;End\u00e9mica significa que podemos prever lo que va a ocurrir y <strong>este virus nos ha sorprendido m\u00e1s de una vez<\/strong>, as\u00ed que tenemos que ser prudentes&#8221;, advirti\u00f3. <\/p>\n","protected":false},"excerpt":{"rendered":"<p>Debido a su gran contagiosidad, la variante \u00d3micron permitir\u00eda alcanzar la tan mentada &#8220;inmunidad de reba\u00f1o&#8221;. La pandemia de coronavirus podr\u00eda transformarse en endemia en Europa dentro de pocos meses, una vez que &#8220;se calme&#8221; la ola de contagios con la variante \u00d3micron, afirm\u00f3 este domingo el director de la Organizaci\u00f3n Mundial de la Salud [&hellip;]<\/p>\n","protected":false},"author":1,"featured_media":40689,"comment_status":"closed","ping_status":"closed","sticky":false,"template":"","format":"standard","meta":[],"categories":[24],"tags":[],"_links":{"self":[{"href":"http:\/\/cordobadirecto.com\/index.php\/wp-json\/wp\/v2\/posts\/40688"}],"collection":[{"href":"http:\/\/cordobadirecto.com\/index.php\/wp-json\/wp\/v2\/posts"}],"about":[{"href":"http:\/\/cordobadirecto.com\/index.php\/wp-json\/wp\/v2\/types\/post"}],"author":[{"embeddable":true,"href":"http:\/\/cordobadirecto.com\/index.php\/wp-json\/wp\/v2\/users\/1"}],"replies":[{"embeddable":true,"href":"http:\/\/cordobadirecto.com\/index.php\/wp-json\/wp\/v2\/comments?post=40688"}],"version-history":[{"count":0,"href":"http:\/\/cordobadirecto.com\/index.php\/wp-json\/wp\/v2\/posts\/40688\/revisions"}],"wp:featuredmedia":[{"embeddable":true,"href":"http:\/\/cordobadirecto.com\/index.php\/wp-json\/wp\/v2\/media\/40689"}],"wp:attachment":[{"href":"http:\/\/cordobadirecto.com\/index.php\/wp-json\/wp\/v2\/media?parent=40688"}],"wp:term":[{"taxonomy":"category","embeddable":true,"href":"http:\/\/cordobadirecto.com\/index.php\/wp-json\/wp\/v2\/categories?post=40688"},{"taxonomy":"post_tag","embeddable":true,"href":"http:\/\/cordobadirecto.com\/index.php\/wp-json\/wp\/v2\/tags?post=40688"}],"curies":[{"name":"wp","href":"https:\/\/api.w.org\/{rel}","templated":true}]}}