{"id":40824,"date":"2022-01-24T14:14:15","date_gmt":"2022-01-24T14:14:15","guid":{"rendered":"https:\/\/www.ole.com.ar\/autos\/loeb-ganar-montecarlo_0_wqCzMWfWIu.html"},"modified":"2022-01-24T14:14:15","modified_gmt":"2022-01-24T14:14:15","slug":"este-es-uno-de-los-mejores-recuerdos","status":"publish","type":"post","link":"http:\/\/cordobadirecto.com\/index.php\/2022\/01\/24\/este-es-uno-de-los-mejores-recuerdos\/","title":{"rendered":"&#8220;Este es uno de los mejores recuerdos&#8221;"},"content":{"rendered":"<p>El Rally de Montecarlo fue la cita apertura para la temporada 2022 del Rally Mundial, donde S\u00e9bastien Loeb, quien regres\u00f3 a la categor\u00eda luego de dos a\u00f1os, se luci\u00f3 con el Ford del M- Sport y se llev\u00f3 la victoria. Adem\u00e1s, se transform\u00f3 en el primer ganador de la era h\u00edbrida.<\/p>\n<div class=\"sp__SM\">\n<div class=\"content-new \">\n<span class=\"tit-mobile\">Mir\u00e1 tambi\u00e9n<\/span><\/p>\n<div class=\"mg\">\n<div class=\"wrap-figure\">\n<picture>\n<a href=\"https:\/\/www.ole.com.ar\/autos\/loeb-gano-montecarlo_0_TYjOluHRkA.html\" target=\"_self\" rel=\"noopener\"><br \/>\n<img class=\"img-responsive\" alt=\"La leyenda contin\u00faa\" src=\"http:\/\/cordobadirecto.com\/wp-content\/uploads\/2022\/01\/este-es-uno-de-los-mejores-recuerdos.jpg\" loading=\"lazy\"><br \/>\n<\/a>\n<\/picture>\n<\/div>\n<\/div><\/div>\n<\/div>\n<p><mark>&#8220;Sin duda, es incre\u00edble para m\u00ed. Fue un gran rally, estaba contento con el ritmo otra vez, ya que no sab\u00eda qu\u00e9 esperar al estar aqu\u00ed&#8221;<\/mark>, le expres\u00f3 Loeb al sitio web Motorsport luego de su triunfo N\u00b080 en el Rally Mundial.<\/p>\n<p>Y a\u00f1adi\u00f3: <mark>&#8220;Las sensaciones con el coche fueron buenas, al igual que la conducci\u00f3n. Tuvimos una gran lucha con Seb Ogier todo el fin de semana. <\/mark>Fui r\u00e1pido el viernes, \u00e9l lo fue el s\u00e1bado, especialmente en Sisteron, y hoy, con lo que pas\u00f3, ganamos el rally. Fue un momento impresionante para nosotros&#8221;.<\/p>\n<p>Por \u00faltimo, el franc\u00e9s se mostr\u00f3 orgulloso de seguir d\u00e1ndole pelea a los pilotos m\u00e1s j\u00f3venes a sus casi 48 a\u00f1os: <mark>&#8220;Pasaron 10 a\u00f1os desde mi \u00faltimo t\u00edtulo, as\u00ed que estoy muy orgulloso por seguir peleando con los m\u00e1s j\u00f3venes y ser capaz de ganar un rally. Este es uno de los mejores recuerdos&#8221;.<\/mark><\/p>\n<p>Adem\u00e1s, Loeb tuvo a su lado a Isabelle Galmiche, quien debut\u00f3 en el WRC a los 50 a\u00f1os. <mark>Al ganar, la profesora de matem\u00e1ticas y navegante a tiempo parcial se convirti\u00f3 en la primera mujer copiloto en ganar en el mundial desde que Fabrizia Pons, compa\u00f1era de Piero Liatti, lo hiciera en el mismo lugar en el a\u00f1o 1997 con Subaru.<\/mark><\/p>\n<div class=\"sp__SM\">\n<div class=\"content-new \">\n<span class=\"tit-mobile\">Mir\u00e1 tambi\u00e9n<\/span><\/p>\n<div class=\"mg\">\n<div class=\"wrap-figure\">\n<picture>\n<a href=\"https:\/\/www.ole.com.ar\/autos\/colombia-duque-formula-1-barranquilla_0_aoshKjRcr7.html\" target=\"_self\" rel=\"noopener\"><br \/>\n<img class=\"img-responsive\" alt=\"Colombia sue\u00f1a con tener un GP de F\u00f3rmula 1\" src=\"http:\/\/cordobadirecto.com\/wp-content\/uploads\/2022\/01\/este-es-uno-de-los-mejores-recuerdos-1.jpg\" loading=\"lazy\"><br \/>\n<\/a>\n<\/picture>\n<\/div>\n<\/div><\/div>\n<\/div>\n<p><mark>&#8220;Creo que es fant\u00e1stico lo que me ha pasado hoy, en mi primera vez en un Rally de Montecarlo con Seb en el WRC<\/mark>, estoy muy contenta, es incre\u00edble. Quiz\u00e1 es el mejor d\u00eda de mi vida&#8221;, dijo.<\/p>\n<div class=\"entry-tags\">\n<h2>TEMAS QUE APARECEN EN ESTA NOTA<\/h2>\n<\/p><\/div>\n","protected":false},"excerpt":{"rendered":"<p>El Rally de Montecarlo fue la cita apertura para la temporada 2022 del Rally Mundial, donde S\u00e9bastien Loeb, quien regres\u00f3 a la categor\u00eda luego de dos a\u00f1os, se luci\u00f3 con el Ford del M- Sport y se llev\u00f3 la victoria. Adem\u00e1s, se transform\u00f3 en el primer ganador de la era h\u00edbrida. Mir\u00e1 tambi\u00e9n &#8220;Sin duda, [&hellip;]<\/p>\n","protected":false},"author":1,"featured_media":40825,"comment_status":"closed","ping_status":"closed","sticky":false,"template":"","format":"standard","meta":[],"categories":[21],"tags":[],"_links":{"self":[{"href":"http:\/\/cordobadirecto.com\/index.php\/wp-json\/wp\/v2\/posts\/40824"}],"collection":[{"href":"http:\/\/cordobadirecto.com\/index.php\/wp-json\/wp\/v2\/posts"}],"about":[{"href":"http:\/\/cordobadirecto.com\/index.php\/wp-json\/wp\/v2\/types\/post"}],"author":[{"embeddable":true,"href":"http:\/\/cordobadirecto.com\/index.php\/wp-json\/wp\/v2\/users\/1"}],"replies":[{"embeddable":true,"href":"http:\/\/cordobadirecto.com\/index.php\/wp-json\/wp\/v2\/comments?post=40824"}],"version-history":[{"count":0,"href":"http:\/\/cordobadirecto.com\/index.php\/wp-json\/wp\/v2\/posts\/40824\/revisions"}],"wp:featuredmedia":[{"embeddable":true,"href":"http:\/\/cordobadirecto.com\/index.php\/wp-json\/wp\/v2\/media\/40825"}],"wp:attachment":[{"href":"http:\/\/cordobadirecto.com\/index.php\/wp-json\/wp\/v2\/media?parent=40824"}],"wp:term":[{"taxonomy":"category","embeddable":true,"href":"http:\/\/cordobadirecto.com\/index.php\/wp-json\/wp\/v2\/categories?post=40824"},{"taxonomy":"post_tag","embeddable":true,"href":"http:\/\/cordobadirecto.com\/index.php\/wp-json\/wp\/v2\/tags?post=40824"}],"curies":[{"name":"wp","href":"https:\/\/api.w.org\/{rel}","templated":true}]}}