{"id":40826,"date":"2022-01-23T15:13:23","date_gmt":"2022-01-23T15:13:23","guid":{"rendered":"https:\/\/www.ole.com.ar\/autos\/colombia-duque-formula-1-barranquilla_0_aoshKjRcr7.html"},"modified":"2022-01-23T15:13:23","modified_gmt":"2022-01-23T15:13:23","slug":"colombia-suena-con-tener-un-gp-de-formula-1","status":"publish","type":"post","link":"http:\/\/cordobadirecto.com\/index.php\/2022\/01\/23\/colombia-suena-con-tener-un-gp-de-formula-1\/","title":{"rendered":"Colombia sue\u00f1a con tener un GP de F\u00f3rmula 1"},"content":{"rendered":"<p>La <strong><a alt=\"formula-1\" class=\"slug\" href=\"https:\/\/www.ole.com.ar\/tema\/formula-1.html\" target=\"_blank\" title=\"formula-1\" rel=\"noopener\">F\u00f3rmula 1 <\/a><\/strong>no para de ganar adeptos. En tiempos de pandemia, los deportes tuvieron que readaptar sus protocolos y, durante casi todo 2020 y parte de 2021, los eventos tuvieron que realizarse a puertas cerradas. Sin embargo, eso no fue un impedimento para que sumaran cada vez m\u00e1s aficionados a lo largo de todo el mundo. De hecho, la serie de Netflix Drive to Survive gener\u00f3 que se ampl\u00ede considerablemente el inter\u00e9s por los monoplazas. Y, en ese sentido, <strong>Colombia sue\u00f1a con sumar otra plaza sudamericana a la F1 (San Pablo tiene su lugar asegurado)<\/strong>.<\/p>\n<div class=\"sp__Normal htmlLibre\">\n<div class=\"embed-responsive-c\" readability=\"7.2148760330579\">\n<blockquote class=\"twitter-tweet\" readability=\"8.8181818181818\">\n<p lang=\"es\" dir=\"ltr\">Acompa\u00f1amos el sue\u00f1o que tiene el <a href=\"https:\/\/twitter.com\/alcaldiabquilla?ref_src=twsrc%5Etfw\">@alcaldiabquilla<\/a>, <a href=\"https:\/\/twitter.com\/jaimepumarejo?ref_src=twsrc%5Etfw\">@jaimepumarejo<\/a>, que Barranquilla sea vinculada en el calendario de circuitos de la F\u00f3rmula 1 con un Gran Premio en Colombia, que traer\u00eda enormes beneficios econ\u00f3micos y tur\u00edsticos para la ciudad. Cuente con nuestro respaldo. <a href=\"https:\/\/t.co\/J6Cc7C5ZDg\">pic.twitter.com\/J6Cc7C5ZDg<\/a><\/p>\n<p>\u2014 Iv\u00e1n Duque \ud83c\udde8\ud83c\uddf4 (@IvanDuque) <a href=\"https:\/\/twitter.com\/IvanDuque\/status\/1485027633293410311?ref_src=twsrc%5Etfw\">January 22, 2022<\/a><\/p><\/blockquote><\/div>\n<\/div>\n<div class=\"sp__SM\">\n<div class=\"content-new \">\n<span class=\"tit-mobile\">Mir\u00e1 tambi\u00e9n<\/span><\/p>\n<div class=\"mg\">\n<div class=\"wrap-figure\">\n<picture>\n<a href=\"https:\/\/www.ole.com.ar\/autos\/loeb-gano-montecarlo_0_TYjOluHRkA.html\" target=\"_self\" rel=\"noopener\"><br \/>\n<img class=\"img-responsive\" alt=\"La leyenda contin\u00faa\" src=\"http:\/\/cordobadirecto.com\/wp-content\/uploads\/2022\/01\/colombia-suena-con-tener-un-gp-de-formula-1.jpg\" loading=\"lazy\"><br \/>\n<\/a>\n<\/picture>\n<\/div>\n<\/div><\/div>\n<\/div>\n<p> Jaime Pumarejo, alcalde de Barranquilla, y Elsa Noguera, gobernadora del Atl\u00e1ntico, han estado en conversaciones con la gente de Liberty Media, due\u00f1os de los derechos campeonato internacional m\u00e1s destacado del automovilismo. &#8220;<strong>[Pumarejo y Noguera] han estado en conversaciones con el equipo directivo de la F\u00f3rmula 1, y sabemos que hay que hacer unas adecuaciones, unas adaptaciones, pero se puede hacer un circuito semi urbano, en un trazado que vendr\u00e1n a revisar los miembros de esta organizaci\u00f3n<\/strong>&#8220;, asegur\u00f3 el presidente de Colombia Iv\u00e1n Duque. Adem\u00e1s, escribi\u00f3 en su cuenta de Twitter: &#8220;Acompa\u00f1amos el sue\u00f1o que tiene el Jaime Pumarejo que Barranquilla sea vinculada en el calendario de circuitos de la F\u00f3rmula 1 con un Gran Premio en Colombia, que traer\u00eda enormes beneficios econ\u00f3micos y tur\u00edsticos para la ciudad. Cuente con nuestro respaldo&#8221;. Y concluy\u00f3: &#8220;As\u00ed como lo hemos hecho en otras tantas ocasiones, y teniendo en cuenta que esta es una inversi\u00f3n deportiva y para posicionar a Colombia en el exterior, <strong>usted cuenta con el respaldo nuestro para que, en equipo, podamos tratar de construir ese sue\u00f1o<\/strong>&#8220;.<\/p>\n<div class=\"sp__Normal\">\n<div class=\"image-embeb image-trigger\" readability=\"6\">\n<picture><source media=\"(min-width: 720px)\" srcset=\"http:\/\/cordobadirecto.com\/wp-content\/uploads\/2022\/01\/colombia-suena-con-tener-un-gp-de-formula-1-1.jpg\"><img itemprop=\"image\" src=\"http:\/\/cordobadirecto.com\/wp-content\/uploads\/2022\/01\/colombia-suena-con-tener-un-gp-de-formula-1-1.jpg\" loading=\"lazy\" alt=\"Verstappen gan\u00f3 el \u00faltimo campeonato. (AP)\">\n<\/picture><figcaption readability=\"2\">\n<p>Verstappen gan\u00f3 el \u00faltimo campeonato. (AP)\n<\/p>\n<\/figcaption><\/div>\n<\/div>\n<p> Por otro lado, el propio Pumarejo sentenci\u00f3 en un acto gubernamental: &#8220;Hay 22 ciudades en el mundo que pueden decir que tienen un circuito de la F\u00f3rmula 1. Entran 60 mil turistas internacionales en un lapso de 10 d\u00edas. Eso es casi que duplicar el n\u00famero de visitantes internacionales que vienen al Atl\u00e1ntico en tres d\u00edas y en un solo evento. Y a esos circuitos asisten 320 mil espectadores en tres d\u00edas, cuyos gastos promedios son de 600 d\u00f3lares al d\u00eda&#8221;.<\/p>\n<div class=\"sp__SM\">\n<div class=\"content-new \">\n<span class=\"tit-mobile\">Mir\u00e1 tambi\u00e9n<\/span><\/p>\n<div class=\"mg\">\n<div class=\"wrap-figure\">\n<picture>\n<a href=\"https:\/\/www.ole.com.ar\/fuera-de-juego\/neymar-nft-millon-dolares-bored-apes-paredes-verratti_0_hBiw35JwoB.html\" target=\"_self\" rel=\"noopener\"><br \/>\n<img class=\"img-responsive\" alt=\"Neymar gast\u00f3 m\u00e1s de un mill\u00f3n de d\u00f3lares en NFTs\" src=\"http:\/\/cordobadirecto.com\/wp-content\/uploads\/2022\/01\/colombia-suena-con-tener-un-gp-de-formula-1-2.jpg\" loading=\"lazy\"><br \/>\n<\/a>\n<\/picture>\n<\/div>\n<\/div><\/div>\n<\/div>\n<h2><strong>2022, CON LA INC\u00d3GNITA DE HAMILTON<\/strong><\/h2>\n<p>Tras un merecido descanso por vacaciones, los pilotos comenzaron con la pretemporada antes de iniciar las pr\u00e1cticas arriba de los nuevos monoplazas dise\u00f1ados para este 2022. Si bien las escuder\u00edas ya confirmaron a sus duplas, a\u00fan sigue la inc\u00f3gnita de qu\u00e9 har\u00e1 <strong><a alt=\"lewis-hamilton\" class=\"slug\" href=\"https:\/\/www.ole.com.ar\/tema\/lewis-hamilton.html\" target=\"_blank\" title=\"lewis-hamilton\" rel=\"noopener\">Lewis Hamilton<\/a><\/strong> dado que se puso en duda la continuidad del m\u00faltiple campe\u00f3n luego de haber perdido el \u00faltimo certamen ante <strong><a alt=\"max-verstappen\" class=\"slug\" href=\"https:\/\/www.ole.com.ar\/tema\/max-verstappen.html\" target=\"_blank\" title=\"max-verstappen\" rel=\"noopener\">Max Verstappen <\/a><\/strong>en la vuelta definitiva. De seguir, ser\u00eda uno de los dos mejores pagos con unas ganancias de 25 millones de d\u00f3lares, misma cifra que el neerland\u00e9s. <strong><a alt=\"fernando-alonso\" class=\"slug\" href=\"https:\/\/www.ole.com.ar\/tema\/fernando-alonso.html\" target=\"_blank\" title=\"fernando-alonso\" rel=\"noopener\">Fernando Alonso<\/a><\/strong>, de Alpine, cierra el podio con 20 millones de d\u00f3lares anuales, mientras que <strong><a alt=\"checo-perez\" class=\"slug\" href=\"https:\/\/www.ole.com.ar\/tema\/checo-perez.html\" target=\"_blank\" title=\"checo-perez\" rel=\"noopener\">Checo P\u00e9rez<\/a><\/strong> reci\u00e9n aparece en la d\u00e9cima posici\u00f3n con ocho millones.<\/p>\n<div class=\"sp__Normal\">\n<div class=\"image-embeb image-trigger\" readability=\"6\">\n<picture><source media=\"(min-width: 720px)\" srcset=\"http:\/\/cordobadirecto.com\/wp-content\/uploads\/2022\/01\/colombia-suena-con-tener-un-gp-de-formula-1-3.jpg\"><img itemprop=\"image\" src=\"http:\/\/cordobadirecto.com\/wp-content\/uploads\/2022\/01\/colombia-suena-con-tener-un-gp-de-formula-1-3.jpg\" loading=\"lazy\" alt=\"El futuro de Hamilton es una inc\u00f3gnita. (AP)\">\n<\/picture><figcaption readability=\"2\">\n<p>El futuro de Hamilton es una inc\u00f3gnita. (AP)\n<\/p>\n<\/figcaption><\/div>\n<\/div>\n<div class=\"sp__SM\">\n<div class=\"content-new \">\n<span class=\"tit-mobile\">Mir\u00e1 tambi\u00e9n<\/span><\/p>\n<div class=\"mg\">\n<div class=\"wrap-figure\">\n<picture>\n<a href=\"https:\/\/www.ole.com.ar\/rugby\/seven-malaga-circuito-argentina-final_0_JNxxk83ROR.html\" target=\"_self\" rel=\"noopener\"><br \/>\n<img class=\"img-responsive\" alt=\"Argentina a la final en el Seven de M\u00e1laga\" src=\"http:\/\/cordobadirecto.com\/wp-content\/uploads\/2022\/01\/colombia-suena-con-tener-un-gp-de-formula-1-4.jpg\" loading=\"lazy\"><br \/>\n<\/a>\n<\/picture>\n<\/div>\n<\/div><\/div>\n<\/div>\n<h2><strong>EL CALENDARIO DE LA F1<\/strong><\/h2>\n<p> A diferencia de otros a\u00f1os, se iniciar\u00e1 el torneo en Bahr\u00e9in (18 al 20 de marzo) y no en Australia como sol\u00eda ocurrir antes de la aparici\u00f3n del coronavirus (ahora ser\u00e1 la tercera fecha entre el 8 y el 10 de abril). El Gran Premio de Estados Unidos, el de M\u00e9xico y el de Brasil ser\u00e1n tres de los \u00faltimos cuatro de la temporada. Y, como es habitual, Abu Dhabi cerrar\u00e1 el a\u00f1o.<\/p>\n<div class=\"sp__SM\">\n<div class=\"content-new \">\n<span class=\"tit-mobile\">Mir\u00e1 tambi\u00e9n<\/span><\/p>\n<div class=\"mg\">\n<div class=\"wrap-figure\">\n<picture>\n<a href=\"https:\/\/www.ole.com.ar\/futbol-internacional\/america\/junior-barranquilla-aforo-fichajes_0_1uY6awyWqA.html\" target=\"_self\" rel=\"noopener\"><br \/>\n<img class=\"img-responsive\" alt=\"Trajeron figuras de selecci\u00f3n, son candidatos al t\u00edtulo, pero s\u00f3lo llenaron el 30% del estadio\" src=\"http:\/\/cordobadirecto.com\/wp-content\/uploads\/2022\/01\/colombia-suena-con-tener-un-gp-de-formula-1-5.jpg\" loading=\"lazy\"><br \/>\n<\/a>\n<\/picture>\n<\/div>\n<\/div><\/div>\n<\/div>\n<div class=\"entry-tags\">\n<h2>TEMAS QUE APARECEN EN ESTA NOTA<\/h2>\n<\/p><\/div>\n","protected":false},"excerpt":{"rendered":"<p>La F\u00f3rmula 1 no para de ganar adeptos. En tiempos de pandemia, los deportes tuvieron que readaptar sus protocolos y, durante casi todo 2020 y parte de 2021, los eventos tuvieron que realizarse a puertas cerradas. Sin embargo, eso no fue un impedimento para que sumaran cada vez m\u00e1s aficionados a lo largo de todo [&hellip;]<\/p>\n","protected":false},"author":1,"featured_media":40827,"comment_status":"closed","ping_status":"closed","sticky":false,"template":"","format":"standard","meta":[],"categories":[21],"tags":[],"_links":{"self":[{"href":"http:\/\/cordobadirecto.com\/index.php\/wp-json\/wp\/v2\/posts\/40826"}],"collection":[{"href":"http:\/\/cordobadirecto.com\/index.php\/wp-json\/wp\/v2\/posts"}],"about":[{"href":"http:\/\/cordobadirecto.com\/index.php\/wp-json\/wp\/v2\/types\/post"}],"author":[{"embeddable":true,"href":"http:\/\/cordobadirecto.com\/index.php\/wp-json\/wp\/v2\/users\/1"}],"replies":[{"embeddable":true,"href":"http:\/\/cordobadirecto.com\/index.php\/wp-json\/wp\/v2\/comments?post=40826"}],"version-history":[{"count":0,"href":"http:\/\/cordobadirecto.com\/index.php\/wp-json\/wp\/v2\/posts\/40826\/revisions"}],"wp:featuredmedia":[{"embeddable":true,"href":"http:\/\/cordobadirecto.com\/index.php\/wp-json\/wp\/v2\/media\/40827"}],"wp:attachment":[{"href":"http:\/\/cordobadirecto.com\/index.php\/wp-json\/wp\/v2\/media?parent=40826"}],"wp:term":[{"taxonomy":"category","embeddable":true,"href":"http:\/\/cordobadirecto.com\/index.php\/wp-json\/wp\/v2\/categories?post=40826"},{"taxonomy":"post_tag","embeddable":true,"href":"http:\/\/cordobadirecto.com\/index.php\/wp-json\/wp\/v2\/tags?post=40826"}],"curies":[{"name":"wp","href":"https:\/\/api.w.org\/{rel}","templated":true}]}}