{"id":40845,"date":"2022-01-24T21:30:13","date_gmt":"2022-01-24T21:30:13","guid":{"rendered":"https:\/\/puntoapunto.com.ar\/?p=320960"},"modified":"2022-01-24T21:30:13","modified_gmt":"2022-01-24T21:30:13","slug":"directivos-de-grupo-mabe-confirmaron-inversiones-en-alladio","status":"publish","type":"post","link":"http:\/\/cordobadirecto.com\/index.php\/2022\/01\/24\/directivos-de-grupo-mabe-confirmaron-inversiones-en-alladio\/","title":{"rendered":"Directivos de Grupo Mabe confirmaron inversiones en Alladio"},"content":{"rendered":"<div class=\"g g-146\">\n<div class=\"g-single a-410\"><a class=\"gofollow\" data-track=\"NDEwLDE0NiwxLDYw\" href=\"https:\/\/www.grupocanter.com.ar\/notas\/2022-de-proyeccion\/?utm_source=Punto%20a%20Punto&amp;utm_medium=Banner&amp;utm_campaign=Departamentos&amp;utm_term=Banner%20Pie%20de%20Nota\" target=\"_blank\" rel=\"noopener\"><img src=\"http:\/\/cordobadirecto.com\/wp-content\/uploads\/2022\/01\/directivos-de-grupo-mabe-confirmaron-inversiones-en-alladio.gif\"><\/a><\/div>\n<\/div>\n<p>El gobernador <b>Juan Schiaretti se reuni\u00f3 con el presidente ejecutivo y accionista de Mabe, Luis Berrondo. <\/b>All\u00ed&nbsp;anticiparon lo que ser\u00e1 un<strong> plan estrat\u00e9gico de inversi\u00f3n para ampliar la producci\u00f3n la compa\u00f1\u00eda.<\/strong><\/p>\n<p><strong><a href=\"https:\/\/puntoapunto.com.ar\/mabe-integra-a-alladio-nace-un-nuevo-player-de-los-electrodomesticos\/\" target=\"_blank\" rel=\"noopener\">Mabe<\/a> es la empresa l\u00edder en producci\u00f3n y comercializaci\u00f3n de electrodom\u00e9sticos de l\u00ednea blanca<\/strong> en el mercado mexicano con diferentes marcas. Recientemente <strong>adquirieron el 100% del paquete accionario de <a href=\"https:\/\/www.alladio.com.ar\/index.php\" target=\"_blank\" rel=\"noopener\">Jos\u00e9 M. Alladio e Hijos S.A<\/a><\/strong>, con lo cual pasa a operar<strong> cuatro plantas industriales en Argentina, tres de ellas en la provincia de C\u00f3rdoba:<\/strong> una planta de lavarropas en Luque, una planta de lavavajillas en Luque y una planta de lavarropas y secarropas en R\u00edo Segundo.<\/p>\n<p>Actualmente Mabe tiene <strong>presencia en m\u00e1s de 70 pa\u00edses,<\/strong> empleando a 25.000 colaboradores. Cuenta con 19 marcas produciendo 14 millones de productos anualmente. En Latinoam\u00e9rica, tiene<strong> 14 plantas industriales.<\/strong><\/p>\n<p>En el encuentro tambi\u00e9n participaron&nbsp;el ministro de Industria, Comercio y Miner\u00eda,<strong> Eduardo Accastello,<\/strong>&nbsp;el CEO de Mabe, <strong>Egil Larsson<\/strong>; el gerente general de Mabe Argentina; Guillermo Sanz; y el director de Jos\u00e9 M. Alladio e Hijos S.A. Marcos Alladio.<\/p>\n<blockquote class=\"twitter-tweet\" data-width=\"550\" data-dnt=\"true\" readability=\"9.4647887323944\">\n<p lang=\"es\" dir=\"ltr\"><a href=\"https:\/\/twitter.com\/hashtag\/Ahora?src=hash&amp;ref_src=twsrc%5Etfw\">#Ahora<\/a> El gobernador <a href=\"https:\/\/twitter.com\/JSchiaretti?ref_src=twsrc%5Etfw\">@JSchiaretti<\/a> recibe a directivos del Grupo Mabe, principal productora de l\u00ednea blanca en Argentina, que adquiri\u00f3 el 100% del paquete accionario de Jos\u00e9 M. Alladio e Hijos S.A. <a href=\"https:\/\/t.co\/88sIUGGZOp\">pic.twitter.com\/88sIUGGZOp<\/a><\/p>\n<p>\u2014 Gobierno de C\u00f3rdoba (@gobdecordoba) <a href=\"https:\/\/twitter.com\/gobdecordoba\/status\/1485642180861571078?ref_src=twsrc%5Etfw\">January 24, 2022<\/a><\/p>\n<\/blockquote>\n<p>El ministro Accastello se refiri\u00f3 al encuentro que mantuvieron con los representantes de la empresa e indic\u00f3: \u00abaqu\u00ed han adquirido Alladio y <strong>en los pr\u00f3ximos 24 meses van a desarrollar una inversi\u00f3n significativa para ampliar la producci\u00f3n<\/strong> que tienen y para posicionarse en toda Am\u00e9rica Latina desde Luque, desde C\u00f3rdoba. Ha sido una buena noticia que se pueda desarrollar esta inversi\u00f3n que a\u00fan no est\u00e1 cuantificada porque ellos justamente vienen ahora a hacer el estudio correspondiente despu\u00e9s de haber realizado la adquisici\u00f3n\u00bb.<\/p>\n<p><strong>Luis Berrondo<\/strong>, presidente ejecutivo y <strong>accionista de Mabe,<\/strong> destac\u00f3 la presencia de la empresa en el pa\u00eds y afirm\u00f3: \u201cCreemos en Argentina con los programas de apoyo a la empresa que nos ofreci\u00f3 el gobernador Schiaretti<strong>, eso nos va a dar m\u00e1s tranquilidad y ganas de invertir<\/strong>\u201d.<\/p>\n<p>Al respecto, se explicit\u00f3 que Mabe acceder\u00e1 a&nbsp;<strong>los beneficios que plantea la Ley de Promoci\u00f3n Industrial por un per\u00edodo de 10 a\u00f1os al existir una nueva inversi\u00f3n<\/strong>. Es as\u00ed que se contemplan exenciones impositivas de la Provincia de C\u00f3rdoba, adem\u00e1s de beneficios como la<strong> reducci\u00f3n del 25% del costo de la energ\u00eda<\/strong> y un subsidio por cada empleo que se genere.<\/p>\n<p><strong>La compa\u00f1\u00eda se convirti\u00f3 en la principal fabricante de l\u00ednea blanca en Argentina con presencia desde finales de 1990<\/strong>, produciendo y comercializando los productos Patrick en su planta de la ciudad de San Luis.<\/p>\n<p>La empresa est\u00e1 evaluando la posibilidad de desarrollar un proyecto de fabricaci\u00f3n de cocci\u00f3n, para consolidar los liderazgos que ya posee en los negocios de lavado y refrigeraci\u00f3n. La firma pasar\u00e1 a llamarse <strong>Mabe Argentina<\/strong>, cuando concluya el proceso de fusi\u00f3n entre Kronen Internacional S.A., la empresa local que ya pose\u00eda Mabe en Argentina que produce las heladeras Patrick, y Jos\u00e9 M. Alladio e Hijos S.A.<\/p>\n","protected":false},"excerpt":{"rendered":"<p>El gobernador Juan Schiaretti se reuni\u00f3 con el presidente ejecutivo y accionista de Mabe, Luis Berrondo. All\u00ed&nbsp;anticiparon lo que ser\u00e1 un plan estrat\u00e9gico de inversi\u00f3n para ampliar la producci\u00f3n la compa\u00f1\u00eda. Mabe es la empresa l\u00edder en producci\u00f3n y comercializaci\u00f3n de electrodom\u00e9sticos de l\u00ednea blanca en el mercado mexicano con diferentes marcas. Recientemente adquirieron el [&hellip;]<\/p>\n","protected":false},"author":1,"featured_media":40846,"comment_status":"closed","ping_status":"closed","sticky":false,"template":"","format":"standard","meta":[],"categories":[25],"tags":[],"_links":{"self":[{"href":"http:\/\/cordobadirecto.com\/index.php\/wp-json\/wp\/v2\/posts\/40845"}],"collection":[{"href":"http:\/\/cordobadirecto.com\/index.php\/wp-json\/wp\/v2\/posts"}],"about":[{"href":"http:\/\/cordobadirecto.com\/index.php\/wp-json\/wp\/v2\/types\/post"}],"author":[{"embeddable":true,"href":"http:\/\/cordobadirecto.com\/index.php\/wp-json\/wp\/v2\/users\/1"}],"replies":[{"embeddable":true,"href":"http:\/\/cordobadirecto.com\/index.php\/wp-json\/wp\/v2\/comments?post=40845"}],"version-history":[{"count":0,"href":"http:\/\/cordobadirecto.com\/index.php\/wp-json\/wp\/v2\/posts\/40845\/revisions"}],"wp:featuredmedia":[{"embeddable":true,"href":"http:\/\/cordobadirecto.com\/index.php\/wp-json\/wp\/v2\/media\/40846"}],"wp:attachment":[{"href":"http:\/\/cordobadirecto.com\/index.php\/wp-json\/wp\/v2\/media?parent=40845"}],"wp:term":[{"taxonomy":"category","embeddable":true,"href":"http:\/\/cordobadirecto.com\/index.php\/wp-json\/wp\/v2\/categories?post=40845"},{"taxonomy":"post_tag","embeddable":true,"href":"http:\/\/cordobadirecto.com\/index.php\/wp-json\/wp\/v2\/tags?post=40845"}],"curies":[{"name":"wp","href":"https:\/\/api.w.org\/{rel}","templated":true}]}}