{"id":40849,"date":"2022-01-24T21:29:00","date_gmt":"2022-01-24T21:29:00","guid":{"rendered":"http:\/\/cordobadirecto.com\/index.php\/2022\/01\/24\/alemania-un-joven-mato-a-una-mujer-hirio-a-tres-personas-y-se-suicido-en-una-universidad\/"},"modified":"2022-01-24T21:29:00","modified_gmt":"2022-01-24T21:29:00","slug":"alemania-un-joven-mato-a-una-mujer-hirio-a-tres-personas-y-se-suicido-en-una-universidad","status":"publish","type":"post","link":"http:\/\/cordobadirecto.com\/index.php\/2022\/01\/24\/alemania-un-joven-mato-a-una-mujer-hirio-a-tres-personas-y-se-suicido-en-una-universidad\/","title":{"rendered":"Alemania: un joven mat\u00f3 a una mujer, hiri\u00f3 a tres personas y se suicid\u00f3 en una universidad"},"content":{"rendered":"<figure class=\"mb-3\"><img loading=\"lazy\" src=\"http:\/\/cordobadirecto.com\/wp-content\/uploads\/2022\/01\/alemania-un-joven-mato-a-una-mujer-hirio-a-tres-personas-y-se-suicido-en-una-universidad.jpg\" width=\"100%\" height=\"100%\" alt=\"El hecho ocurri en la universidad alemana de Heildelberg\"><figcaption> El hecho ocurri\u00f3 en la universidad alemana de Heildelberg. <\/figcaption><\/figure>\n<p>Un <strong>hombre armado<\/strong> de nacionalidad alemana y 18 a\u00f1os de edad dispar\u00f3 este lunes durante un curso en un anfiteatro de la m\u00e1s antigua universidad alemana de <strong>Heildelberg<\/strong>, <strong>mat\u00f3 a una mujer e hiri\u00f3 a otras tres personas <\/strong>antes de <strong>suicidarse<\/strong>, en un hecho que al parecer no tuvo motivaciones pol\u00edticas ni religiosas, inform\u00f3 una fuente de seguridad.<\/p>\n<p>La polic\u00eda alemana indic\u00f3 al principio que cuatro personas resultaron heridas por un individuo que dispar\u00f3 y luego se suicid\u00f3, pero una de las v\u00edctimas muri\u00f3 a causa de sus heridas en el hospital, seg\u00fan la misma fuente.<\/p>\n<p>Seg\u00fan el portavoz de la polic\u00eda local de la ciudad cercana de Mannheim (suroeste del pa\u00eds), Stefan Wilhelm, el joven hab\u00eda enviado un mensaje de WhatsApp antes de ingresar al campus de la universidad en el que dec\u00eda que &#8220;<strong>la gente tiene que ser castigada ahora&#8221; y anunciaba su deseo de ser sepultado en el mar.<\/strong><\/p>\n<h2 class>C\u00f3mo sucedieron los hechos<\/h2>\n<p>El ataque ocurri\u00f3 poco despu\u00e9s de mediod\u00eda cuando un hombre ingres\u00f3 con un &#8220;arma larga&#8221; a un anfiteatro del campus de Neuenheimer Feld, donde se daba un curso, y dispar\u00f3, aparentemente sin objetivo, cont\u00f3 a la agencia de noticias AFP el portavoz de la polic\u00eda local de Mannheim, Stefan Wilhelm.<\/p>\n<blockquote class=\"twitter-tweet\" readability=\"4.8333333333333\">\n<p lang=\"en\" dir=\"ltr\">One person was killed and three others were injured after an 18-year-old biology student opened fire in a lecture hall of the University of Heidelberg. <a href=\"https:\/\/t.co\/U8gxDB6JwT\">pic.twitter.com\/U8gxDB6JwT<\/a><\/p>\n<p>\u2014 DW News (@dwnews) <a href=\"https:\/\/twitter.com\/dwnews\/status\/1485709544906969097?ref_src=twsrc%5Etfw\">January 24, 2022<\/a><\/p><\/blockquote>\n<p>Cuatro personas fueron impactadas por las balas, entre ellas la joven que muri\u00f3 m\u00e1s tarde en el hospital.<\/p>\n<p>El autor del ataque se dirigi\u00f3 luego hacia el exterior del edificio y &#8220;se suicid\u00f3&#8221;, a\u00f1adi\u00f3 la polic\u00eda.<\/p>\n<p>Los investigadores suponen que hubo un solo atacante, por lo que indicaron que &#8220;ya no hay una situaci\u00f3n de peligro&#8221;.<\/p>\n<p>La polic\u00eda inform\u00f3 que &#8220;no ten\u00eda conocimiento de ninguna carta de reivindicaci\u00f3n&#8221;, al tiempo que pidi\u00f3 a la poblaci\u00f3n que evitara las especulaciones.<\/p>\n<p>El canciller alem\u00e1n <strong>Olaf Scholz<\/strong> expres\u00f3 su consternaci\u00f3n por el episodio durante una rueda de prensa en Berl\u00edn, donde se\u00f1al\u00f3 que la noticia del ataque le &#8220;rompi\u00f3 el coraz\u00f3n&#8221; y transmiti\u00f3 sus condolencias a las familias de la mujer fallecida y de los tres heridos: &#8220;Mis pensamientos est\u00e1n con las v\u00edctimas, sus familiares y, por supuesto, los estudiantes de la Universidad de Heidelberg&#8221;.<\/p>\n<figure class=\"mb-3\"><img loading=\"lazy\" src=\"http:\/\/cordobadirecto.com\/wp-content\/uploads\/2022\/01\/alemania-un-joven-mato-a-una-mujer-hirio-a-tres-personas-y-se-suicido-en-una-universidad-1.jpg\" width=\"100%\" height=\"100%\" alt=\"El canciller alemn Olaf Scholz expres su consternacin por el episodio\"><figcaption> El canciller alem\u00e1n Olaf Scholz expres\u00f3 su consternaci\u00f3n por el episodio. <\/figcaption><\/figure>\n<p>En el mismo sentido se pronunci\u00f3 el ministro de Justicia, <strong>Marco Buschmann<\/strong>, quien poste\u00f3 desde su cuenta de Twitter: &#8220;Mis pensamientos para las v\u00edctimas y a las personas en el lugar. Gracias a las fuerzas de intervenci\u00f3n por su servicio&#8221;.<\/p>\n<p>La Universidad de Heidelberg envi\u00f3 un correo electr\u00f3nico a sus estudiantes pidi\u00e9ndoles que no acudieran al campus del barrio de Neuenheimer Feld, inform\u00f3 la emisora p\u00fablica S\u00fcdwestrundfunk (SWR).<\/p>\n<p>El tiroteo gener\u00f3 una gran operativo policial y las autoridades instaron a la poblaci\u00f3n a despejar el \u00e1rea para permitir el trabajo de los rescatistas y los servicios de emergencia.<\/p>\n<p>El campus, situado en la orilla norte del r\u00edo Neckar, alberga facultades de ciencias naturales, departamentos del hospital universitario y el jard\u00edn bot\u00e1nico.<\/p>\n<figure class=\"mb-3\"><img loading=\"lazy\" src=\"http:\/\/cordobadirecto.com\/wp-content\/uploads\/2022\/01\/alemania-un-joven-mato-a-una-mujer-hirio-a-tres-personas-y-se-suicido-en-una-universidad-2.jpg\" width=\"100%\" height=\"100%\" alt=\"Un joven mat a una mujer hiri a tres personas y se suicid en la universidad alemana de Heildelberg\"><figcaption> Un joven mat\u00f3 a una mujer, hiri\u00f3 a tres personas y se suicid\u00f3 en la universidad alemana de Heildelberg. <\/figcaption><\/figure>\n<p>Esta universidad, fundada en 1386, es la m\u00e1s antigua de Alemania y es una escuela estatal, con una amplia gama de estudios, desde humanidades hasta medicina y est\u00e1 situada en Baden-W\u00fcrttemberg, entre Stuttgart y Frankfurt.<\/p>\n<p>El lema de la universidad es &#8220;Semper apertus&#8221; (&#8220;Siempre abierta&#8221;) y la instituci\u00f3n se compromete a trabajar con un esp\u00edritu de apertura y tolerancia.<\/p>\n<p>La legislaci\u00f3n alemana sobre la posesi\u00f3n de armas de fuego se hizo m\u00e1s estricta luego de dos ataques contra escuelas en la ciudad de Erfurt en abril de 2002, y en la localidad de Winnenden, en marzo de 2009.<\/p>\n<p>Las armas utilizadas en ambos casos hab\u00edan sido declaradas previamente.<\/p>\n<p>Alemania cuenta ahora con una de las legislaciones m\u00e1s estrictas de Europa en materia de tenencia de armas, una normativa que exige a los menores de 25 a\u00f1os a someterse a un examen psiqui\u00e1trico antes de solicitar un permiso de posesi\u00f3n.<\/p>\n<p>En 2016, nueve personas fueron asesinadas por David Ali Sonboly que abri\u00f3 fuego en un centro comercial de M\u00fanich. Otras 35 personas resultaron heridas en ese episodio, que comenz\u00f3 en un local de comidas McDonald&#8217;s y termin\u00f3 cuando el atacante us\u00f3 su pistola Glock de 9 mil\u00edmetros para suicidarse.<\/p>\n<p>El atentado de M\u00fanich desat\u00f3 un intenso debate en el pa\u00eds sobre la conveniencia de volver a endurecer la legislaci\u00f3n. <\/p>\n","protected":false},"excerpt":{"rendered":"<p>El hecho ocurri\u00f3 en la universidad alemana de Heildelberg. Un hombre armado de nacionalidad alemana y 18 a\u00f1os de edad dispar\u00f3 este lunes durante un curso en un anfiteatro de la m\u00e1s antigua universidad alemana de Heildelberg, mat\u00f3 a una mujer e hiri\u00f3 a otras tres personas antes de suicidarse, en un hecho que al [&hellip;]<\/p>\n","protected":false},"author":1,"featured_media":40850,"comment_status":"closed","ping_status":"closed","sticky":false,"template":"","format":"standard","meta":[],"categories":[24],"tags":[],"_links":{"self":[{"href":"http:\/\/cordobadirecto.com\/index.php\/wp-json\/wp\/v2\/posts\/40849"}],"collection":[{"href":"http:\/\/cordobadirecto.com\/index.php\/wp-json\/wp\/v2\/posts"}],"about":[{"href":"http:\/\/cordobadirecto.com\/index.php\/wp-json\/wp\/v2\/types\/post"}],"author":[{"embeddable":true,"href":"http:\/\/cordobadirecto.com\/index.php\/wp-json\/wp\/v2\/users\/1"}],"replies":[{"embeddable":true,"href":"http:\/\/cordobadirecto.com\/index.php\/wp-json\/wp\/v2\/comments?post=40849"}],"version-history":[{"count":0,"href":"http:\/\/cordobadirecto.com\/index.php\/wp-json\/wp\/v2\/posts\/40849\/revisions"}],"wp:featuredmedia":[{"embeddable":true,"href":"http:\/\/cordobadirecto.com\/index.php\/wp-json\/wp\/v2\/media\/40850"}],"wp:attachment":[{"href":"http:\/\/cordobadirecto.com\/index.php\/wp-json\/wp\/v2\/media?parent=40849"}],"wp:term":[{"taxonomy":"category","embeddable":true,"href":"http:\/\/cordobadirecto.com\/index.php\/wp-json\/wp\/v2\/categories?post=40849"},{"taxonomy":"post_tag","embeddable":true,"href":"http:\/\/cordobadirecto.com\/index.php\/wp-json\/wp\/v2\/tags?post=40849"}],"curies":[{"name":"wp","href":"https:\/\/api.w.org\/{rel}","templated":true}]}}