{"id":40851,"date":"2022-01-24T21:22:00","date_gmt":"2022-01-24T21:22:00","guid":{"rendered":"http:\/\/cordobadirecto.com\/index.php\/2022\/01\/24\/funcionarios-de-ucrania-y-de-rusia-se-reuniran-el-miercoles-para-intentar-bajar-la-tension\/"},"modified":"2022-01-24T21:22:00","modified_gmt":"2022-01-24T21:22:00","slug":"funcionarios-de-ucrania-y-de-rusia-se-reuniran-el-miercoles-para-intentar-bajar-la-tension","status":"publish","type":"post","link":"http:\/\/cordobadirecto.com\/index.php\/2022\/01\/24\/funcionarios-de-ucrania-y-de-rusia-se-reuniran-el-miercoles-para-intentar-bajar-la-tension\/","title":{"rendered":"Funcionarios de Ucrania y de Rusia se reunir\u00e1n el mi\u00e9rcoles para intentar bajar la tensi\u00f3n"},"content":{"rendered":"<figure class=\"mb-3\"><img loading=\"lazy\" src=\"http:\/\/cordobadirecto.com\/wp-content\/uploads\/2022\/01\/funcionarios-de-ucrania-y-de-rusia-se-reuniran-el-miercoles-para-intentar-bajar-la-tension.jpg\" width=\"100%\" height=\"100%\" alt=\"El conflicto entre ambos pases mantiene en vilo a toda Europa\"><figcaption> El conflicto entre ambos pa\u00edses mantiene en vilo a toda Europa. <\/figcaption><\/figure>\n<p>Funcionarios diplom\u00e1ticos de Ucrania y Rusia se reunir\u00e1n este mi\u00e9rcoles en Par\u00eds junto a representantes de Alemania y Francia con el fin de moderar el conflicto entre los dos primeros, anunci\u00f3 hoy una fuente oficial francesa.<\/p>\n<p>Paralelamente, el presidente de Francia, Emmanuel Macron, propondr\u00e1 \u201cuna senda de desescalada\u201d a su colega de Rusia, Vladimir Putin, en una conversaci\u00f3n que mantendr\u00e1n \u201cen los pr\u00f3ximos d\u00edas\u201d, afirm\u00f3 un asesor del mandatario franc\u00e9s.<\/p>\n<p>&#8220;Estamos preocupados y tambi\u00e9n ponemos bastante cuidado para no crear ambig\u00fcedad ni m\u00e1s volatilidad&#8221;, explic\u00f3 el vocero, que no fue identificado, seg\u00fan la agencia de noticias AFP.<\/p>\n<p><strong>La guerra en el este de Ucrania, que dej\u00f3 m\u00e1s de 13.000 muertos, se origin\u00f3 en 2014<\/strong>, a partir de un estallido prooccidental en Kiev y la anexi\u00f3n de la pen\u00ednsula ucraniana de Crimea por parte de Mosc\u00fa.<\/p>\n<p>Francia avanz\u00f3 en otras propuestas para favorecer la confianza entre Ucrania y Rusia, tales como el intercambio de prisioneros y la apertura de los puestos de control en manos de separatistas ucranianos prorrusos.<\/p>\n<p>En ese contexto, el vocero del Departamento de Estado de Estados Unidos , Ned Price, afirm\u00f3 que su gobierno no tiene \u201cninguna divergencia\u201d con sus socios europeos pero que cree que Rusia \u201cno tiene actualmente la intenci\u00f3n de una desescalada\u201d. <\/p>\n","protected":false},"excerpt":{"rendered":"<p>El conflicto entre ambos pa\u00edses mantiene en vilo a toda Europa. Funcionarios diplom\u00e1ticos de Ucrania y Rusia se reunir\u00e1n este mi\u00e9rcoles en Par\u00eds junto a representantes de Alemania y Francia con el fin de moderar el conflicto entre los dos primeros, anunci\u00f3 hoy una fuente oficial francesa. Paralelamente, el presidente de Francia, Emmanuel Macron, propondr\u00e1 [&hellip;]<\/p>\n","protected":false},"author":1,"featured_media":40852,"comment_status":"closed","ping_status":"closed","sticky":false,"template":"","format":"standard","meta":[],"categories":[24],"tags":[],"_links":{"self":[{"href":"http:\/\/cordobadirecto.com\/index.php\/wp-json\/wp\/v2\/posts\/40851"}],"collection":[{"href":"http:\/\/cordobadirecto.com\/index.php\/wp-json\/wp\/v2\/posts"}],"about":[{"href":"http:\/\/cordobadirecto.com\/index.php\/wp-json\/wp\/v2\/types\/post"}],"author":[{"embeddable":true,"href":"http:\/\/cordobadirecto.com\/index.php\/wp-json\/wp\/v2\/users\/1"}],"replies":[{"embeddable":true,"href":"http:\/\/cordobadirecto.com\/index.php\/wp-json\/wp\/v2\/comments?post=40851"}],"version-history":[{"count":0,"href":"http:\/\/cordobadirecto.com\/index.php\/wp-json\/wp\/v2\/posts\/40851\/revisions"}],"wp:featuredmedia":[{"embeddable":true,"href":"http:\/\/cordobadirecto.com\/index.php\/wp-json\/wp\/v2\/media\/40852"}],"wp:attachment":[{"href":"http:\/\/cordobadirecto.com\/index.php\/wp-json\/wp\/v2\/media?parent=40851"}],"wp:term":[{"taxonomy":"category","embeddable":true,"href":"http:\/\/cordobadirecto.com\/index.php\/wp-json\/wp\/v2\/categories?post=40851"},{"taxonomy":"post_tag","embeddable":true,"href":"http:\/\/cordobadirecto.com\/index.php\/wp-json\/wp\/v2\/tags?post=40851"}],"curies":[{"name":"wp","href":"https:\/\/api.w.org\/{rel}","templated":true}]}}