{"id":40996,"date":"2022-01-25T15:04:01","date_gmt":"2022-01-25T15:04:01","guid":{"rendered":"http:\/\/cordobadirecto.com\/index.php\/2022\/01\/25\/emotiva-velada-en-el-festival-de-cosquin-con-el-chaqueno-palavecino-y-los-carabajal\/"},"modified":"2022-01-25T15:04:01","modified_gmt":"2022-01-25T15:04:01","slug":"emotiva-velada-en-el-festival-de-cosquin-con-el-chaqueno-palavecino-y-los-carabajal","status":"publish","type":"post","link":"http:\/\/cordobadirecto.com\/index.php\/2022\/01\/25\/emotiva-velada-en-el-festival-de-cosquin-con-el-chaqueno-palavecino-y-los-carabajal\/","title":{"rendered":"Emotiva velada en el Festival de Cosqu\u00edn con el Chaque\u00f1o Palavecino y Los Carabajal"},"content":{"rendered":"<figure class=\"mb-3\"><img loading=\"lazy\" src=\"http:\/\/cordobadirecto.com\/wp-content\/uploads\/2022\/01\/emotiva-velada-en-el-festival-de-cosquin-con-el-chaqueno-palavecino-y-los-carabajal.jpg\" width=\"100%\" height=\"100%\" alt=\"El Chaqueo Palavecino cerr la tercera noche de la 62 edicin del Festival Nacional de Folklore de Cosqun con un show muy emotivo Foto Lescano\"><figcaption> El Chaque\u00f1o Palavecino cerr\u00f3 la tercera noche de la 62\u00b0 edici\u00f3n del Festival Nacional de Folklore de Cosqu\u00edn con un show muy emotivo. Foto: Lescano. <\/figcaption><\/figure>\n<p>El Chaque\u00f1o Palavecino cerr\u00f3 la tercera noche de la 62\u00b0 edici\u00f3n del Festival Nacional de Folklore de Cosqu\u00edn con un show muy emotivo, que lleg\u00f3 despu\u00e9s de otro momento cumbre como la presentaci\u00f3n de Los Carabajal, quienes fueron premiados con el Camin a la trayectoria.<\/p>\n<p><strong>La presentaci\u00f3n del Chaque\u00f1o Palavecino<\/strong>, que realiz\u00f3 un recorrido por sus m\u00e1s importantes \u00e9xitos, tuvo tintes muy emotivos, con el p\u00fablico que no se quiso sentar en sus butacas y acompa\u00f1\u00f3 de pie cada tema del reconocido cantante.<\/p>\n<p>Ese ida y vuelta que tiene el artista con sus fan\u00e1ticos se destac\u00f3 en la templada \u2018luna cosco\u00edna\u2019, en la que el Anfiteatro Jos\u00e9 Hern\u00e1ndez luci\u00f3 repleto, con p\u00fablico que lleg\u00f3 desde todos los puntos del pa\u00eds, tal como lo marcaban los carteles que levantaban en cada oportunidad.<\/p>\n<p><strong>Los Carabajal<\/strong>, por su parte, luego de una excelente presentaci\u00f3n, recibieron de la Comisi\u00f3n Municipal de Folklore el Premio Camin a la trayectoria.<\/p>\n<figure class=\"mb-3\"><img loading=\"lazy\" src=\"http:\/\/cordobadirecto.com\/wp-content\/uploads\/2022\/01\/emotiva-velada-en-el-festival-de-cosquin-con-el-chaqueno-palavecino-y-los-carabajal-1.jpg\" width=\"100%\" height=\"100%\" alt=\"Los Carabajal por su parte luego de una excelente presentacin recibieron de la Comisin Municipal de Folklore el Premio Camin a la trayectoria\"><figcaption> Los Carabajal, por su parte, luego de una excelente presentaci\u00f3n, recibieron de la Comisi\u00f3n Municipal de Folklore el Premio Camin a la trayectoria. <\/figcaption><\/figure>\n<p>Previamente pasaron por el escenario Atahualpa Yupanqui Los Nombradores del Alba con Facundo Toro, Nacho y Daniel; Adri\u00e1n Maggi y el canto surero; Marit\u00e9 Berbel, quien tambi\u00e9n recibi\u00f3 el Camin a la trayectoria; Por siempre Tucu, con el C\u00f3ndor Sbarbati como invitado especial, y Los 4 de C\u00f3rdoba, que abrieron la velada.<\/p>\n<p>Durante la noche de este martes, en la cuarta luna, <strong>el cierre estar\u00e1 a cargo de Abel Pintos<\/strong>, que subir\u00e1 luego de una grilla que se conforma con V\u00edctor Heredia, Luc\u00eda Ceresani, Nahuel Pennsi y Fabricio Rodr\u00edguez. <\/p>\n","protected":false},"excerpt":{"rendered":"<p>El Chaque\u00f1o Palavecino cerr\u00f3 la tercera noche de la 62\u00b0 edici\u00f3n del Festival Nacional de Folklore de Cosqu\u00edn con un show muy emotivo. Foto: Lescano. El Chaque\u00f1o Palavecino cerr\u00f3 la tercera noche de la 62\u00b0 edici\u00f3n del Festival Nacional de Folklore de Cosqu\u00edn con un show muy emotivo, que lleg\u00f3 despu\u00e9s de otro momento cumbre [&hellip;]<\/p>\n","protected":false},"author":1,"featured_media":40997,"comment_status":"closed","ping_status":"closed","sticky":false,"template":"","format":"standard","meta":[],"categories":[20],"tags":[],"_links":{"self":[{"href":"http:\/\/cordobadirecto.com\/index.php\/wp-json\/wp\/v2\/posts\/40996"}],"collection":[{"href":"http:\/\/cordobadirecto.com\/index.php\/wp-json\/wp\/v2\/posts"}],"about":[{"href":"http:\/\/cordobadirecto.com\/index.php\/wp-json\/wp\/v2\/types\/post"}],"author":[{"embeddable":true,"href":"http:\/\/cordobadirecto.com\/index.php\/wp-json\/wp\/v2\/users\/1"}],"replies":[{"embeddable":true,"href":"http:\/\/cordobadirecto.com\/index.php\/wp-json\/wp\/v2\/comments?post=40996"}],"version-history":[{"count":0,"href":"http:\/\/cordobadirecto.com\/index.php\/wp-json\/wp\/v2\/posts\/40996\/revisions"}],"wp:featuredmedia":[{"embeddable":true,"href":"http:\/\/cordobadirecto.com\/index.php\/wp-json\/wp\/v2\/media\/40997"}],"wp:attachment":[{"href":"http:\/\/cordobadirecto.com\/index.php\/wp-json\/wp\/v2\/media?parent=40996"}],"wp:term":[{"taxonomy":"category","embeddable":true,"href":"http:\/\/cordobadirecto.com\/index.php\/wp-json\/wp\/v2\/categories?post=40996"},{"taxonomy":"post_tag","embeddable":true,"href":"http:\/\/cordobadirecto.com\/index.php\/wp-json\/wp\/v2\/tags?post=40996"}],"curies":[{"name":"wp","href":"https:\/\/api.w.org\/{rel}","templated":true}]}}