{"id":41003,"date":"2022-01-25T15:04:14","date_gmt":"2022-01-25T15:04:14","guid":{"rendered":"https:\/\/www.ole.com.ar\/futbol-ascenso\/primera-nacional_0_SMLGor5edx.html"},"modified":"2022-01-25T15:04:14","modified_gmt":"2022-01-25T15:04:14","slug":"los-refuerzos-de-jerarquia-del-nacional","status":"publish","type":"post","link":"http:\/\/cordobadirecto.com\/index.php\/2022\/01\/25\/los-refuerzos-de-jerarquia-del-nacional\/","title":{"rendered":"Los refuerzos de jerarqu\u00eda del Nacional"},"content":{"rendered":"<p>Las expectativas est\u00e1n a la orden del d\u00eda. Y no es para menos. A pocas semanas para el inicio de la Primera Nacional, los 37 equipos de la categor\u00eda contin\u00faan buscando ponerse a punto para comenzar de la mejor manera el pr\u00f3ximo campeonato. En un 2022 que promete ser atrapante, cada dirigencia va realizando sus propios movimientos para incorporar y darle forma a sus planteles. Algunas debieron ingeni\u00e1rselas al momento de negociar, otras dieron la sorpresa y rompieron con un mercado de que se transform\u00f3 de Primera. S\u00ed, porque la segunda divisi\u00f3n del f\u00fatbol argentino contar\u00e1 con varios futbolistas de experiencia y trayectoria que la jerarquizar\u00e1n. \u00a1Bienvenidos!<\/p>\n<h2><strong>Belluschi, el hombre top<\/strong><\/h2>\n<div class=\"sp__Normal\">\n<div class=\"image-embeb image-trigger\" readability=\"7\">\n<picture><source media=\"(min-width: 720px)\" srcset=\"http:\/\/cordobadirecto.com\/wp-content\/uploads\/2022\/01\/los-refuerzos-de-jerarquia-del-nacional.jpg\"><img itemprop=\"image\" src=\"http:\/\/cordobadirecto.com\/wp-content\/uploads\/2022\/01\/los-refuerzos-de-jerarquia-del-nacional.jpg\" loading=\"lazy\" alt=\"Qued\u00f3 libre de \u00d1uls a los 38 a\u00f1os y Estudiantes de R\u00edo Cuarto lo tent\u00f3. Tiene pasado en Porto, River y Genoa. (Prensa NOB).\">\n<\/picture><figcaption readability=\"4\">\n<p>Qued\u00f3 libre de \u00d1uls a los 38 a\u00f1os y Estudiantes de R\u00edo Cuarto lo tent\u00f3. Tiene pasado en Porto, River y Genoa. (Prensa NOB).\n<\/p>\n<\/figcaption><\/div>\n<\/div>\n<p>Lejos de lo que suced\u00eda hasta hace unos a\u00f1os, donde los jugadores buscaban evitar bajar al Nacional, hoy se perdi\u00f3 el miedo. \u00bfLos motivos? Es una liga que creci\u00f3 en competitividad, en calidad de juego y tambi\u00e9n en visibilidad, tal como ocurri\u00f3 con la final del \u00faltimo primer ascenso en la que se impuso Tigre o la recordada definici\u00f3n del Reducido entre Barracas Central y Quilmes, con m\u00e1s de 30 mil personas en cancha de Racing.<\/p>\n<h2><strong>Fritzler, rumbo a Carlos Casares<\/strong><\/h2>\n<div class=\"sp__Normal\">\n<div class=\"image-embeb image-trigger\" readability=\"8\">\n<picture><source media=\"(min-width: 720px)\" srcset=\"http:\/\/cordobadirecto.com\/wp-content\/uploads\/2022\/01\/los-refuerzos-de-jerarquia-del-nacional-1.jpg\"><img itemprop=\"image\" src=\"http:\/\/cordobadirecto.com\/wp-content\/uploads\/2022\/01\/los-refuerzos-de-jerarquia-del-nacional-1.jpg\" loading=\"lazy\" alt=\"Con 35 pirulos, el volante arrib\u00f3 a Agropecuario tras su paso por Danubio de Uruguay. Jug\u00f3 en H\u00e9rcules, Lan\u00fas, Col\u00f3n y Hurac\u00e1n.\">\n<\/picture><figcaption readability=\"6\">\n<p>Con 35 pirulos, el volante arrib\u00f3 a Agropecuario tras su paso por Danubio de Uruguay. Jug\u00f3 en H\u00e9rcules, Lan\u00fas, Col\u00f3n y Hurac\u00e1n.\n<\/p>\n<\/figcaption><\/div>\n<\/div>\n<p>Chacarita fue el primero rompi\u00f3 con el mercado de verano con dos jugadores de peso: Facundo Parra y Hern\u00e1n Fredes. Luego sigui\u00f3 San Mart\u00edn de San Juan confirmando el arribo de Jonathan Botinelli, defensor que jug\u00f3 en la Sampdoria de Italia y en San Lorenzo y River. Poco m\u00e1s tarde, Agropecuario pos\u00f3 los ojos en Mat\u00edas Fritzler, volante central con pasado con el f\u00fatbol de Espa\u00f1a y Turqu\u00eda, y campe\u00f3n en 2007 con Lan\u00fas. En la lista no puede falta Cuqui M\u00e1rquez, delantero de buenas \u00faltimas temporadas en Defensa y Uni\u00f3n, que arrib\u00f3 a Ferro. Y al tope se encuentra Fernando Belluschi, el refuerzo de elite que se asegur\u00f3 Estudiantes de R\u00edo Cuarto.<\/p>\n<h2><strong>Bottinelli se fue a San Juan<\/strong><\/h2>\n<div class=\"sp__Normal\">\n<div class=\"image-embeb image-trigger\" readability=\"8\">\n<picture><source media=\"(min-width: 720px)\" srcset=\"http:\/\/cordobadirecto.com\/wp-content\/uploads\/2022\/01\/los-refuerzos-de-jerarquia-del-nacional-2.jpg\"><img itemprop=\"image\" src=\"http:\/\/cordobadirecto.com\/wp-content\/uploads\/2022\/01\/los-refuerzos-de-jerarquia-del-nacional-2.jpg\" loading=\"lazy\" alt=\"Se puso la camiseta de dos grandes (River y CASLA), Sampdoria y la U Cat\u00f3lica, entre otros. A los 37, lleg\u00f3 a San Mart\u00edn SJ.\">\n<\/picture><figcaption readability=\"6\">\n<p>Se puso la camiseta de dos grandes (River y CASLA), Sampdoria y la U Cat\u00f3lica, entre otros. A los 37, lleg\u00f3 a San Mart\u00edn SJ.\n<\/p>\n<\/figcaption><\/div>\n<\/div>\n<p>Otros, quiz\u00e1 por menos reconocimiento en la Liga Profesional, decidieron volver a una categor\u00eda que dieron mucho con el objetivo de recuperar el nivel y pegar otra vez el salto. \u00bfQui\u00e9nes? Cristian Ch\u00e1vez renov\u00f3 su pr\u00e9stamo en Almirante Brown; Patricio Cucchi (fue goleador en la temporada 2018\/19 en Gimnasia de Mendoza) y Nicol\u00e1s Mazzola llegaron a Instituto, Sebasti\u00e1n Penco (logr\u00f3 tres ascensos) a SMSJ, Iv\u00e1n Colman (brill\u00f3 en el Argentinos de Heinze) a Quilmes y Nicol\u00e1s Miracco (goleador en Sarmiento) a Nueva Chicago.<\/p>\n<h2><strong>Parra y Fredes, a Chacarita<\/strong><\/h2>\n<div class=\"sp__Normal\">\n<div class=\"image-embeb image-trigger\" readability=\"7.5\">\n<picture><source media=\"(min-width: 720px)\" srcset=\"http:\/\/cordobadirecto.com\/wp-content\/uploads\/2022\/01\/los-refuerzos-de-jerarquia-del-nacional-3.jpg\"><img itemprop=\"image\" src=\"http:\/\/cordobadirecto.com\/wp-content\/uploads\/2022\/01\/los-refuerzos-de-jerarquia-del-nacional-3.jpg\" loading=\"lazy\" alt=\"Los amigos, ambos campeones de la Sudamericana con Independiente, decidieron ir a San Mart\u00edn. (@Facuparra)\">\n<\/picture><figcaption readability=\"5\">\n<p>Los amigos, ambos campeones de la Sudamericana con Independiente, decidieron ir a San Mart\u00edn. (@Facuparra)\n<\/p>\n<\/figcaption><\/div>\n<\/div>\n<p>Ojo, el mercado todav\u00eda no cerr\u00f3 y puede haber otras sorpresas. La Primera Nacional se prepara con todo.<\/p>\n<h2><strong>M\u00e1rquez arrib\u00f3 a Ferro<\/strong><\/h2>\n<div class=\"sp__Normal\">\n<div class=\"image-embeb image-trigger\" readability=\"7\">\n<picture><source media=\"(min-width: 720px)\" srcset=\"http:\/\/cordobadirecto.com\/wp-content\/uploads\/2022\/01\/los-refuerzos-de-jerarquia-del-nacional-4.jpg\"><img itemprop=\"image\" src=\"http:\/\/cordobadirecto.com\/wp-content\/uploads\/2022\/01\/los-refuerzos-de-jerarquia-del-nacional-4.jpg\" loading=\"lazy\" alt=\"De \u00faltimos buenos pasos por Defensa y Uni\u00f3n, Cuqui lleg\u00f3 a uno de los candidatos. (EFE\/Marcos Pin)\">\n<\/picture><figcaption readability=\"4\">\n<p>De \u00faltimos buenos pasos por Defensa y Uni\u00f3n, Cuqui lleg\u00f3 a uno de los candidatos. (EFE\/Marcos Pin)\n<\/p>\n<\/figcaption><\/div>\n<\/div>\n<div class=\"entry-tags\">\n<h2>TEMAS QUE APARECEN EN ESTA NOTA<\/h2>\n<\/p><\/div>\n","protected":false},"excerpt":{"rendered":"<p>Las expectativas est\u00e1n a la orden del d\u00eda. Y no es para menos. A pocas semanas para el inicio de la Primera Nacional, los 37 equipos de la categor\u00eda contin\u00faan buscando ponerse a punto para comenzar de la mejor manera el pr\u00f3ximo campeonato. En un 2022 que promete ser atrapante, cada dirigencia va realizando sus [&hellip;]<\/p>\n","protected":false},"author":1,"featured_media":41004,"comment_status":"closed","ping_status":"closed","sticky":false,"template":"","format":"standard","meta":[],"categories":[21],"tags":[],"_links":{"self":[{"href":"http:\/\/cordobadirecto.com\/index.php\/wp-json\/wp\/v2\/posts\/41003"}],"collection":[{"href":"http:\/\/cordobadirecto.com\/index.php\/wp-json\/wp\/v2\/posts"}],"about":[{"href":"http:\/\/cordobadirecto.com\/index.php\/wp-json\/wp\/v2\/types\/post"}],"author":[{"embeddable":true,"href":"http:\/\/cordobadirecto.com\/index.php\/wp-json\/wp\/v2\/users\/1"}],"replies":[{"embeddable":true,"href":"http:\/\/cordobadirecto.com\/index.php\/wp-json\/wp\/v2\/comments?post=41003"}],"version-history":[{"count":0,"href":"http:\/\/cordobadirecto.com\/index.php\/wp-json\/wp\/v2\/posts\/41003\/revisions"}],"wp:featuredmedia":[{"embeddable":true,"href":"http:\/\/cordobadirecto.com\/index.php\/wp-json\/wp\/v2\/media\/41004"}],"wp:attachment":[{"href":"http:\/\/cordobadirecto.com\/index.php\/wp-json\/wp\/v2\/media?parent=41003"}],"wp:term":[{"taxonomy":"category","embeddable":true,"href":"http:\/\/cordobadirecto.com\/index.php\/wp-json\/wp\/v2\/categories?post=41003"},{"taxonomy":"post_tag","embeddable":true,"href":"http:\/\/cordobadirecto.com\/index.php\/wp-json\/wp\/v2\/tags?post=41003"}],"curies":[{"name":"wp","href":"https:\/\/api.w.org\/{rel}","templated":true}]}}