{"id":41021,"date":"2022-01-25T16:56:00","date_gmt":"2022-01-25T16:56:00","guid":{"rendered":"http:\/\/cordobadirecto.com\/index.php\/2022\/01\/25\/la-onu-pidio-la-liberacion-inmediata-del-presidente-de-burkina-faso\/"},"modified":"2022-01-25T16:56:00","modified_gmt":"2022-01-25T16:56:00","slug":"la-onu-pidio-la-liberacion-inmediata-del-presidente-de-burkina-faso","status":"publish","type":"post","link":"http:\/\/cordobadirecto.com\/index.php\/2022\/01\/25\/la-onu-pidio-la-liberacion-inmediata-del-presidente-de-burkina-faso\/","title":{"rendered":"La ONU pidi\u00f3 la &#8220;liberaci\u00f3n inmediata&#8221; del presidente de Burkina Faso"},"content":{"rendered":"<figure class=\"mb-3\"><img loading=\"lazy\" src=\"http:\/\/cordobadirecto.com\/wp-content\/uploads\/2022\/01\/la-onu-pidio-la-liberacion-inmediata-del-presidente-de-burkina-faso.jpg\" width=\"100%\" height=\"100%\" alt=\"El paradero del expresidente Kabor sigue siendo una incgnita\"><figcaption> El paradero del expresidente Kabor\u00e9 sigue siendo una inc\u00f3gnita <\/figcaption><\/figure>\n<p>Cientos de personas se manifestaron este martes en las calles de la capital de Burkina Faso para respaldar a los militares que el lunes derrocaron al presidente Roch Marc Christian Kabor\u00e9, cuya &#8220;liberaci\u00f3n inmediata&#8221; reclam\u00f3 la ONU.<\/p>\n<p><strong>&#8220;Pedimos en varias ocasiones la retirada del presidente Kabor\u00e9, que desoy\u00f3 el llamado. El Ej\u00e9rcito nos ha o\u00eddo y nos ha comprendido&#8221;,<\/strong> celebr\u00f3 Lassane Ouedraogo, un manifestante de 43 a\u00f1os y activista de la sociedad civil.<\/p>\n<p><a href=\"https:\/\/www.telam.com.ar\/notas\/202201\/581756-militares-detencion-presidente-burkina-faso.html\" target=\"_blank\" rel=\"noopener\">El lunes a la noche, los militares de Burkina Faso anunciaron por televisi\u00f3n que tomaron el poder <\/a>tras criticar al presidente por su fracaso para contener el auge del yihadismo en el pa\u00eds.&nbsp;<\/p>\n<p>Aparte de la manifestaci\u00f3n, la situaci\u00f3n parec\u00eda volver a la calma hoy en la capital, Uagadug\u00fa, tras d\u00edas de tensi\u00f3n.<\/p>\n<p>El gran mercado, los comercios y las estaciones de servicio estaban abiertos y no hab\u00eda una presencia militar especialmente importante en el centro de la ciudad, inform\u00f3 la agencia de noticias AFP.&nbsp;<\/p>\n<p><strong>El paradero del expresidente Kabor\u00e9 sigue hoy siendo una inc\u00f3gnita, y no se sabe si estaba detenido o en un lugar seguro con algunos de sus allegados.<\/strong><\/p>\n<p><strong>La televisi\u00f3n nacional (RTB) public\u00f3 el lunes a la noche en las redes sociales una carta de dimisi\u00f3n manuscrita atribuida a Kabor\u00e9, que no fue posible de autentificar. <\/strong>En ella, dice que la renuncia fue en nombre &#8220;del inter\u00e9s superior de la naci\u00f3n&#8221;.&nbsp;<\/p>\n<p>Seg\u00fan RTB, la misiva fue transmitida directamente por los golpistas, sin que se sepa si fue escrita por el propio Kabor\u00e9, ni en qu\u00e9 condiciones.<\/p>\n<p>La misma incertidumbre planeaba en torno al primer ministro Lassina Zerbo y otros responsables del depuesto Gobierno.<\/p>\n<p><strong>Burkina Faso sufri\u00f3 varios intentos de golpe de Estado<\/strong>. En la vecina Mal\u00ed, donde comenz\u00f3 la insurgencia yihadista, los militares derrocaron en 2020 a un Gobierno civil.<\/p>\n<p>El alzamiento suscit\u00f3 preocupaci\u00f3n en la comunidad internacional.<\/p>\n<p><strong>El Alto Comisionado de la ONU para los Derechos Humanos reclam\u00f3 la &#8220;liberaci\u00f3n inmediata&#8221; de Kabor\u00e9<\/strong>, despu\u00e9s de que lo hicieran Estados Unidos y la Uni\u00f3n Europea (UE).<\/p>\n<blockquote class=\"twitter-tweet\" readability=\"8.5541795665635\">\n<p lang=\"en\" dir=\"ltr\">I am following developments in Burkina Faso with deep concern &amp; strongly condemn any attempt to take over a government by the force of arms.<\/p>\n<p>Coup leaders must lay down their arms &amp; ensure the safety of the President and the protection of the country\u2019s institutions.<\/p>\n<p>\u2014 Ant\u00f3nio Guterres (@antonioguterres) <a href=\"https:\/\/twitter.com\/antonioguterres\/status\/1485740562993065988?ref_src=twsrc%5Etfw\">January 24, 2022<\/a><\/p><\/blockquote>\n<p>Tambi\u00e9n la organizaci\u00f3n regional G5 Sahel (Mauritania, Mal\u00ed, N\u00edger y Chad, adem\u00e1s de Burkina Faso) se dijo &#8220;muy preocupada por los acontecimientos pol\u00edticos y militares acontecidos&#8221;.<\/p>\n<p>&#8220;Pedimos a los militares que liberen inmediatamente al presidente y a los otros altos cargos detenidos&#8221;, declar\u00f3 la vocera Ravina Shamdasani en una conferencia de prensa en Ginebra.<\/p>\n<p><strong>Los militares dijeron el lunes que el Movimiento Patri\u00f3tico de Salvaguardia y Restauraci\u00f3n trabajar\u00e1 para establecer un calendario \u201caceptable para todos\u201d para la celebraci\u00f3n de nuevas elecciones<\/strong>, sin dar m\u00e1s detalles.<\/p>\n<p><strong>El mot\u00edn militar comenz\u00f3 a la 1 del domingo<\/strong> (las 22 del s\u00e1bado en la Argentina) en varios destacamentos del pa\u00eds para exigir la renuncia de los jefes del Ej\u00e9rcito as\u00ed como &#8220;medios adecuados&#8221; para luchar contra los yihadistas, activos desde 2015.<\/p>\n<p>Autom\u00e1ticamente, el Gobierno rechaz\u00f3 los rumores sobre un golpe militar y decret\u00f3 un toque de queda por tiempo indefinido desde anoche.<\/p>\n<p><strong>Los amotinados aseguraron que no buscaban tomar el poder sino que exig\u00edan m\u00e1s medios y el cese inmediato de la c\u00fapula de la Agencia Nacional de Inteligencia<\/strong> por su incapacidad en la lucha contra los islamistas radicales que azotan desde hace a\u00f1os al pa\u00eds.<\/p>\n<p>El pa\u00eds africano experiment\u00f3 un aumento significativo de los ataques yihadistas desde 2015, obra tanto de la filial local de Al Qaeda como de la del Estado Isl\u00e1mico en la regi\u00f3n, que tambi\u00e9n contribuyeron a aumentar la violencia intercomunitaria y al florecimiento de los grupos de autodefensa.<\/p>\n<p><strong>Kabor\u00e9, en el poder desde 2015 y reelegido cinco a\u00f1os despu\u00e9s con la promesa de convertir en prioridad la lucha contra los islamistas radicales<\/strong>, es cada vez m\u00e1s criticado por la poblaci\u00f3n, cansada de la violencia yihadista y de su incapacidad para afrontarla.<\/p>\n","protected":false},"excerpt":{"rendered":"<p>El paradero del expresidente Kabor\u00e9 sigue siendo una inc\u00f3gnita Cientos de personas se manifestaron este martes en las calles de la capital de Burkina Faso para respaldar a los militares que el lunes derrocaron al presidente Roch Marc Christian Kabor\u00e9, cuya &#8220;liberaci\u00f3n inmediata&#8221; reclam\u00f3 la ONU. &#8220;Pedimos en varias ocasiones la retirada del presidente Kabor\u00e9, [&hellip;]<\/p>\n","protected":false},"author":1,"featured_media":41022,"comment_status":"closed","ping_status":"closed","sticky":false,"template":"","format":"standard","meta":[],"categories":[24],"tags":[],"_links":{"self":[{"href":"http:\/\/cordobadirecto.com\/index.php\/wp-json\/wp\/v2\/posts\/41021"}],"collection":[{"href":"http:\/\/cordobadirecto.com\/index.php\/wp-json\/wp\/v2\/posts"}],"about":[{"href":"http:\/\/cordobadirecto.com\/index.php\/wp-json\/wp\/v2\/types\/post"}],"author":[{"embeddable":true,"href":"http:\/\/cordobadirecto.com\/index.php\/wp-json\/wp\/v2\/users\/1"}],"replies":[{"embeddable":true,"href":"http:\/\/cordobadirecto.com\/index.php\/wp-json\/wp\/v2\/comments?post=41021"}],"version-history":[{"count":0,"href":"http:\/\/cordobadirecto.com\/index.php\/wp-json\/wp\/v2\/posts\/41021\/revisions"}],"wp:featuredmedia":[{"embeddable":true,"href":"http:\/\/cordobadirecto.com\/index.php\/wp-json\/wp\/v2\/media\/41022"}],"wp:attachment":[{"href":"http:\/\/cordobadirecto.com\/index.php\/wp-json\/wp\/v2\/media?parent=41021"}],"wp:term":[{"taxonomy":"category","embeddable":true,"href":"http:\/\/cordobadirecto.com\/index.php\/wp-json\/wp\/v2\/categories?post=41021"},{"taxonomy":"post_tag","embeddable":true,"href":"http:\/\/cordobadirecto.com\/index.php\/wp-json\/wp\/v2\/tags?post=41021"}],"curies":[{"name":"wp","href":"https:\/\/api.w.org\/{rel}","templated":true}]}}