{"id":41035,"date":"2022-01-25T17:54:30","date_gmt":"2022-01-25T17:54:30","guid":{"rendered":"https:\/\/cordoba.gob.ar\/?p=19679"},"modified":"2022-01-25T17:54:30","modified_gmt":"2022-01-25T17:54:30","slug":"llaryora-acompano-a-schiaretti-en-la-presentacion-del-parque-general-juan-bautista-bustos","status":"publish","type":"post","link":"http:\/\/cordobadirecto.com\/index.php\/2022\/01\/25\/llaryora-acompano-a-schiaretti-en-la-presentacion-del-parque-general-juan-bautista-bustos\/","title":{"rendered":"Llaryora acompa\u00f1\u00f3 a Schiaretti en la presentaci\u00f3n del Parque \u201cGeneral Juan Bautista Bustos\u201d"},"content":{"rendered":"<div><img src=\"http:\/\/cordobadirecto.com\/wp-content\/uploads\/2022\/01\/llaryora-acompano-a-schiaretti-en-la-presentacion-del-parque-general-juan-bautista-bustos.jpg\" class=\"ff-og-image-inserted\"><\/div>\n<ul>\n<li><strong>Se trata de un nuevo espacio verde de 8 hect\u00e1reas, que se ubicar\u00e1 en la zona noroeste de la ciudad.<\/strong><\/li>\n<li><strong>Estar\u00e1 junto a la Av. Circunvalaci\u00f3n, a metros del Parque del Kempes y frente al Parque del Chateau.<\/strong><\/li>\n<\/ul>\n<hr>\n<p>El gobernador Juan Schiaretti, acompa\u00f1ado por el intendente Mart\u00edn Llaryora, present\u00f3 el proyecto del Nuevo Parque \u201cGeneral Juan Bautista Bustos\u201d, que se construir\u00e1 en homenaje al primer gobernador de C\u00f3rdoba.<\/p>\n<p>Este nuevo espacio de 8 hect\u00e1reas estar\u00e1 ubicado entre el anillo de Circunvalaci\u00f3n y la costa del R\u00edo Suqu\u00eda, cercano a los Parques Kempes y Del Chateau.<\/p>\n<p><em>\u201cHablar de un nuevo parque tiene que ver con el redise\u00f1o de un nuevo paradigma. En nuestra gesti\u00f3n ya plantamos 30 mil \u00e1rboles, C\u00f3rdoba era una de las ciudades de menos&nbsp; metros cuadrados verdes por habitante y&nbsp; sabemos que los nuevos conceptos de las ciudades tienen que ver con la posibilidad de la mejora del ambiente, la ocupaci\u00f3n de m\u00e1s espacios verdes y la mejora de la movilidad de los vecinos\u201d<\/em>, manifest\u00f3 el intendente.<\/p>\n<p>El futuro parque ser\u00e1 un espacio natural rodeado de \u00e1rboles y zonas abiertas, donde se recuperar\u00e1 un bosque nativo existente, junto a un gran jard\u00edn que ser\u00e1 coronado por el monumento homenaje al General Bustos.<\/p>\n<p>Adem\u00e1s, habr\u00e1 senderos amplios para recorrer zonas con distintos relieves,&nbsp; zonas de juegos inclusivos para ni\u00f1os y espacios con equipamiento para realizar actividad f\u00edsica.<\/p>\n<p><em>\u201cMe alegro que este parque se realice cuando el intendente Llaryora est\u00e1 mejorando notablemente el Parque Sarmiento, que es una necesidad que hace d\u00e9cadas que tienen los cordobeses. Estas son oportunidades que les brindamos a los vecinos , para que puedan disfrutar de la naturaleza\u201d<\/em>, a\u00f1adi\u00f3 Schiaretti.<\/p>\n<p>Este espacio contar\u00e1 en su totalidad con iluminaci\u00f3n de sistema led, a la vez que los visitantes podr\u00e1n encontrarse con extensos lugares de estacionamiento y modernos ba\u00f1os ubicados en diferentes sectores del parque.<\/p>\n<p>Ser\u00e1 un nuevo pulm\u00f3n verde que, junto al Parque del Chateau y del Kempes sumar\u00e1n un total de 102 hect\u00e1reas en el sector Oeste de la ciudad, destinadas al disfrute de la naturaleza, la realizaci\u00f3n de actividades al aire libre, al deporte y esparcimiento de los vecinos de la ciudad.<\/p>\n<p><em>\u201cQuiero agradecer al Gobernador por la inversi\u00f3n en este parque p\u00fablico que va a ser para uso y disfrute&nbsp; de todos los vecinos, pero que tambi\u00e9n permite&nbsp; a C\u00f3rdoba posicionarse como una de las mejores ciudades donde vivir y donde nuestros vecinos puedan tener parques urbanos de excelente calidad\u201d<\/em>, finaliz\u00f3 Llaryora.<\/p>\n","protected":false},"excerpt":{"rendered":"<p>Se trata de un nuevo espacio verde de 8 hect\u00e1reas, que se ubicar\u00e1 en la zona noroeste de la ciudad. Estar\u00e1 junto a la Av. Circunvalaci\u00f3n, a metros del Parque del Kempes y frente al Parque del Chateau. El gobernador Juan Schiaretti, acompa\u00f1ado por el intendente Mart\u00edn Llaryora, present\u00f3 el proyecto del Nuevo Parque \u201cGeneral [&hellip;]<\/p>\n","protected":false},"author":1,"featured_media":41036,"comment_status":"closed","ping_status":"closed","sticky":false,"template":"","format":"standard","meta":[],"categories":[44],"tags":[],"_links":{"self":[{"href":"http:\/\/cordobadirecto.com\/index.php\/wp-json\/wp\/v2\/posts\/41035"}],"collection":[{"href":"http:\/\/cordobadirecto.com\/index.php\/wp-json\/wp\/v2\/posts"}],"about":[{"href":"http:\/\/cordobadirecto.com\/index.php\/wp-json\/wp\/v2\/types\/post"}],"author":[{"embeddable":true,"href":"http:\/\/cordobadirecto.com\/index.php\/wp-json\/wp\/v2\/users\/1"}],"replies":[{"embeddable":true,"href":"http:\/\/cordobadirecto.com\/index.php\/wp-json\/wp\/v2\/comments?post=41035"}],"version-history":[{"count":0,"href":"http:\/\/cordobadirecto.com\/index.php\/wp-json\/wp\/v2\/posts\/41035\/revisions"}],"wp:featuredmedia":[{"embeddable":true,"href":"http:\/\/cordobadirecto.com\/index.php\/wp-json\/wp\/v2\/media\/41036"}],"wp:attachment":[{"href":"http:\/\/cordobadirecto.com\/index.php\/wp-json\/wp\/v2\/media?parent=41035"}],"wp:term":[{"taxonomy":"category","embeddable":true,"href":"http:\/\/cordobadirecto.com\/index.php\/wp-json\/wp\/v2\/categories?post=41035"},{"taxonomy":"post_tag","embeddable":true,"href":"http:\/\/cordobadirecto.com\/index.php\/wp-json\/wp\/v2\/tags?post=41035"}],"curies":[{"name":"wp","href":"https:\/\/api.w.org\/{rel}","templated":true}]}}