{"id":41041,"date":"2022-01-26T12:13:00","date_gmt":"2022-01-26T12:13:00","guid":{"rendered":"http:\/\/cordobadirecto.com\/index.php\/2022\/01\/26\/tercer-dia-de-votaciones-en-el-parlamento-para-designar-al-proximo-presidente\/"},"modified":"2022-01-26T12:13:00","modified_gmt":"2022-01-26T12:13:00","slug":"tercer-dia-de-votaciones-en-el-parlamento-para-designar-al-proximo-presidente","status":"publish","type":"post","link":"http:\/\/cordobadirecto.com\/index.php\/2022\/01\/26\/tercer-dia-de-votaciones-en-el-parlamento-para-designar-al-proximo-presidente\/","title":{"rendered":"Tercer d\u00eda de votaciones en el Parlamento para designar al pr\u00f3ximo presidente"},"content":{"rendered":"<figure class=\"mb-3\"><img loading=\"lazy\" src=\"http:\/\/cordobadirecto.com\/wp-content\/uploads\/2022\/01\/tercer-dia-de-votaciones-en-el-parlamento-para-designar-al-proximo-presidente.jpg\" width=\"100%\" height=\"100%\" alt=\"Retomaron las votaciones para elegir al sucesor de Sergio Mattarella Foto AFP\"><figcaption> Retomaron las votaciones para elegir al sucesor de Sergio Mattarella. Foto: AFP. <\/figcaption><\/figure>\n<p>El Parlamento italiano retom\u00f3 este mi\u00e9rcoles las votaciones para elegir al sucesor de Sergio Mattarella en la Presidencia del pa\u00eds, luego de dos d\u00edas con mayor\u00eda de votos en blanco y mientras se intensifican las negociaciones entre las fuerzas pol\u00edticas para buscar un nombre compartido a partir de ma\u00f1ana, cuando el piso m\u00ednimo de apoyos baje de los dos tercios a la mayor\u00eda simple de los 1.009 grandes electores que participan de la elecci\u00f3n.<\/p>\n<p><strong>La sesi\u00f3n conjunta que re\u00fane a 6 senadores vitalicios de designaci\u00f3n presidencial, 321 senadores y 630 diputados elegidos en las elecciones de 2018 y 58 delegados enviados por las 20 regiones del pa\u00eds retom\u00f3 este mi\u00e9rcoles desde las 11 locales (7 de Argentina) la votaci\u00f3n que busca darle a Italia un nuevo jefe de Estado<\/strong> para los pr\u00f3ximos siete a\u00f1os con el menor impacto posible sobre el Ejecutivo que conduce el premier Mario Draghi.<\/p>\n<p>Con Mattarella en retirada y sin intenciones de ir por la reelecci\u00f3n ante el mandato que vence el 3 de febrero, la divisi\u00f3n del Parlamento en dos bloques casi iguales de centroderecha y centroizquieda dificult\u00f3 en las primeras dos votaciones la aparici\u00f3n de un nombre que pudiera llegar al piso de dos tercios, 673 votos, que requiere la Constituci\u00f3n para llegar a la Presidencia.<\/p>\n<p>En ese marco, los 672 votos en blanco de la primera jornada y los 527 de la segunda marcan que las negociaciones entre las distintas fuerzas siguen adelante con la esperanza de que a partir de la cuarta votaci\u00f3n de ma\u00f1ana, cuando el piso electoral baje a la mayor\u00eda simple de 505 votos, pueda aparecer el tan buscado &#8220;nombre compartido&#8221; que recoja los apoyos transversales necesarios para llegar al Palacio del Quirinal.<\/p>\n<p><strong>Desde la centroizquierda, el l\u00edder del Partido Democr\u00e1tico, Enrico Letta, grafic\u00f3 a \u00faltima hora del martes la preocupaci\u00f3n que empieza a aparecer por un horizonte a\u00fan vac\u00edo de candidatos firmes. &#8220;Encerr\u00e9monos a pan y agua hasta que lleguemos a una soluci\u00f3n compartida&#8221;.<\/strong><\/p>\n<p>Horas antes, Letta hab\u00eda considerado &#8220;respetables pero no votables&#8221; los tres nombres propuestos por la centroderecha: la exalcaldesa de Mil\u00e1n Letizia Moratti; el fil\u00f3sofo y exsenador Marcello Pera y el exjuez antimafia Carlo Nordio.<\/p>\n<p><strong>Luego, otras figuras de la centroizquierda se sumaron para reconocer que si bien la primera propuesta de la centroderecha fue &#8220;un paso adelante&#8221; son nombres sobre los que no se puede encontrar &#8220;un apoyo compartido&#8221;.<\/strong><\/p>\n<p>El rechazo del PD y aliados a los nombres de la centroderecha, esperable en este tramo de las negociaciones, tuvo como reacci\u00f3n espejo el veto expl\u00edcito de parte de la Liga y del Movimiento Cinco Estrellas, dos de las fuerzas con mayor cantidad de electores, a la candidatura del actual premier Mario Draghi, impulsada por sectores del PD.<\/p>\n<p>El argumento compartido por los l\u00edderes de las dos fuerzas, el expremier Giuseppe Conte y el senador Matteo Salvini, respectivamente, fue el mismo: que Draghi est\u00e1 haciendo demasiado bien su trabajo como para moverlo de la cabeza del Ejecutivo a la del Estado, de car\u00e1cter mucho m\u00e1s protocolar.<\/p>\n<p><strong>La estrategia del premier es tratar de mostrar un &#8220;perfil pol\u00edtico&#8221;, luego de a\u00f1os de ser considerado un t\u00e9cnico, como reclaman muchas de las fuerzas de centro y centroderecha.<\/strong><\/p>\n<p>Con dos grandes bloques de centroizquierda y centroderecha virtualmente empatados en torno a los 450 &#8220;grandes electores&#8221; cada uno, la clave pasar\u00e1 por ver c\u00f3mo las distintas fuerzas logran convencer a los cerca de 140 votantes de centro y de partidos peque\u00f1os que permanecen fuera del sistema de vetos cruzados de los partidos mayoritarios.<\/p>\n<p><strong>En las primeras dos votaciones, de manera inesperada y cuando a\u00fan no hay candidatos formales, el m\u00e1s votado fue el exjuez constitucional Paolo Maddalena con 36 votos el lunes y 39 el martes, todos del Grupo Mixto, una de las fuerzas que ser\u00e1 clave a partir de la cuarta votaci\u00f3n.<\/strong><\/p>\n<p>Mattarella, de 80 a\u00f1os y que rechaza la posibilidad de un segundo mandato, recibi\u00f3 el martes 39 apoyos, especialmente de parte de un sector del PD que busca convencerlo de que haga un &#8220;sacrificio&#8221; para continuar en el cargo al menos hasta las elecciones que, en marzo de 2023, renovar\u00e1n al Parlamento.<\/p>\n<p>Las votaciones, coordinadas por el presidente de la C\u00e1mara de Diputados, Roberto Fico, se har\u00e1n una por d\u00eda y se llama a los &#8220;grandes electores&#8221; en grupos de a 50 para evitar aglomeraciones. La votaci\u00f3n del lunes, en l\u00ednea con las previsiones, tom\u00f3 cinco horas y una hora extra para contar los votos.<\/p>\n<p>Otras fuerzas de centroizquierda como el Partido Democr\u00e1tico han instalado al fundador de la comunidad cat\u00f3lica de San Egidio, Andrea Riccardi, como &#8220;el perfil del presidente ideal&#8221;, aunque fuentes consultadas por T\u00e9lam plantean que podr\u00eda tratarse de un &#8220;candidato de bandera&#8221;, como se denomina a los nombres que se ponen en la mesa al inicio de las votaciones a modo de ejemplo pero con pocas posibilidades concretas.<\/p>\n<p>En las primeras horas de este mi\u00e9rcoles, fuentes parlamentarias plantearon a esta agencia la posibilidad de que desde la centroderecha se empiece a insistir con el nombre de la presidenta del Senado, Maria Elisabetta Alberti Casellati, quien busca ser la primera mujer jefa de Estado de Italia en la historia.<\/p>\n<p><strong>El nombre de Casellati podr\u00eda tener el apoyo de un sector del Cinco Estrellas, aunque otras vertientes de la centroizquierda ya han planteado su preferencia por otra dirigente de peso en el pa\u00eds, la ministra de Justicia, Marta Cartabia.<\/strong><\/p>\n","protected":false},"excerpt":{"rendered":"<p>Retomaron las votaciones para elegir al sucesor de Sergio Mattarella. Foto: AFP. El Parlamento italiano retom\u00f3 este mi\u00e9rcoles las votaciones para elegir al sucesor de Sergio Mattarella en la Presidencia del pa\u00eds, luego de dos d\u00edas con mayor\u00eda de votos en blanco y mientras se intensifican las negociaciones entre las fuerzas pol\u00edticas para buscar un [&hellip;]<\/p>\n","protected":false},"author":1,"featured_media":41042,"comment_status":"closed","ping_status":"closed","sticky":false,"template":"","format":"standard","meta":[],"categories":[24],"tags":[],"_links":{"self":[{"href":"http:\/\/cordobadirecto.com\/index.php\/wp-json\/wp\/v2\/posts\/41041"}],"collection":[{"href":"http:\/\/cordobadirecto.com\/index.php\/wp-json\/wp\/v2\/posts"}],"about":[{"href":"http:\/\/cordobadirecto.com\/index.php\/wp-json\/wp\/v2\/types\/post"}],"author":[{"embeddable":true,"href":"http:\/\/cordobadirecto.com\/index.php\/wp-json\/wp\/v2\/users\/1"}],"replies":[{"embeddable":true,"href":"http:\/\/cordobadirecto.com\/index.php\/wp-json\/wp\/v2\/comments?post=41041"}],"version-history":[{"count":0,"href":"http:\/\/cordobadirecto.com\/index.php\/wp-json\/wp\/v2\/posts\/41041\/revisions"}],"wp:featuredmedia":[{"embeddable":true,"href":"http:\/\/cordobadirecto.com\/index.php\/wp-json\/wp\/v2\/media\/41042"}],"wp:attachment":[{"href":"http:\/\/cordobadirecto.com\/index.php\/wp-json\/wp\/v2\/media?parent=41041"}],"wp:term":[{"taxonomy":"category","embeddable":true,"href":"http:\/\/cordobadirecto.com\/index.php\/wp-json\/wp\/v2\/categories?post=41041"},{"taxonomy":"post_tag","embeddable":true,"href":"http:\/\/cordobadirecto.com\/index.php\/wp-json\/wp\/v2\/tags?post=41041"}],"curies":[{"name":"wp","href":"https:\/\/api.w.org\/{rel}","templated":true}]}}