{"id":41185,"date":"2022-01-26T08:22:24","date_gmt":"2022-01-26T08:22:24","guid":{"rendered":"http:\/\/cordobadirecto.com\/index.php\/2022\/01\/26\/paulini-nuevo-director-industrial-de-la-planta-de-renault-en-cordoba-comercio-y-justicia\/"},"modified":"2022-01-26T08:22:24","modified_gmt":"2022-01-26T08:22:24","slug":"paulini-nuevo-director-industrial-de-la-planta-de-renault-en-cordoba-comercio-y-justicia","status":"publish","type":"post","link":"http:\/\/cordobadirecto.com\/index.php\/2022\/01\/26\/paulini-nuevo-director-industrial-de-la-planta-de-renault-en-cordoba-comercio-y-justicia\/","title":{"rendered":"Paulini, <b>nuevo<\/b> director Industrial de la planta de Renault en <b>C\u00f3rdoba<\/b> &#8211; Comercio y Justicia"},"content":{"rendered":"<p>Ingeniero industrial, egresado de la Universidad Cat\u00f3lica Argentina (UCA) y m\u00e1ster en Finanzas del CEMA, ocupar\u00e1 a partir del pr\u00f3ximo martes ese&nbsp;&#8230; <\/p>\n","protected":false},"excerpt":{"rendered":"<p>Ingeniero industrial, egresado de la Universidad Cat\u00f3lica Argentina (UCA) y m\u00e1ster en Finanzas del CEMA, ocupar\u00e1 a partir del pr\u00f3ximo martes ese&nbsp;&#8230;<\/p>\n","protected":false},"author":1,"featured_media":0,"comment_status":"closed","ping_status":"closed","sticky":false,"template":"","format":"standard","meta":[],"categories":[40],"tags":[],"_links":{"self":[{"href":"http:\/\/cordobadirecto.com\/index.php\/wp-json\/wp\/v2\/posts\/41185"}],"collection":[{"href":"http:\/\/cordobadirecto.com\/index.php\/wp-json\/wp\/v2\/posts"}],"about":[{"href":"http:\/\/cordobadirecto.com\/index.php\/wp-json\/wp\/v2\/types\/post"}],"author":[{"embeddable":true,"href":"http:\/\/cordobadirecto.com\/index.php\/wp-json\/wp\/v2\/users\/1"}],"replies":[{"embeddable":true,"href":"http:\/\/cordobadirecto.com\/index.php\/wp-json\/wp\/v2\/comments?post=41185"}],"version-history":[{"count":0,"href":"http:\/\/cordobadirecto.com\/index.php\/wp-json\/wp\/v2\/posts\/41185\/revisions"}],"wp:attachment":[{"href":"http:\/\/cordobadirecto.com\/index.php\/wp-json\/wp\/v2\/media?parent=41185"}],"wp:term":[{"taxonomy":"category","embeddable":true,"href":"http:\/\/cordobadirecto.com\/index.php\/wp-json\/wp\/v2\/categories?post=41185"},{"taxonomy":"post_tag","embeddable":true,"href":"http:\/\/cordobadirecto.com\/index.php\/wp-json\/wp\/v2\/tags?post=41185"}],"curies":[{"name":"wp","href":"https:\/\/api.w.org\/{rel}","templated":true}]}}