{"id":41212,"date":"2022-01-27T01:31:26","date_gmt":"2022-01-27T01:31:26","guid":{"rendered":"https:\/\/cordoba.gob.ar\/?p=19706"},"modified":"2022-01-27T01:31:26","modified_gmt":"2022-01-27T01:31:26","slug":"los-parques-educativos-ofrecen-actividades-gratuitas-para-disfrutar-el-verano-2022","status":"publish","type":"post","link":"http:\/\/cordobadirecto.com\/index.php\/2022\/01\/27\/los-parques-educativos-ofrecen-actividades-gratuitas-para-disfrutar-el-verano-2022\/","title":{"rendered":"Los Parques Educativos ofrecen actividades gratuitas para disfrutar el verano 2022"},"content":{"rendered":"<div><img src=\"http:\/\/cordobadirecto.com\/wp-content\/uploads\/2022\/01\/los-parques-educativos-ofrecen-actividades-gratuitas-para-disfrutar-el-verano-2022.jpg\" class=\"ff-og-image-inserted\"><\/div>\n<ul>\n<li><strong>Las propuestas se llevan a cabo de lunes a viernes.<\/strong><\/li>\n<li><strong>Est\u00e1n abiertas a toda la comunidad y son de acceso gratuito.<\/strong><\/li>\n<\/ul>\n<hr>\n<p>En el marco de la temporada de verano 2022, la Direcci\u00f3n de Parques Educativos dependiente de la Secretar\u00eda de Educaci\u00f3n de la Municipalidad, lleva adelante el programa \u201cEl Verano se vive en los Parques\u201d.<\/p>\n<p>Se trata de una oferta integral con actividades deportivas, recreativas y de formaci\u00f3n, para ni\u00f1os, j\u00f3venes, adultos y personas mayores en los cinco Parques Educativos de la ciudad.<\/p>\n<p>Las propuestas se llevan adelante junto a la Subsecretar\u00eda de Deportes y Recreaci\u00f3n municipal, la organizaci\u00f3n Scouts de Argentina, la colaboraci\u00f3n y participaci\u00f3n de organizaciones barriales, vecinos y vecinas.<\/p>\n<p>Para participar de las diferentes actividades, es necesario acercarse al Parque Educativo m\u00e1s pr\u00f3ximo a su domicilio y presentar la siguiente documentaci\u00f3n: fotocopia de DNI, fotocopia de CUS (vigente), Declaraci\u00f3n Jurada del Parque, revisaci\u00f3n m\u00e9dica para las actividades acu\u00e1ticas, y en el caso de los menores de edad es obligatorio presentar autorizaci\u00f3n de un mayor para realizar las actividades.<\/p>\n<p>A continuaci\u00f3n, se detalla la grilla de actividades verano 2022:<\/p>\n<p><a href=\"https:\/\/cordoba.gob.ar\/wp-content\/uploads\/2022\/01\/PARQUE-EDUCATIVO-NOROESTE.pdf\">PARQUE EDUCATIVO NOROESTE<\/a><br \/>E-mail: parqueeducativonoroeste@gmail.com<br \/>Tel\u00e9fono: 03543-403676<br \/>WhatsApp: 351 610-7010<\/p>\n<p><a href=\"https:\/\/cordoba.gob.ar\/wp-content\/uploads\/2022\/01\/PARQUE-EDUCATIVO-NORTE.pdf\">PARQUE EDUCATIVO NORTE<\/a><br \/>E-mail: parqueeducativonorte@gmail.com<br \/>Tel\u00e9fono: 0351 508-0938<\/p>\n<p><a href=\"https:\/\/cordoba.gob.ar\/wp-content\/uploads\/2022\/01\/PARQUE-EDUCATIVO-SUR.pdf\">PARQUE EDUCATIVO SUR<\/a><br \/>E-mail: parqueeducativosur@gmail.com<br \/>Tel\u00e9fono: 0351 493-9040<br \/>WhatsApp: 351 610-3114<\/p>\n<p><a href=\"https:\/\/cordoba.gob.ar\/wp-content\/uploads\/2022\/01\/PARQUE-EDUCATIVO-SURESTE.pdf\">PARQUE EDUCATIVO SURESTE<\/a><br \/>E-mail: parqueducativonido@gmail.com<br \/>Tel\u00e9fono: 351 233-9086<\/p>\n<p><a href=\"https:\/\/cordoba.gob.ar\/wp-content\/uploads\/2022\/01\/PARQUE-EDUCATIVO-ESTE.pdf\">PARQUE EDUCATIVO ESTE<\/a><br \/>E-mail: parqueste@gmail.com<br \/>Tel\u00e9fono: 351 508-0399<\/p>\n","protected":false},"excerpt":{"rendered":"<p>Las propuestas se llevan a cabo de lunes a viernes. Est\u00e1n abiertas a toda la comunidad y son de acceso gratuito. En el marco de la temporada de verano 2022, la Direcci\u00f3n de Parques Educativos dependiente de la Secretar\u00eda de Educaci\u00f3n de la Municipalidad, lleva adelante el programa \u201cEl Verano se vive en los Parques\u201d. [&hellip;]<\/p>\n","protected":false},"author":1,"featured_media":41213,"comment_status":"closed","ping_status":"closed","sticky":false,"template":"","format":"standard","meta":[],"categories":[44],"tags":[],"_links":{"self":[{"href":"http:\/\/cordobadirecto.com\/index.php\/wp-json\/wp\/v2\/posts\/41212"}],"collection":[{"href":"http:\/\/cordobadirecto.com\/index.php\/wp-json\/wp\/v2\/posts"}],"about":[{"href":"http:\/\/cordobadirecto.com\/index.php\/wp-json\/wp\/v2\/types\/post"}],"author":[{"embeddable":true,"href":"http:\/\/cordobadirecto.com\/index.php\/wp-json\/wp\/v2\/users\/1"}],"replies":[{"embeddable":true,"href":"http:\/\/cordobadirecto.com\/index.php\/wp-json\/wp\/v2\/comments?post=41212"}],"version-history":[{"count":0,"href":"http:\/\/cordobadirecto.com\/index.php\/wp-json\/wp\/v2\/posts\/41212\/revisions"}],"wp:featuredmedia":[{"embeddable":true,"href":"http:\/\/cordobadirecto.com\/index.php\/wp-json\/wp\/v2\/media\/41213"}],"wp:attachment":[{"href":"http:\/\/cordobadirecto.com\/index.php\/wp-json\/wp\/v2\/media?parent=41212"}],"wp:term":[{"taxonomy":"category","embeddable":true,"href":"http:\/\/cordobadirecto.com\/index.php\/wp-json\/wp\/v2\/categories?post=41212"},{"taxonomy":"post_tag","embeddable":true,"href":"http:\/\/cordobadirecto.com\/index.php\/wp-json\/wp\/v2\/tags?post=41212"}],"curies":[{"name":"wp","href":"https:\/\/api.w.org\/{rel}","templated":true}]}}